{"id":1018,"date":"2010-10-01T10:30:58","date_gmt":"2010-10-01T08:30:58","guid":{"rendered":"http:\/\/www.adryco.com\/?p=1018"},"modified":"2016-04-26T10:31:29","modified_gmt":"2016-04-26T08:31:29","slug":"asesoramiento-profesional-en-reforma-de-pisos","status":"publish","type":"post","link":"https:\/\/www.adryco.com\/?p=1018","title":{"rendered":"Asesoramiento profesional en reforma de pisos"},"content":{"rendered":"<p style=\"text-align: right;\" align=\"left\"><strong>Octubre de 2.010<\/strong><\/p>\n<p align=\"left\">Estimados amigas y amigos de Adryco \/ Reforma 3:<\/p>\n<p align=\"left\">Una vez m\u00e1s nos ponemos en contacto con vosotros para ofreceros algunas fotos de trabajos hechos por Adryco \/ Reforma 3.<\/p>\n<p align=\"left\">En tiempos de crisis como los que estamos viviendo, es m\u00e1s importante que nunca optimizar los recursos que se emplean para sacar el mejor partido de ellos. Adryco, siguiendo su habitual filosof\u00eda de negocio, ofrece asesoramiento profesional gratuito a todos sus clientes, siendo esta la mejor garant\u00eda de que su inversi\u00f3n se optimice maximizando la relaci\u00f3n calidad\/precio.<\/p>\n<p align=\"left\">Todo el equipo de Adryco\/Reforma3 est\u00e1 a vuestra disposici\u00f3n para resolver todas las cuestiones que os pudieran surgir y por supuesto para ofreceros el mejor servicio si os lanz\u00e1is a mejorar vuestra casa o negocio.<\/p>\n<p align=\"left\">Recibid un cordial saludo,<\/p>\n<p style=\"text-align: right;\" align=\"left\"><strong><img loading=\"lazy\" decoding=\"async\" class=\"aligncenter size-full wp-image-1020\" src=\"http:\/\/www.adryco.com\/wp-content\/uploads\/2016\/04\/bano920px.jpg\" alt=\"Dise\u00f1o de ba\u00f1o con mueble a medida\" width=\"900\" height=\"1120\" srcset=\"https:\/\/www.adryco.com\/wp-content\/uploads\/2016\/04\/bano920px.jpg 900w, https:\/\/www.adryco.com\/wp-content\/uploads\/2016\/04\/bano920px-241x300.jpg 241w, https:\/\/www.adryco.com\/wp-content\/uploads\/2016\/04\/bano920px-768x956.jpg 768w, https:\/\/www.adryco.com\/wp-content\/uploads\/2016\/04\/bano920px-823x1024.jpg 823w\" sizes=\"auto, (max-width: 900px) 100vw, 900px\" \/><\/strong><\/p>\n<p style=\"text-align: right;\" align=\"left\"><strong> <img loading=\"lazy\" decoding=\"async\" class=\"aligncenter size-full wp-image-1021\" src=\"http:\/\/www.adryco.com\/wp-content\/uploads\/2016\/04\/cocina920px.jpg\" alt=\"Reforma de cocina con mueble sacado en blanco\" width=\"900\" height=\"1120\" srcset=\"https:\/\/www.adryco.com\/wp-content\/uploads\/2016\/04\/cocina920px.jpg 900w, https:\/\/www.adryco.com\/wp-content\/uploads\/2016\/04\/cocina920px-241x300.jpg 241w, https:\/\/www.adryco.com\/wp-content\/uploads\/2016\/04\/cocina920px-768x956.jpg 768w, https:\/\/www.adryco.com\/wp-content\/uploads\/2016\/04\/cocina920px-823x1024.jpg 823w\" sizes=\"auto, (max-width: 900px) 100vw, 900px\" \/><\/strong><\/p>\n<p style=\"text-align: right;\" align=\"left\"><strong> <img loading=\"lazy\" decoding=\"async\" class=\"aligncenter size-full wp-image-1022\" src=\"http:\/\/www.adryco.com\/wp-content\/uploads\/2016\/04\/salon920px.jpg\" alt=\"Reforma de sal\u00f3n con librer\u00eda de madera a medida\" width=\"900\" height=\"1120\" srcset=\"https:\/\/www.adryco.com\/wp-content\/uploads\/2016\/04\/salon920px.jpg 900w, https:\/\/www.adryco.com\/wp-content\/uploads\/2016\/04\/salon920px-241x300.jpg 241w, https:\/\/www.adryco.com\/wp-content\/uploads\/2016\/04\/salon920px-768x956.jpg 768w, https:\/\/www.adryco.com\/wp-content\/uploads\/2016\/04\/salon920px-823x1024.jpg 823w\" sizes=\"auto, (max-width: 900px) 100vw, 900px\" \/><\/strong><\/p>\n","protected":false},"excerpt":{"rendered":"<p>Octubre de 2.010 Estimados amigas y amigos de Adryco \/ Reforma 3: Una vez m\u00e1s nos ponemos en contacto con vosotros para ofreceros algunas fotos de trabajos hechos por Adryco \/ Reforma 3. En tiempos de crisis como los que estamos viviendo, es m\u00e1s importante que nunca optimizar los recursos que se emplean para sacar [&hellip;]<\/p>\n","protected":false},"author":1,"featured_media":0,"comment_status":"open","ping_status":"open","sticky":false,"template":"","format":"standard","meta":{"_monsterinsights_skip_tracking":false,"_monsterinsights_sitenote_active":false,"_monsterinsights_sitenote_note":"","_monsterinsights_sitenote_category":0,"footnotes":""},"categories":[3],"tags":[],"class_list":{"0":"post-1018","1":"post","2":"type-post","3":"status-publish","4":"format-standard","6":"category-ideas-para-tu-reforma","7":"entry","8":"has-post-thumbnail"},"yoast_head":"<!-- This site is optimized with the Yoast SEO plugin v26.6 - https:\/\/yoast.com\/wordpress\/plugins\/seo\/ -->\n<title>Asesoramiento profesional en reforma de pisos - Reforma 3<\/title>\n<meta name=\"description\" content=\"Asesoramiento profesional gratuito en la reforma de tu piso o negocio.\" \/>\n<meta name=\"robots\" content=\"index, follow, max-snippet:-1, max-image-preview:large, max-video-preview:-1\" \/>\n<link rel=\"canonical\" href=\"https:\/\/www.adryco.com\/?p=1018\" \/>\n<meta property=\"og:locale\" content=\"en_US\" \/>\n<meta property=\"og:type\" content=\"article\" \/>\n<meta property=\"og:title\" content=\"Asesoramiento profesional en reforma de pisos - Reforma 3\" \/>\n<meta property=\"og:description\" content=\"Asesoramiento profesional gratuito en la reforma de tu piso o negocio.\" \/>\n<meta property=\"og:url\" content=\"https:\/\/www.adryco.com\/?p=1018\" \/>\n<meta property=\"og:site_name\" content=\"Reforma 3\" \/>\n<meta property=\"article:published_time\" content=\"2010-10-01T08:30:58+00:00\" \/>\n<meta property=\"article:modified_time\" content=\"2016-04-26T08:31:29+00:00\" \/>\n<meta property=\"og:image\" content=\"http:\/\/www.adryco.com\/wp-content\/uploads\/2016\/04\/bano920px.jpg\" \/>\n<meta name=\"author\" content=\"Reforma3\" \/>\n<meta name=\"twitter:card\" content=\"summary_large_image\" \/>\n<meta name=\"twitter:label1\" content=\"Written by\" \/>\n\t<meta name=\"twitter:data1\" content=\"Reforma3\" \/>\n\t<meta name=\"twitter:label2\" content=\"Est. reading time\" \/>\n\t<meta name=\"twitter:data2\" content=\"1 minute\" \/>\n<script type=\"application\/ld+json\" class=\"yoast-schema-graph\">{\"@context\":\"https:\/\/schema.org\",\"@graph\":[{\"@type\":\"WebPage\",\"@id\":\"https:\/\/www.adryco.com\/?p=1018\",\"url\":\"https:\/\/www.adryco.com\/?p=1018\",\"name\":\"Asesoramiento profesional en reforma de pisos - Reforma 3\",\"isPartOf\":{\"@id\":\"https:\/\/www.adryco.com\/#website\"},\"primaryImageOfPage\":{\"@id\":\"https:\/\/www.adryco.com\/?p=1018#primaryimage\"},\"image\":{\"@id\":\"https:\/\/www.adryco.com\/?p=1018#primaryimage\"},\"thumbnailUrl\":\"http:\/\/www.adryco.com\/wp-content\/uploads\/2016\/04\/bano920px.jpg\",\"datePublished\":\"2010-10-01T08:30:58+00:00\",\"dateModified\":\"2016-04-26T08:31:29+00:00\",\"author\":{\"@id\":\"https:\/\/www.adryco.com\/#\/schema\/person\/3c77fbe6f15c85a33638d67b3f9396ac\"},\"description\":\"Asesoramiento profesional gratuito en la reforma de tu piso o negocio.\",\"breadcrumb\":{\"@id\":\"https:\/\/www.adryco.com\/?p=1018#breadcrumb\"},\"inLanguage\":\"en-US\",\"potentialAction\":[{\"@type\":\"ReadAction\",\"target\":[\"https:\/\/www.adryco.com\/?p=1018\"]}]},{\"@type\":\"ImageObject\",\"inLanguage\":\"en-US\",\"@id\":\"https:\/\/www.adryco.com\/?p=1018#primaryimage\",\"url\":\"https:\/\/www.adryco.com\/wp-content\/uploads\/2016\/04\/bano920px.jpg\",\"contentUrl\":\"https:\/\/www.adryco.com\/wp-content\/uploads\/2016\/04\/bano920px.jpg\",\"width\":900,\"height\":1120,\"caption\":\"Dise\u00f1o de ba\u00f1o con mueble a medida\"},{\"@type\":\"BreadcrumbList\",\"@id\":\"https:\/\/www.adryco.com\/?p=1018#breadcrumb\",\"itemListElement\":[{\"@type\":\"ListItem\",\"position\":1,\"name\":\"Home\",\"item\":\"https:\/\/www.adryco.com\/\"},{\"@type\":\"ListItem\",\"position\":2,\"name\":\"Asesoramiento profesional en reforma de pisos\"}]},{\"@type\":\"WebSite\",\"@id\":\"https:\/\/www.adryco.com\/#website\",\"url\":\"https:\/\/www.adryco.com\/\",\"name\":\"Reforma 3\",\"description\":\"Reformas integrales de calidad\",\"potentialAction\":[{\"@type\":\"SearchAction\",\"target\":{\"@type\":\"EntryPoint\",\"urlTemplate\":\"https:\/\/www.adryco.com\/?s={search_term_string}\"},\"query-input\":{\"@type\":\"PropertyValueSpecification\",\"valueRequired\":true,\"valueName\":\"search_term_string\"}}],\"inLanguage\":\"en-US\"},{\"@type\":\"Person\",\"@id\":\"https:\/\/www.adryco.com\/#\/schema\/person\/3c77fbe6f15c85a33638d67b3f9396ac\",\"name\":\"Reforma3\",\"image\":{\"@type\":\"ImageObject\",\"inLanguage\":\"en-US\",\"@id\":\"https:\/\/www.adryco.com\/#\/schema\/person\/image\/\",\"url\":\"https:\/\/secure.gravatar.com\/avatar\/a348d475982855086635727202970dd01829aac6a683f18f180c8e305fc2118e?s=96&d=mm&r=g\",\"contentUrl\":\"https:\/\/secure.gravatar.com\/avatar\/a348d475982855086635727202970dd01829aac6a683f18f180c8e305fc2118e?s=96&d=mm&r=g\",\"caption\":\"Reforma3\"},\"url\":\"https:\/\/www.adryco.com\/?author=1\"}]}<\/script>\n<!-- \/ Yoast SEO plugin. -->","yoast_head_json":{"title":"Asesoramiento profesional en reforma de pisos - Reforma 3","description":"Asesoramiento profesional gratuito en la reforma de tu piso o negocio.","robots":{"index":"index","follow":"follow","max-snippet":"max-snippet:-1","max-image-preview":"max-image-preview:large","max-video-preview":"max-video-preview:-1"},"canonical":"https:\/\/www.adryco.com\/?p=1018","og_locale":"en_US","og_type":"article","og_title":"Asesoramiento profesional en reforma de pisos - Reforma 3","og_description":"Asesoramiento profesional gratuito en la reforma de tu piso o negocio.","og_url":"https:\/\/www.adryco.com\/?p=1018","og_site_name":"Reforma 3","article_published_time":"2010-10-01T08:30:58+00:00","article_modified_time":"2016-04-26T08:31:29+00:00","og_image":[{"url":"http:\/\/www.adryco.com\/wp-content\/uploads\/2016\/04\/bano920px.jpg","type":"","width":"","height":""}],"author":"Reforma3","twitter_card":"summary_large_image","twitter_misc":{"Written by":"Reforma3","Est. reading time":"1 minute"},"schema":{"@context":"https:\/\/schema.org","@graph":[{"@type":"WebPage","@id":"https:\/\/www.adryco.com\/?p=1018","url":"https:\/\/www.adryco.com\/?p=1018","name":"Asesoramiento profesional en reforma de pisos - Reforma 3","isPartOf":{"@id":"https:\/\/www.adryco.com\/#website"},"primaryImageOfPage":{"@id":"https:\/\/www.adryco.com\/?p=1018#primaryimage"},"image":{"@id":"https:\/\/www.adryco.com\/?p=1018#primaryimage"},"thumbnailUrl":"http:\/\/www.adryco.com\/wp-content\/uploads\/2016\/04\/bano920px.jpg","datePublished":"2010-10-01T08:30:58+00:00","dateModified":"2016-04-26T08:31:29+00:00","author":{"@id":"https:\/\/www.adryco.com\/#\/schema\/person\/3c77fbe6f15c85a33638d67b3f9396ac"},"description":"Asesoramiento profesional gratuito en la reforma de tu piso o negocio.","breadcrumb":{"@id":"https:\/\/www.adryco.com\/?p=1018#breadcrumb"},"inLanguage":"en-US","potentialAction":[{"@type":"ReadAction","target":["https:\/\/www.adryco.com\/?p=1018"]}]},{"@type":"ImageObject","inLanguage":"en-US","@id":"https:\/\/www.adryco.com\/?p=1018#primaryimage","url":"https:\/\/www.adryco.com\/wp-content\/uploads\/2016\/04\/bano920px.jpg","contentUrl":"https:\/\/www.adryco.com\/wp-content\/uploads\/2016\/04\/bano920px.jpg","width":900,"height":1120,"caption":"Dise\u00f1o de ba\u00f1o con mueble a medida"},{"@type":"BreadcrumbList","@id":"https:\/\/www.adryco.com\/?p=1018#breadcrumb","itemListElement":[{"@type":"ListItem","position":1,"name":"Home","item":"https:\/\/www.adryco.com\/"},{"@type":"ListItem","position":2,"name":"Asesoramiento profesional en reforma de pisos"}]},{"@type":"WebSite","@id":"https:\/\/www.adryco.com\/#website","url":"https:\/\/www.adryco.com\/","name":"Reforma 3","description":"Reformas integrales de calidad","potentialAction":[{"@type":"SearchAction","target":{"@type":"EntryPoint","urlTemplate":"https:\/\/www.adryco.com\/?s={search_term_string}"},"query-input":{"@type":"PropertyValueSpecification","valueRequired":true,"valueName":"search_term_string"}}],"inLanguage":"en-US"},{"@type":"Person","@id":"https:\/\/www.adryco.com\/#\/schema\/person\/3c77fbe6f15c85a33638d67b3f9396ac","name":"Reforma3","image":{"@type":"ImageObject","inLanguage":"en-US","@id":"https:\/\/www.adryco.com\/#\/schema\/person\/image\/","url":"https:\/\/secure.gravatar.com\/avatar\/a348d475982855086635727202970dd01829aac6a683f18f180c8e305fc2118e?s=96&d=mm&r=g","contentUrl":"https:\/\/secure.gravatar.com\/avatar\/a348d475982855086635727202970dd01829aac6a683f18f180c8e305fc2118e?s=96&d=mm&r=g","caption":"Reforma3"},"url":"https:\/\/www.adryco.com\/?author=1"}]}},"_links":{"self":[{"href":"https:\/\/www.adryco.com\/index.php?rest_route=\/wp\/v2\/posts\/1018","targetHints":{"allow":["GET"]}}],"collection":[{"href":"https:\/\/www.adryco.com\/index.php?rest_route=\/wp\/v2\/posts"}],"about":[{"href":"https:\/\/www.adryco.com\/index.php?rest_route=\/wp\/v2\/types\/post"}],"author":[{"embeddable":true,"href":"https:\/\/www.adryco.com\/index.php?rest_route=\/wp\/v2\/users\/1"}],"replies":[{"embeddable":true,"href":"https:\/\/www.adryco.com\/index.php?rest_route=%2Fwp%2Fv2%2Fcomments&post=1018"}],"version-history":[{"count":3,"href":"https:\/\/www.adryco.com\/index.php?rest_route=\/wp\/v2\/posts\/1018\/revisions"}],"predecessor-version":[{"id":1024,"href":"https:\/\/www.adryco.com\/index.php?rest_route=\/wp\/v2\/posts\/1018\/revisions\/1024"}],"wp:attachment":[{"href":"https:\/\/www.adryco.com\/index.php?rest_route=%2Fwp%2Fv2%2Fmedia&parent=1018"}],"wp:term":[{"taxonomy":"category","embeddable":true,"href":"https:\/\/www.adryco.com\/index.php?rest_route=%2Fwp%2Fv2%2Fcategories&post=1018"},{"taxonomy":"post_tag","embeddable":true,"href":"https:\/\/www.adryco.com\/index.php?rest_route=%2Fwp%2Fv2%2Ftags&post=1018"}],"curies":[{"name":"wp","href":"https:\/\/api.w.org\/{rel}","templated":true}]}}