{"id":1025,"date":"2012-02-09T10:15:07","date_gmt":"2012-02-09T09:15:07","guid":{"rendered":"http:\/\/www.adryco.com\/?p=1025"},"modified":"2016-05-09T10:15:40","modified_gmt":"2016-05-09T08:15:40","slug":"reforma-de-salon-con-libreria-a-medida-de-pladur","status":"publish","type":"post","link":"https:\/\/www.adryco.com\/?p=1025","title":{"rendered":"Reforma de sal\u00f3n con librer\u00eda a medida de Pladur"},"content":{"rendered":"<p style=\"text-align: right;\"><strong>Febrero de 2.012<\/strong><\/p>\n<p>Os ofrecemos en esta ocasi\u00f3n una secuencia de fotos del antes y el despu\u00e9s de la reforma de un sal\u00f3n.<\/p>\n<p>El elemento principal es una librer\u00eda de Pladur realizada totalmente a medida en la que cada detalle est\u00e1 perfectamente estudiado ajustando a las necesidades del cliente, tanto lo que est\u00e1 a la vista como las instalaciones interiores necesarias para los equipos.<\/p>\n<p>La iluminaci\u00f3n indirecta a base de tiras led le da un aire muy c\u00e1lido a la estancia potenciando aun m\u00e1s el protagonismo de la librer\u00eda como elemento principal del sal\u00f3n.<\/p>\n<p>Esperamos que os guste.<\/p>\n<p>&nbsp;<\/p>\n<p><a href=\"http:\/\/www.adryco.com\/wp-content\/uploads\/2016\/04\/libreria920px.jpg\"><img loading=\"lazy\" decoding=\"async\" class=\"aligncenter wp-image-1028 size-full\" src=\"http:\/\/www.adryco.com\/wp-content\/uploads\/2016\/04\/libreria920px.jpg\" alt=\"Reforma de sal\u00f3n con librer\u00eda a medida en Pladur\" width=\"920\" height=\"1928\" srcset=\"https:\/\/www.adryco.com\/wp-content\/uploads\/2016\/04\/libreria920px.jpg 920w, https:\/\/www.adryco.com\/wp-content\/uploads\/2016\/04\/libreria920px-143x300.jpg 143w, https:\/\/www.adryco.com\/wp-content\/uploads\/2016\/04\/libreria920px-768x1609.jpg 768w, https:\/\/www.adryco.com\/wp-content\/uploads\/2016\/04\/libreria920px-489x1024.jpg 489w\" sizes=\"auto, (max-width: 920px) 100vw, 920px\" \/><\/a><\/p>\n","protected":false},"excerpt":{"rendered":"<p>Febrero de 2.012 Os ofrecemos en esta ocasi\u00f3n una secuencia de fotos del antes y el despu\u00e9s de la reforma de un sal\u00f3n. El elemento principal es una librer\u00eda de Pladur realizada totalmente a medida en la que cada detalle est\u00e1 perfectamente estudiado ajustando a las necesidades del cliente, tanto lo que est\u00e1 a la [&hellip;]<\/p>\n","protected":false},"author":1,"featured_media":0,"comment_status":"open","ping_status":"open","sticky":false,"template":"","format":"standard","meta":{"_monsterinsights_skip_tracking":false,"_monsterinsights_sitenote_active":false,"_monsterinsights_sitenote_note":"","_monsterinsights_sitenote_category":0,"footnotes":""},"categories":[3],"tags":[],"class_list":{"0":"post-1025","1":"post","2":"type-post","3":"status-publish","4":"format-standard","6":"category-ideas-para-tu-reforma","7":"entry","8":"has-post-thumbnail"},"yoast_head":"<!-- This site is optimized with the Yoast SEO plugin v26.6 - https:\/\/yoast.com\/wordpress\/plugins\/seo\/ -->\n<title>Reforma de sal\u00f3n con librer\u00eda a medida de Pladur - Reforma 3<\/title>\n<meta name=\"description\" content=\"Reforma de sal\u00f3n con librer\u00eda a medida de Pladur. Fotos del antes y el despu\u00e9s.\" \/>\n<meta name=\"robots\" content=\"index, follow, max-snippet:-1, max-image-preview:large, max-video-preview:-1\" \/>\n<link rel=\"canonical\" href=\"https:\/\/www.adryco.com\/?p=1025\" \/>\n<meta property=\"og:locale\" content=\"en_US\" \/>\n<meta property=\"og:type\" content=\"article\" \/>\n<meta property=\"og:title\" content=\"Reforma de sal\u00f3n con librer\u00eda a medida de Pladur - Reforma 3\" \/>\n<meta property=\"og:description\" content=\"Reforma de sal\u00f3n con librer\u00eda a medida de Pladur. Fotos del antes y el despu\u00e9s.\" \/>\n<meta property=\"og:url\" content=\"https:\/\/www.adryco.com\/?p=1025\" \/>\n<meta property=\"og:site_name\" content=\"Reforma 3\" \/>\n<meta property=\"article:published_time\" content=\"2012-02-09T09:15:07+00:00\" \/>\n<meta property=\"article:modified_time\" content=\"2016-05-09T08:15:40+00:00\" \/>\n<meta property=\"og:image\" content=\"http:\/\/www.adryco.com\/wp-content\/uploads\/2016\/04\/libreria920px.jpg\" \/>\n<meta name=\"author\" content=\"Reforma3\" \/>\n<meta name=\"twitter:card\" content=\"summary_large_image\" \/>\n<meta name=\"twitter:label1\" content=\"Written by\" \/>\n\t<meta name=\"twitter:data1\" content=\"Reforma3\" \/>\n\t<meta name=\"twitter:label2\" content=\"Est. reading time\" \/>\n\t<meta name=\"twitter:data2\" content=\"1 minute\" \/>\n<script type=\"application\/ld+json\" class=\"yoast-schema-graph\">{\"@context\":\"https:\/\/schema.org\",\"@graph\":[{\"@type\":\"WebPage\",\"@id\":\"https:\/\/www.adryco.com\/?p=1025\",\"url\":\"https:\/\/www.adryco.com\/?p=1025\",\"name\":\"Reforma de sal\u00f3n con librer\u00eda a medida de Pladur - Reforma 3\",\"isPartOf\":{\"@id\":\"https:\/\/www.adryco.com\/#website\"},\"primaryImageOfPage\":{\"@id\":\"https:\/\/www.adryco.com\/?p=1025#primaryimage\"},\"image\":{\"@id\":\"https:\/\/www.adryco.com\/?p=1025#primaryimage\"},\"thumbnailUrl\":\"http:\/\/www.adryco.com\/wp-content\/uploads\/2016\/04\/libreria920px.jpg\",\"datePublished\":\"2012-02-09T09:15:07+00:00\",\"dateModified\":\"2016-05-09T08:15:40+00:00\",\"author\":{\"@id\":\"https:\/\/www.adryco.com\/#\/schema\/person\/3c77fbe6f15c85a33638d67b3f9396ac\"},\"description\":\"Reforma de sal\u00f3n con librer\u00eda a medida de Pladur. Fotos del antes y el despu\u00e9s.\",\"breadcrumb\":{\"@id\":\"https:\/\/www.adryco.com\/?p=1025#breadcrumb\"},\"inLanguage\":\"en-US\",\"potentialAction\":[{\"@type\":\"ReadAction\",\"target\":[\"https:\/\/www.adryco.com\/?p=1025\"]}]},{\"@type\":\"ImageObject\",\"inLanguage\":\"en-US\",\"@id\":\"https:\/\/www.adryco.com\/?p=1025#primaryimage\",\"url\":\"http:\/\/www.adryco.com\/wp-content\/uploads\/2016\/04\/libreria920px.jpg\",\"contentUrl\":\"http:\/\/www.adryco.com\/wp-content\/uploads\/2016\/04\/libreria920px.jpg\"},{\"@type\":\"BreadcrumbList\",\"@id\":\"https:\/\/www.adryco.com\/?p=1025#breadcrumb\",\"itemListElement\":[{\"@type\":\"ListItem\",\"position\":1,\"name\":\"Home\",\"item\":\"https:\/\/www.adryco.com\/\"},{\"@type\":\"ListItem\",\"position\":2,\"name\":\"Reforma de sal\u00f3n con librer\u00eda a medida de Pladur\"}]},{\"@type\":\"WebSite\",\"@id\":\"https:\/\/www.adryco.com\/#website\",\"url\":\"https:\/\/www.adryco.com\/\",\"name\":\"Reforma 3\",\"description\":\"Reformas integrales de calidad\",\"potentialAction\":[{\"@type\":\"SearchAction\",\"target\":{\"@type\":\"EntryPoint\",\"urlTemplate\":\"https:\/\/www.adryco.com\/?s={search_term_string}\"},\"query-input\":{\"@type\":\"PropertyValueSpecification\",\"valueRequired\":true,\"valueName\":\"search_term_string\"}}],\"inLanguage\":\"en-US\"},{\"@type\":\"Person\",\"@id\":\"https:\/\/www.adryco.com\/#\/schema\/person\/3c77fbe6f15c85a33638d67b3f9396ac\",\"name\":\"Reforma3\",\"image\":{\"@type\":\"ImageObject\",\"inLanguage\":\"en-US\",\"@id\":\"https:\/\/www.adryco.com\/#\/schema\/person\/image\/\",\"url\":\"https:\/\/secure.gravatar.com\/avatar\/a348d475982855086635727202970dd01829aac6a683f18f180c8e305fc2118e?s=96&d=mm&r=g\",\"contentUrl\":\"https:\/\/secure.gravatar.com\/avatar\/a348d475982855086635727202970dd01829aac6a683f18f180c8e305fc2118e?s=96&d=mm&r=g\",\"caption\":\"Reforma3\"},\"url\":\"https:\/\/www.adryco.com\/?author=1\"}]}<\/script>\n<!-- \/ Yoast SEO plugin. -->","yoast_head_json":{"title":"Reforma de sal\u00f3n con librer\u00eda a medida de Pladur - Reforma 3","description":"Reforma de sal\u00f3n con librer\u00eda a medida de Pladur. Fotos del antes y el despu\u00e9s.","robots":{"index":"index","follow":"follow","max-snippet":"max-snippet:-1","max-image-preview":"max-image-preview:large","max-video-preview":"max-video-preview:-1"},"canonical":"https:\/\/www.adryco.com\/?p=1025","og_locale":"en_US","og_type":"article","og_title":"Reforma de sal\u00f3n con librer\u00eda a medida de Pladur - Reforma 3","og_description":"Reforma de sal\u00f3n con librer\u00eda a medida de Pladur. Fotos del antes y el despu\u00e9s.","og_url":"https:\/\/www.adryco.com\/?p=1025","og_site_name":"Reforma 3","article_published_time":"2012-02-09T09:15:07+00:00","article_modified_time":"2016-05-09T08:15:40+00:00","og_image":[{"url":"http:\/\/www.adryco.com\/wp-content\/uploads\/2016\/04\/libreria920px.jpg","type":"","width":"","height":""}],"author":"Reforma3","twitter_card":"summary_large_image","twitter_misc":{"Written by":"Reforma3","Est. reading time":"1 minute"},"schema":{"@context":"https:\/\/schema.org","@graph":[{"@type":"WebPage","@id":"https:\/\/www.adryco.com\/?p=1025","url":"https:\/\/www.adryco.com\/?p=1025","name":"Reforma de sal\u00f3n con librer\u00eda a medida de Pladur - Reforma 3","isPartOf":{"@id":"https:\/\/www.adryco.com\/#website"},"primaryImageOfPage":{"@id":"https:\/\/www.adryco.com\/?p=1025#primaryimage"},"image":{"@id":"https:\/\/www.adryco.com\/?p=1025#primaryimage"},"thumbnailUrl":"http:\/\/www.adryco.com\/wp-content\/uploads\/2016\/04\/libreria920px.jpg","datePublished":"2012-02-09T09:15:07+00:00","dateModified":"2016-05-09T08:15:40+00:00","author":{"@id":"https:\/\/www.adryco.com\/#\/schema\/person\/3c77fbe6f15c85a33638d67b3f9396ac"},"description":"Reforma de sal\u00f3n con librer\u00eda a medida de Pladur. Fotos del antes y el despu\u00e9s.","breadcrumb":{"@id":"https:\/\/www.adryco.com\/?p=1025#breadcrumb"},"inLanguage":"en-US","potentialAction":[{"@type":"ReadAction","target":["https:\/\/www.adryco.com\/?p=1025"]}]},{"@type":"ImageObject","inLanguage":"en-US","@id":"https:\/\/www.adryco.com\/?p=1025#primaryimage","url":"http:\/\/www.adryco.com\/wp-content\/uploads\/2016\/04\/libreria920px.jpg","contentUrl":"http:\/\/www.adryco.com\/wp-content\/uploads\/2016\/04\/libreria920px.jpg"},{"@type":"BreadcrumbList","@id":"https:\/\/www.adryco.com\/?p=1025#breadcrumb","itemListElement":[{"@type":"ListItem","position":1,"name":"Home","item":"https:\/\/www.adryco.com\/"},{"@type":"ListItem","position":2,"name":"Reforma de sal\u00f3n con librer\u00eda a medida de Pladur"}]},{"@type":"WebSite","@id":"https:\/\/www.adryco.com\/#website","url":"https:\/\/www.adryco.com\/","name":"Reforma 3","description":"Reformas integrales de calidad","potentialAction":[{"@type":"SearchAction","target":{"@type":"EntryPoint","urlTemplate":"https:\/\/www.adryco.com\/?s={search_term_string}"},"query-input":{"@type":"PropertyValueSpecification","valueRequired":true,"valueName":"search_term_string"}}],"inLanguage":"en-US"},{"@type":"Person","@id":"https:\/\/www.adryco.com\/#\/schema\/person\/3c77fbe6f15c85a33638d67b3f9396ac","name":"Reforma3","image":{"@type":"ImageObject","inLanguage":"en-US","@id":"https:\/\/www.adryco.com\/#\/schema\/person\/image\/","url":"https:\/\/secure.gravatar.com\/avatar\/a348d475982855086635727202970dd01829aac6a683f18f180c8e305fc2118e?s=96&d=mm&r=g","contentUrl":"https:\/\/secure.gravatar.com\/avatar\/a348d475982855086635727202970dd01829aac6a683f18f180c8e305fc2118e?s=96&d=mm&r=g","caption":"Reforma3"},"url":"https:\/\/www.adryco.com\/?author=1"}]}},"_links":{"self":[{"href":"https:\/\/www.adryco.com\/index.php?rest_route=\/wp\/v2\/posts\/1025","targetHints":{"allow":["GET"]}}],"collection":[{"href":"https:\/\/www.adryco.com\/index.php?rest_route=\/wp\/v2\/posts"}],"about":[{"href":"https:\/\/www.adryco.com\/index.php?rest_route=\/wp\/v2\/types\/post"}],"author":[{"embeddable":true,"href":"https:\/\/www.adryco.com\/index.php?rest_route=\/wp\/v2\/users\/1"}],"replies":[{"embeddable":true,"href":"https:\/\/www.adryco.com\/index.php?rest_route=%2Fwp%2Fv2%2Fcomments&post=1025"}],"version-history":[{"count":5,"href":"https:\/\/www.adryco.com\/index.php?rest_route=\/wp\/v2\/posts\/1025\/revisions"}],"predecessor-version":[{"id":1094,"href":"https:\/\/www.adryco.com\/index.php?rest_route=\/wp\/v2\/posts\/1025\/revisions\/1094"}],"wp:attachment":[{"href":"https:\/\/www.adryco.com\/index.php?rest_route=%2Fwp%2Fv2%2Fmedia&parent=1025"}],"wp:term":[{"taxonomy":"category","embeddable":true,"href":"https:\/\/www.adryco.com\/index.php?rest_route=%2Fwp%2Fv2%2Fcategories&post=1025"},{"taxonomy":"post_tag","embeddable":true,"href":"https:\/\/www.adryco.com\/index.php?rest_route=%2Fwp%2Fv2%2Ftags&post=1025"}],"curies":[{"name":"wp","href":"https:\/\/api.w.org\/{rel}","templated":true}]}}