{"id":1033,"date":"2013-01-03T10:46:56","date_gmt":"2013-01-03T09:46:56","guid":{"rendered":"http:\/\/www.adryco.com\/?p=1033"},"modified":"2016-05-03T10:47:18","modified_gmt":"2016-05-03T08:47:18","slug":"reforma-de-banos-antiguos-en-chalet-de-las-rozas-de-madrid","status":"publish","type":"post","link":"https:\/\/www.adryco.com\/?p=1033","title":{"rendered":"Reforma de ba\u00f1os antiguos en un chalet de Las Rozas de Madrid"},"content":{"rendered":"<p style=\"text-align: right;\"><strong>Enero de 2.013<\/strong><\/p>\n<p>Estimados amigos de Adryco y Reforma3:<\/p>\n<p>Si hay algo bueno de lo que todos nos aprovechamos en tiempos de crisis, es que los precios bajan y bajan hasta niveles que no nos hubi\u00e9ramos imaginado hace tan solo unos meses. Adryco\/Reforma3 no es una excepci\u00f3n y es por eso que ahora ofrecemos los precios m\u00e1s atractivos de nuestra historia. No dej\u00e9is escapar la ocasi\u00f3n y aprovechad para dar un nuevo aire a vuestras casas o negocios.<br \/>\nComo en cada newsletter os mostramos algunas fotos de obras recientemente realizadas. En esta ocasi\u00f3n hemos elegido la tem\u00e1tica de ba\u00f1os. En las im\u00e1genes pod\u00e9is apreciar como la renovaci\u00f3n de ba\u00f1os antiguos puede dar un aire totalmente nuevo y moderno a vuestra vivienda a la vez que hacer la vida m\u00e1s c\u00f3moda y agradable.<\/p>\n<p>Porque tu negocio tambi\u00e9n es importante, no descuides su imagen y dale un nuevo aire fresco a tus clientes. En Adryco\/Reforma3 somos tambi\u00e9n especialistas en reformas de locales y oficinas. Cons\u00faltanos y disfruta de un servicio integral que incluye los proyectos y licencias necesarias as\u00ed como todos los tr\u00e1mites y gestiones para una entrega &#8220;llave en mano&#8221;.<\/p>\n<p>En Adryco\/Reforma3 nos tomamos esta crisis muy en serio. No dejamos de ajustar todav\u00eda m\u00e1s la relaci\u00f3n calidad\/precio que nos caracteriza y de mejorar d\u00eda a d\u00eda el servicio que nos diferencia.<\/p>\n<p>Estamos a vuestra disposici\u00f3n para cualquier cosa que pudierais necesitar.<\/p>\n<p>Recibid un cordial saludo,<\/p>\n<p><a href=\"http:\/\/www.adryco.com\/wp-content\/uploads\/2016\/04\/aseo_723x920.jpg\"><img loading=\"lazy\" decoding=\"async\" class=\"aligncenter wp-image-1034 size-full\" src=\"http:\/\/www.adryco.com\/wp-content\/uploads\/2016\/04\/aseo_723x920.jpg\" alt=\"Reforma de aseo en Las Rozas\" width=\"723\" height=\"920\" srcset=\"https:\/\/www.adryco.com\/wp-content\/uploads\/2016\/04\/aseo_723x920.jpg 723w, https:\/\/www.adryco.com\/wp-content\/uploads\/2016\/04\/aseo_723x920-236x300.jpg 236w\" sizes=\"auto, (max-width: 723px) 100vw, 723px\" \/><\/a><\/p>\n<p><a href=\"http:\/\/www.adryco.com\/wp-content\/uploads\/2016\/04\/bano1_1_907x723.jpg\"><img loading=\"lazy\" decoding=\"async\" class=\"aligncenter wp-image-1035 size-full\" src=\"http:\/\/www.adryco.com\/wp-content\/uploads\/2016\/04\/bano1_1_907x723.jpg\" alt=\"Reforma de ba\u00f1o antiguo en Las Rozas\" width=\"907\" height=\"723\" srcset=\"https:\/\/www.adryco.com\/wp-content\/uploads\/2016\/04\/bano1_1_907x723.jpg 907w, https:\/\/www.adryco.com\/wp-content\/uploads\/2016\/04\/bano1_1_907x723-300x239.jpg 300w, https:\/\/www.adryco.com\/wp-content\/uploads\/2016\/04\/bano1_1_907x723-768x612.jpg 768w\" sizes=\"auto, (max-width: 907px) 100vw, 907px\" \/><\/a><\/p>\n<p><a href=\"http:\/\/www.adryco.com\/wp-content\/uploads\/2016\/04\/bano1_4_723x920.jpg\"><img loading=\"lazy\" decoding=\"async\" class=\"aligncenter wp-image-1036 size-full\" src=\"http:\/\/www.adryco.com\/wp-content\/uploads\/2016\/04\/bano1_4_723x920.jpg\" alt=\"Reforma de ba\u00f1o con plato de ducha extraplano\" width=\"723\" height=\"920\" srcset=\"https:\/\/www.adryco.com\/wp-content\/uploads\/2016\/04\/bano1_4_723x920.jpg 723w, https:\/\/www.adryco.com\/wp-content\/uploads\/2016\/04\/bano1_4_723x920-236x300.jpg 236w\" sizes=\"auto, (max-width: 723px) 100vw, 723px\" \/><\/a><\/p>\n<p><a href=\"http:\/\/www.adryco.com\/wp-content\/uploads\/2016\/04\/bano2_1_723x920.jpg\"><img loading=\"lazy\" decoding=\"async\" class=\"aligncenter wp-image-1037 size-full\" src=\"http:\/\/www.adryco.com\/wp-content\/uploads\/2016\/04\/bano2_1_723x920.jpg\" alt=\"Reforma de ba\u00f1o con ba\u00f1era hidromasaje\" width=\"723\" height=\"920\" srcset=\"https:\/\/www.adryco.com\/wp-content\/uploads\/2016\/04\/bano2_1_723x920.jpg 723w, https:\/\/www.adryco.com\/wp-content\/uploads\/2016\/04\/bano2_1_723x920-236x300.jpg 236w\" sizes=\"auto, (max-width: 723px) 100vw, 723px\" \/><\/a><\/p>\n<p><a href=\"http:\/\/www.adryco.com\/wp-content\/uploads\/2016\/04\/bano2_4_723x920.jpg\"><img loading=\"lazy\" decoding=\"async\" class=\"aligncenter wp-image-1038 size-full\" src=\"http:\/\/www.adryco.com\/wp-content\/uploads\/2016\/04\/bano2_4_723x920.jpg\" alt=\"Reforma de ba\u00f1o en Las Rozas de Madrid\" width=\"723\" height=\"920\" srcset=\"https:\/\/www.adryco.com\/wp-content\/uploads\/2016\/04\/bano2_4_723x920.jpg 723w, https:\/\/www.adryco.com\/wp-content\/uploads\/2016\/04\/bano2_4_723x920-236x300.jpg 236w\" sizes=\"auto, (max-width: 723px) 100vw, 723px\" \/><\/a><\/p>\n<p><a href=\"http:\/\/www.adryco.com\/wp-content\/uploads\/2016\/04\/bano3_1_907x723.jpg\"><img loading=\"lazy\" decoding=\"async\" class=\"aligncenter wp-image-1039 size-full\" src=\"http:\/\/www.adryco.com\/wp-content\/uploads\/2016\/04\/bano3_1_907x723.jpg\" alt=\"Reforma integral de ba\u00f1o en Las Rozas de Madrid\" width=\"907\" height=\"723\" srcset=\"https:\/\/www.adryco.com\/wp-content\/uploads\/2016\/04\/bano3_1_907x723.jpg 907w, https:\/\/www.adryco.com\/wp-content\/uploads\/2016\/04\/bano3_1_907x723-300x239.jpg 300w, https:\/\/www.adryco.com\/wp-content\/uploads\/2016\/04\/bano3_1_907x723-768x612.jpg 768w\" sizes=\"auto, (max-width: 907px) 100vw, 907px\" \/><\/a><\/p>\n","protected":false},"excerpt":{"rendered":"<p>Enero de 2.013 Estimados amigos de Adryco y Reforma3: Si hay algo bueno de lo que todos nos aprovechamos en tiempos de crisis, es que los precios bajan y bajan hasta niveles que no nos hubi\u00e9ramos imaginado hace tan solo unos meses. Adryco\/Reforma3 no es una excepci\u00f3n y es por eso que ahora ofrecemos los [&hellip;]<\/p>\n","protected":false},"author":1,"featured_media":0,"comment_status":"open","ping_status":"open","sticky":false,"template":"","format":"standard","meta":{"_monsterinsights_skip_tracking":false,"_monsterinsights_sitenote_active":false,"_monsterinsights_sitenote_note":"","_monsterinsights_sitenote_category":0,"footnotes":""},"categories":[3],"tags":[],"class_list":{"0":"post-1033","1":"post","2":"type-post","3":"status-publish","4":"format-standard","6":"category-ideas-para-tu-reforma","7":"entry","8":"has-post-thumbnail"},"yoast_head":"<!-- This site is optimized with the Yoast SEO plugin v26.6 - https:\/\/yoast.com\/wordpress\/plugins\/seo\/ -->\n<title>Reforma de ba\u00f1os antiguos en un chalet de Las Rozas de Madrid - Reforma 3<\/title>\n<meta name=\"description\" content=\"Secuencia de fotos de reformas de ba\u00f1os antiguos en las que se ve el antes y el despu\u00e9s de los trabajos.\" \/>\n<meta name=\"robots\" content=\"index, follow, max-snippet:-1, max-image-preview:large, max-video-preview:-1\" \/>\n<link rel=\"canonical\" href=\"https:\/\/www.adryco.com\/?p=1033\" \/>\n<meta property=\"og:locale\" content=\"en_US\" \/>\n<meta property=\"og:type\" content=\"article\" \/>\n<meta property=\"og:title\" content=\"Reforma de ba\u00f1os antiguos en un chalet de Las Rozas de Madrid - Reforma 3\" \/>\n<meta property=\"og:description\" content=\"Secuencia de fotos de reformas de ba\u00f1os antiguos en las que se ve el antes y el despu\u00e9s de los trabajos.\" \/>\n<meta property=\"og:url\" content=\"https:\/\/www.adryco.com\/?p=1033\" \/>\n<meta property=\"og:site_name\" content=\"Reforma 3\" \/>\n<meta property=\"article:published_time\" content=\"2013-01-03T09:46:56+00:00\" \/>\n<meta property=\"article:modified_time\" content=\"2016-05-03T08:47:18+00:00\" \/>\n<meta property=\"og:image\" content=\"http:\/\/www.adryco.com\/wp-content\/uploads\/2016\/04\/aseo_723x920.jpg\" \/>\n<meta name=\"author\" content=\"Reforma3\" \/>\n<meta name=\"twitter:card\" content=\"summary_large_image\" \/>\n<meta name=\"twitter:label1\" content=\"Written by\" \/>\n\t<meta name=\"twitter:data1\" content=\"Reforma3\" \/>\n\t<meta name=\"twitter:label2\" content=\"Est. reading time\" \/>\n\t<meta name=\"twitter:data2\" content=\"1 minute\" \/>\n<script type=\"application\/ld+json\" class=\"yoast-schema-graph\">{\"@context\":\"https:\/\/schema.org\",\"@graph\":[{\"@type\":\"WebPage\",\"@id\":\"https:\/\/www.adryco.com\/?p=1033\",\"url\":\"https:\/\/www.adryco.com\/?p=1033\",\"name\":\"Reforma de ba\u00f1os antiguos en un chalet de Las Rozas de Madrid - Reforma 3\",\"isPartOf\":{\"@id\":\"https:\/\/www.adryco.com\/#website\"},\"primaryImageOfPage\":{\"@id\":\"https:\/\/www.adryco.com\/?p=1033#primaryimage\"},\"image\":{\"@id\":\"https:\/\/www.adryco.com\/?p=1033#primaryimage\"},\"thumbnailUrl\":\"http:\/\/www.adryco.com\/wp-content\/uploads\/2016\/04\/aseo_723x920.jpg\",\"datePublished\":\"2013-01-03T09:46:56+00:00\",\"dateModified\":\"2016-05-03T08:47:18+00:00\",\"author\":{\"@id\":\"https:\/\/www.adryco.com\/#\/schema\/person\/3c77fbe6f15c85a33638d67b3f9396ac\"},\"description\":\"Secuencia de fotos de reformas de ba\u00f1os antiguos en las que se ve el antes y el despu\u00e9s de los trabajos.\",\"breadcrumb\":{\"@id\":\"https:\/\/www.adryco.com\/?p=1033#breadcrumb\"},\"inLanguage\":\"en-US\",\"potentialAction\":[{\"@type\":\"ReadAction\",\"target\":[\"https:\/\/www.adryco.com\/?p=1033\"]}]},{\"@type\":\"ImageObject\",\"inLanguage\":\"en-US\",\"@id\":\"https:\/\/www.adryco.com\/?p=1033#primaryimage\",\"url\":\"http:\/\/www.adryco.com\/wp-content\/uploads\/2016\/04\/aseo_723x920.jpg\",\"contentUrl\":\"http:\/\/www.adryco.com\/wp-content\/uploads\/2016\/04\/aseo_723x920.jpg\"},{\"@type\":\"BreadcrumbList\",\"@id\":\"https:\/\/www.adryco.com\/?p=1033#breadcrumb\",\"itemListElement\":[{\"@type\":\"ListItem\",\"position\":1,\"name\":\"Home\",\"item\":\"https:\/\/www.adryco.com\/\"},{\"@type\":\"ListItem\",\"position\":2,\"name\":\"Reforma de ba\u00f1os antiguos en un chalet de Las Rozas de Madrid\"}]},{\"@type\":\"WebSite\",\"@id\":\"https:\/\/www.adryco.com\/#website\",\"url\":\"https:\/\/www.adryco.com\/\",\"name\":\"Reforma 3\",\"description\":\"Reformas integrales de calidad\",\"potentialAction\":[{\"@type\":\"SearchAction\",\"target\":{\"@type\":\"EntryPoint\",\"urlTemplate\":\"https:\/\/www.adryco.com\/?s={search_term_string}\"},\"query-input\":{\"@type\":\"PropertyValueSpecification\",\"valueRequired\":true,\"valueName\":\"search_term_string\"}}],\"inLanguage\":\"en-US\"},{\"@type\":\"Person\",\"@id\":\"https:\/\/www.adryco.com\/#\/schema\/person\/3c77fbe6f15c85a33638d67b3f9396ac\",\"name\":\"Reforma3\",\"image\":{\"@type\":\"ImageObject\",\"inLanguage\":\"en-US\",\"@id\":\"https:\/\/www.adryco.com\/#\/schema\/person\/image\/\",\"url\":\"https:\/\/secure.gravatar.com\/avatar\/a348d475982855086635727202970dd01829aac6a683f18f180c8e305fc2118e?s=96&d=mm&r=g\",\"contentUrl\":\"https:\/\/secure.gravatar.com\/avatar\/a348d475982855086635727202970dd01829aac6a683f18f180c8e305fc2118e?s=96&d=mm&r=g\",\"caption\":\"Reforma3\"},\"url\":\"https:\/\/www.adryco.com\/?author=1\"}]}<\/script>\n<!-- \/ Yoast SEO plugin. -->","yoast_head_json":{"title":"Reforma de ba\u00f1os antiguos en un chalet de Las Rozas de Madrid - Reforma 3","description":"Secuencia de fotos de reformas de ba\u00f1os antiguos en las que se ve el antes y el despu\u00e9s de los trabajos.","robots":{"index":"index","follow":"follow","max-snippet":"max-snippet:-1","max-image-preview":"max-image-preview:large","max-video-preview":"max-video-preview:-1"},"canonical":"https:\/\/www.adryco.com\/?p=1033","og_locale":"en_US","og_type":"article","og_title":"Reforma de ba\u00f1os antiguos en un chalet de Las Rozas de Madrid - Reforma 3","og_description":"Secuencia de fotos de reformas de ba\u00f1os antiguos en las que se ve el antes y el despu\u00e9s de los trabajos.","og_url":"https:\/\/www.adryco.com\/?p=1033","og_site_name":"Reforma 3","article_published_time":"2013-01-03T09:46:56+00:00","article_modified_time":"2016-05-03T08:47:18+00:00","og_image":[{"url":"http:\/\/www.adryco.com\/wp-content\/uploads\/2016\/04\/aseo_723x920.jpg","type":"","width":"","height":""}],"author":"Reforma3","twitter_card":"summary_large_image","twitter_misc":{"Written by":"Reforma3","Est. reading time":"1 minute"},"schema":{"@context":"https:\/\/schema.org","@graph":[{"@type":"WebPage","@id":"https:\/\/www.adryco.com\/?p=1033","url":"https:\/\/www.adryco.com\/?p=1033","name":"Reforma de ba\u00f1os antiguos en un chalet de Las Rozas de Madrid - Reforma 3","isPartOf":{"@id":"https:\/\/www.adryco.com\/#website"},"primaryImageOfPage":{"@id":"https:\/\/www.adryco.com\/?p=1033#primaryimage"},"image":{"@id":"https:\/\/www.adryco.com\/?p=1033#primaryimage"},"thumbnailUrl":"http:\/\/www.adryco.com\/wp-content\/uploads\/2016\/04\/aseo_723x920.jpg","datePublished":"2013-01-03T09:46:56+00:00","dateModified":"2016-05-03T08:47:18+00:00","author":{"@id":"https:\/\/www.adryco.com\/#\/schema\/person\/3c77fbe6f15c85a33638d67b3f9396ac"},"description":"Secuencia de fotos de reformas de ba\u00f1os antiguos en las que se ve el antes y el despu\u00e9s de los trabajos.","breadcrumb":{"@id":"https:\/\/www.adryco.com\/?p=1033#breadcrumb"},"inLanguage":"en-US","potentialAction":[{"@type":"ReadAction","target":["https:\/\/www.adryco.com\/?p=1033"]}]},{"@type":"ImageObject","inLanguage":"en-US","@id":"https:\/\/www.adryco.com\/?p=1033#primaryimage","url":"http:\/\/www.adryco.com\/wp-content\/uploads\/2016\/04\/aseo_723x920.jpg","contentUrl":"http:\/\/www.adryco.com\/wp-content\/uploads\/2016\/04\/aseo_723x920.jpg"},{"@type":"BreadcrumbList","@id":"https:\/\/www.adryco.com\/?p=1033#breadcrumb","itemListElement":[{"@type":"ListItem","position":1,"name":"Home","item":"https:\/\/www.adryco.com\/"},{"@type":"ListItem","position":2,"name":"Reforma de ba\u00f1os antiguos en un chalet de Las Rozas de Madrid"}]},{"@type":"WebSite","@id":"https:\/\/www.adryco.com\/#website","url":"https:\/\/www.adryco.com\/","name":"Reforma 3","description":"Reformas integrales de calidad","potentialAction":[{"@type":"SearchAction","target":{"@type":"EntryPoint","urlTemplate":"https:\/\/www.adryco.com\/?s={search_term_string}"},"query-input":{"@type":"PropertyValueSpecification","valueRequired":true,"valueName":"search_term_string"}}],"inLanguage":"en-US"},{"@type":"Person","@id":"https:\/\/www.adryco.com\/#\/schema\/person\/3c77fbe6f15c85a33638d67b3f9396ac","name":"Reforma3","image":{"@type":"ImageObject","inLanguage":"en-US","@id":"https:\/\/www.adryco.com\/#\/schema\/person\/image\/","url":"https:\/\/secure.gravatar.com\/avatar\/a348d475982855086635727202970dd01829aac6a683f18f180c8e305fc2118e?s=96&d=mm&r=g","contentUrl":"https:\/\/secure.gravatar.com\/avatar\/a348d475982855086635727202970dd01829aac6a683f18f180c8e305fc2118e?s=96&d=mm&r=g","caption":"Reforma3"},"url":"https:\/\/www.adryco.com\/?author=1"}]}},"_links":{"self":[{"href":"https:\/\/www.adryco.com\/index.php?rest_route=\/wp\/v2\/posts\/1033","targetHints":{"allow":["GET"]}}],"collection":[{"href":"https:\/\/www.adryco.com\/index.php?rest_route=\/wp\/v2\/posts"}],"about":[{"href":"https:\/\/www.adryco.com\/index.php?rest_route=\/wp\/v2\/types\/post"}],"author":[{"embeddable":true,"href":"https:\/\/www.adryco.com\/index.php?rest_route=\/wp\/v2\/users\/1"}],"replies":[{"embeddable":true,"href":"https:\/\/www.adryco.com\/index.php?rest_route=%2Fwp%2Fv2%2Fcomments&post=1033"}],"version-history":[{"count":4,"href":"https:\/\/www.adryco.com\/index.php?rest_route=\/wp\/v2\/posts\/1033\/revisions"}],"predecessor-version":[{"id":1091,"href":"https:\/\/www.adryco.com\/index.php?rest_route=\/wp\/v2\/posts\/1033\/revisions\/1091"}],"wp:attachment":[{"href":"https:\/\/www.adryco.com\/index.php?rest_route=%2Fwp%2Fv2%2Fmedia&parent=1033"}],"wp:term":[{"taxonomy":"category","embeddable":true,"href":"https:\/\/www.adryco.com\/index.php?rest_route=%2Fwp%2Fv2%2Fcategories&post=1033"},{"taxonomy":"post_tag","embeddable":true,"href":"https:\/\/www.adryco.com\/index.php?rest_route=%2Fwp%2Fv2%2Ftags&post=1033"}],"curies":[{"name":"wp","href":"https:\/\/api.w.org\/{rel}","templated":true}]}}