{"id":1043,"date":"2014-02-14T09:29:38","date_gmt":"2014-02-14T08:29:38","guid":{"rendered":"http:\/\/www.adryco.com\/?p=1043"},"modified":"2016-04-28T09:30:24","modified_gmt":"2016-04-28T07:30:24","slug":"construccion-nave-industrial-en-avila","status":"publish","type":"post","link":"https:\/\/www.adryco.com\/?p=1043","title":{"rendered":"Construcci\u00f3n nave industrial para procesado de alimentos en \u00c1vila"},"content":{"rendered":"<p style=\"text-align: right;\"><strong>Febrero de 2.014<\/strong><\/p>\n<p>Estimados amigos de Adryco\/Reforma3:<\/p>\n<p>Una vez m\u00e1s nos ponemos en contacto con vosotro@s para manteneros al tanto de los trabajos que realizamos.<\/p>\n<p>En esta ocasi\u00f3n queremos mostraros una faceta distinta de nuestra empresa.<\/p>\n<p>En Adryco\/Reforma3 somos especialistas en reforma y rehabilitaci\u00f3n de viviendas, oficinas y locales, pero tambi\u00e9n hacemos construcci\u00f3n de obra nueva. Realizamos chalets unifamiliares, desde la elaboraci\u00f3n del proyecto, gesti\u00f3n de Licencias y hasta la entrega llave en mano de la casa completamente terminada. Por supuesto que no solo construimos viviendas sino que tambi\u00e9n hacemos edificios terciarios e industriales.<\/p>\n<p>En el reportaje fotogr\u00e1fico que adjuntamos a este newsletter os ense\u00f1amos la secuencia fotogr\u00e1fica de la construcci\u00f3n de una nave industrial para el procesado de alimentos que hemos ejecutado recientemente en la provincia de \u00c1vila.<\/p>\n<p>Como pod\u00e9is ver en la fotos, \u00a1en Adryco\/Reforma3 no hay nada que nos pare!. Ni las inclemencias del tiempo.<\/p>\n<p>Como siempre, estamos a vuestra disposici\u00f3n para cualquier cosa que pudierais necesitar, ofreciendo el mejor servicio y al mejor precio.<\/p>\n<p>Recibid un cordial saludo,<\/p>\n<p>&nbsp;<\/p>\n<p><img loading=\"lazy\" decoding=\"async\" class=\"aligncenter size-full wp-image-1044\" src=\"http:\/\/www.adryco.com\/wp-content\/uploads\/2016\/04\/F01.jpg\" alt=\"Construcci\u00f3n nave industrial en \u00c1vila - Fase 1\" width=\"909\" height=\"455\" srcset=\"https:\/\/www.adryco.com\/wp-content\/uploads\/2016\/04\/F01.jpg 909w, https:\/\/www.adryco.com\/wp-content\/uploads\/2016\/04\/F01-300x150.jpg 300w, https:\/\/www.adryco.com\/wp-content\/uploads\/2016\/04\/F01-768x384.jpg 768w\" sizes=\"auto, (max-width: 909px) 100vw, 909px\" \/> <img loading=\"lazy\" decoding=\"async\" class=\"aligncenter size-full wp-image-1045\" src=\"http:\/\/www.adryco.com\/wp-content\/uploads\/2016\/04\/F02.jpg\" alt=\"Construcci\u00f3n nave industrial en \u00c1vila - Fase 2\" width=\"909\" height=\"455\" srcset=\"https:\/\/www.adryco.com\/wp-content\/uploads\/2016\/04\/F02.jpg 909w, https:\/\/www.adryco.com\/wp-content\/uploads\/2016\/04\/F02-300x150.jpg 300w, https:\/\/www.adryco.com\/wp-content\/uploads\/2016\/04\/F02-768x384.jpg 768w\" sizes=\"auto, (max-width: 909px) 100vw, 909px\" \/> <img loading=\"lazy\" decoding=\"async\" class=\"aligncenter size-full wp-image-1046\" src=\"http:\/\/www.adryco.com\/wp-content\/uploads\/2016\/04\/F03.jpg\" alt=\"Construcci\u00f3n nave industrial en \u00c1vila - Fase 3\" width=\"909\" height=\"455\" srcset=\"https:\/\/www.adryco.com\/wp-content\/uploads\/2016\/04\/F03.jpg 909w, https:\/\/www.adryco.com\/wp-content\/uploads\/2016\/04\/F03-300x150.jpg 300w, https:\/\/www.adryco.com\/wp-content\/uploads\/2016\/04\/F03-768x384.jpg 768w\" sizes=\"auto, (max-width: 909px) 100vw, 909px\" \/> <img loading=\"lazy\" decoding=\"async\" class=\"aligncenter size-full wp-image-1047\" src=\"http:\/\/www.adryco.com\/wp-content\/uploads\/2016\/04\/F04.jpg\" alt=\"Construcci\u00f3n nave industrial en \u00c1vila - Fase 4\" width=\"909\" height=\"455\" srcset=\"https:\/\/www.adryco.com\/wp-content\/uploads\/2016\/04\/F04.jpg 909w, https:\/\/www.adryco.com\/wp-content\/uploads\/2016\/04\/F04-300x150.jpg 300w, https:\/\/www.adryco.com\/wp-content\/uploads\/2016\/04\/F04-768x384.jpg 768w\" sizes=\"auto, (max-width: 909px) 100vw, 909px\" \/> <img loading=\"lazy\" decoding=\"async\" class=\"aligncenter size-full wp-image-1048\" src=\"http:\/\/www.adryco.com\/wp-content\/uploads\/2016\/04\/F05.jpg\" alt=\"Construcci\u00f3n nave industrial en \u00c1vila - Fase 5\" width=\"909\" height=\"455\" srcset=\"https:\/\/www.adryco.com\/wp-content\/uploads\/2016\/04\/F05.jpg 909w, https:\/\/www.adryco.com\/wp-content\/uploads\/2016\/04\/F05-300x150.jpg 300w, https:\/\/www.adryco.com\/wp-content\/uploads\/2016\/04\/F05-768x384.jpg 768w\" sizes=\"auto, (max-width: 909px) 100vw, 909px\" \/> <img loading=\"lazy\" decoding=\"async\" class=\"aligncenter size-full wp-image-1049\" src=\"http:\/\/www.adryco.com\/wp-content\/uploads\/2016\/04\/F06.jpg\" alt=\"Construcci\u00f3n nave industrial en \u00c1vila - Fase 6\" width=\"909\" height=\"455\" srcset=\"https:\/\/www.adryco.com\/wp-content\/uploads\/2016\/04\/F06.jpg 909w, https:\/\/www.adryco.com\/wp-content\/uploads\/2016\/04\/F06-300x150.jpg 300w, https:\/\/www.adryco.com\/wp-content\/uploads\/2016\/04\/F06-768x384.jpg 768w\" sizes=\"auto, (max-width: 909px) 100vw, 909px\" \/> <img loading=\"lazy\" decoding=\"async\" class=\"aligncenter size-full wp-image-1050\" src=\"http:\/\/www.adryco.com\/wp-content\/uploads\/2016\/04\/F07.jpg\" alt=\"Construcci\u00f3n nave industrial en \u00c1vila - Fase 7\" width=\"909\" height=\"455\" srcset=\"https:\/\/www.adryco.com\/wp-content\/uploads\/2016\/04\/F07.jpg 909w, https:\/\/www.adryco.com\/wp-content\/uploads\/2016\/04\/F07-300x150.jpg 300w, https:\/\/www.adryco.com\/wp-content\/uploads\/2016\/04\/F07-768x384.jpg 768w\" sizes=\"auto, (max-width: 909px) 100vw, 909px\" \/> <img loading=\"lazy\" decoding=\"async\" class=\"aligncenter size-full wp-image-1051\" src=\"http:\/\/www.adryco.com\/wp-content\/uploads\/2016\/04\/F08.jpg\" alt=\"Construcci\u00f3n nave industrial en \u00c1vila - Fase 8\" width=\"909\" height=\"455\" srcset=\"https:\/\/www.adryco.com\/wp-content\/uploads\/2016\/04\/F08.jpg 909w, https:\/\/www.adryco.com\/wp-content\/uploads\/2016\/04\/F08-300x150.jpg 300w, https:\/\/www.adryco.com\/wp-content\/uploads\/2016\/04\/F08-768x384.jpg 768w\" sizes=\"auto, (max-width: 909px) 100vw, 909px\" \/> <img loading=\"lazy\" decoding=\"async\" class=\"aligncenter size-full wp-image-1052\" src=\"http:\/\/www.adryco.com\/wp-content\/uploads\/2016\/04\/F09.jpg\" alt=\"Construcci\u00f3n nave industrial en \u00c1vila - Fase 9\" width=\"909\" height=\"455\" srcset=\"https:\/\/www.adryco.com\/wp-content\/uploads\/2016\/04\/F09.jpg 909w, https:\/\/www.adryco.com\/wp-content\/uploads\/2016\/04\/F09-300x150.jpg 300w, https:\/\/www.adryco.com\/wp-content\/uploads\/2016\/04\/F09-768x384.jpg 768w\" sizes=\"auto, (max-width: 909px) 100vw, 909px\" \/> <img loading=\"lazy\" decoding=\"async\" class=\"aligncenter size-full wp-image-1053\" src=\"http:\/\/www.adryco.com\/wp-content\/uploads\/2016\/04\/F10.jpg\" alt=\"Construcci\u00f3n nave industrial en \u00c1vila - Fase 10\" width=\"909\" height=\"455\" srcset=\"https:\/\/www.adryco.com\/wp-content\/uploads\/2016\/04\/F10.jpg 909w, https:\/\/www.adryco.com\/wp-content\/uploads\/2016\/04\/F10-300x150.jpg 300w, https:\/\/www.adryco.com\/wp-content\/uploads\/2016\/04\/F10-768x384.jpg 768w\" sizes=\"auto, (max-width: 909px) 100vw, 909px\" \/> <img loading=\"lazy\" decoding=\"async\" class=\"aligncenter size-full wp-image-1054\" src=\"http:\/\/www.adryco.com\/wp-content\/uploads\/2016\/04\/F11.jpg\" alt=\"Construcci\u00f3n nave industrial en \u00c1vila - Fase 11\" width=\"909\" height=\"455\" srcset=\"https:\/\/www.adryco.com\/wp-content\/uploads\/2016\/04\/F11.jpg 909w, https:\/\/www.adryco.com\/wp-content\/uploads\/2016\/04\/F11-300x150.jpg 300w, https:\/\/www.adryco.com\/wp-content\/uploads\/2016\/04\/F11-768x384.jpg 768w\" sizes=\"auto, (max-width: 909px) 100vw, 909px\" \/> <img loading=\"lazy\" decoding=\"async\" class=\"aligncenter size-full wp-image-1055\" src=\"http:\/\/www.adryco.com\/wp-content\/uploads\/2016\/04\/F12.jpg\" alt=\"Construcci\u00f3n nave industrial en \u00c1vila - Fase 12\" width=\"909\" height=\"455\" srcset=\"https:\/\/www.adryco.com\/wp-content\/uploads\/2016\/04\/F12.jpg 909w, https:\/\/www.adryco.com\/wp-content\/uploads\/2016\/04\/F12-300x150.jpg 300w, https:\/\/www.adryco.com\/wp-content\/uploads\/2016\/04\/F12-768x384.jpg 768w\" sizes=\"auto, (max-width: 909px) 100vw, 909px\" \/> <img loading=\"lazy\" decoding=\"async\" class=\"aligncenter size-full wp-image-1056\" src=\"http:\/\/www.adryco.com\/wp-content\/uploads\/2016\/04\/F13.jpg\" alt=\"Construcci\u00f3n nave industrial en \u00c1vila - Fase 13\" width=\"909\" height=\"455\" srcset=\"https:\/\/www.adryco.com\/wp-content\/uploads\/2016\/04\/F13.jpg 909w, https:\/\/www.adryco.com\/wp-content\/uploads\/2016\/04\/F13-300x150.jpg 300w, https:\/\/www.adryco.com\/wp-content\/uploads\/2016\/04\/F13-768x384.jpg 768w\" sizes=\"auto, (max-width: 909px) 100vw, 909px\" \/><\/p>\n","protected":false},"excerpt":{"rendered":"<p>Febrero de 2.014 Estimados amigos de Adryco\/Reforma3: Una vez m\u00e1s nos ponemos en contacto con vosotro@s para manteneros al tanto de los trabajos que realizamos. En esta ocasi\u00f3n queremos mostraros una faceta distinta de nuestra empresa. En Adryco\/Reforma3 somos especialistas en reforma y rehabilitaci\u00f3n de viviendas, oficinas y locales, pero tambi\u00e9n hacemos construcci\u00f3n de obra [&hellip;]<\/p>\n","protected":false},"author":1,"featured_media":0,"comment_status":"open","ping_status":"open","sticky":false,"template":"","format":"standard","meta":{"_monsterinsights_skip_tracking":false,"_monsterinsights_sitenote_active":false,"_monsterinsights_sitenote_note":"","_monsterinsights_sitenote_category":0,"footnotes":""},"categories":[3],"tags":[],"class_list":{"0":"post-1043","1":"post","2":"type-post","3":"status-publish","4":"format-standard","6":"category-ideas-para-tu-reforma","7":"entry","8":"has-post-thumbnail"},"yoast_head":"<!-- This site is optimized with the Yoast SEO plugin v26.6 - https:\/\/yoast.com\/wordpress\/plugins\/seo\/ -->\n<title>Construcci\u00f3n nave industrial para procesado de alimentos en \u00c1vila - Reforma 3<\/title>\n<meta name=\"description\" content=\"Construcci\u00f3n de nave industrial en \u00c1vila para procesado de alimentos. Secuencia de fotos.\" \/>\n<meta name=\"robots\" content=\"index, follow, max-snippet:-1, max-image-preview:large, max-video-preview:-1\" \/>\n<link rel=\"canonical\" href=\"https:\/\/www.adryco.com\/?p=1043\" \/>\n<meta property=\"og:locale\" content=\"en_US\" \/>\n<meta property=\"og:type\" content=\"article\" \/>\n<meta property=\"og:title\" content=\"Construcci\u00f3n nave industrial para procesado de alimentos en \u00c1vila - Reforma 3\" \/>\n<meta property=\"og:description\" content=\"Construcci\u00f3n de nave industrial en \u00c1vila para procesado de alimentos. Secuencia de fotos.\" \/>\n<meta property=\"og:url\" content=\"https:\/\/www.adryco.com\/?p=1043\" \/>\n<meta property=\"og:site_name\" content=\"Reforma 3\" \/>\n<meta property=\"article:published_time\" content=\"2014-02-14T08:29:38+00:00\" \/>\n<meta property=\"article:modified_time\" content=\"2016-04-28T07:30:24+00:00\" \/>\n<meta property=\"og:image\" content=\"http:\/\/www.adryco.com\/wp-content\/uploads\/2016\/04\/F01.jpg\" \/>\n<meta name=\"author\" content=\"Reforma3\" \/>\n<meta name=\"twitter:card\" content=\"summary_large_image\" \/>\n<meta name=\"twitter:label1\" content=\"Written by\" \/>\n\t<meta name=\"twitter:data1\" content=\"Reforma3\" \/>\n\t<meta name=\"twitter:label2\" content=\"Est. reading time\" \/>\n\t<meta name=\"twitter:data2\" content=\"1 minute\" \/>\n<script type=\"application\/ld+json\" class=\"yoast-schema-graph\">{\"@context\":\"https:\/\/schema.org\",\"@graph\":[{\"@type\":\"WebPage\",\"@id\":\"https:\/\/www.adryco.com\/?p=1043\",\"url\":\"https:\/\/www.adryco.com\/?p=1043\",\"name\":\"Construcci\u00f3n nave industrial para procesado de alimentos en \u00c1vila - Reforma 3\",\"isPartOf\":{\"@id\":\"https:\/\/www.adryco.com\/#website\"},\"primaryImageOfPage\":{\"@id\":\"https:\/\/www.adryco.com\/?p=1043#primaryimage\"},\"image\":{\"@id\":\"https:\/\/www.adryco.com\/?p=1043#primaryimage\"},\"thumbnailUrl\":\"http:\/\/www.adryco.com\/wp-content\/uploads\/2016\/04\/F01.jpg\",\"datePublished\":\"2014-02-14T08:29:38+00:00\",\"dateModified\":\"2016-04-28T07:30:24+00:00\",\"author\":{\"@id\":\"https:\/\/www.adryco.com\/#\/schema\/person\/3c77fbe6f15c85a33638d67b3f9396ac\"},\"description\":\"Construcci\u00f3n de nave industrial en \u00c1vila para procesado de alimentos. Secuencia de fotos.\",\"breadcrumb\":{\"@id\":\"https:\/\/www.adryco.com\/?p=1043#breadcrumb\"},\"inLanguage\":\"en-US\",\"potentialAction\":[{\"@type\":\"ReadAction\",\"target\":[\"https:\/\/www.adryco.com\/?p=1043\"]}]},{\"@type\":\"ImageObject\",\"inLanguage\":\"en-US\",\"@id\":\"https:\/\/www.adryco.com\/?p=1043#primaryimage\",\"url\":\"https:\/\/www.adryco.com\/wp-content\/uploads\/2016\/04\/F01.jpg\",\"contentUrl\":\"https:\/\/www.adryco.com\/wp-content\/uploads\/2016\/04\/F01.jpg\",\"width\":909,\"height\":455,\"caption\":\"Construcci\u00f3n nave industrial en \u00c1vila - Fase 1\"},{\"@type\":\"BreadcrumbList\",\"@id\":\"https:\/\/www.adryco.com\/?p=1043#breadcrumb\",\"itemListElement\":[{\"@type\":\"ListItem\",\"position\":1,\"name\":\"Home\",\"item\":\"https:\/\/www.adryco.com\/\"},{\"@type\":\"ListItem\",\"position\":2,\"name\":\"Construcci\u00f3n nave industrial para procesado de alimentos en \u00c1vila\"}]},{\"@type\":\"WebSite\",\"@id\":\"https:\/\/www.adryco.com\/#website\",\"url\":\"https:\/\/www.adryco.com\/\",\"name\":\"Reforma 3\",\"description\":\"Reformas integrales de calidad\",\"potentialAction\":[{\"@type\":\"SearchAction\",\"target\":{\"@type\":\"EntryPoint\",\"urlTemplate\":\"https:\/\/www.adryco.com\/?s={search_term_string}\"},\"query-input\":{\"@type\":\"PropertyValueSpecification\",\"valueRequired\":true,\"valueName\":\"search_term_string\"}}],\"inLanguage\":\"en-US\"},{\"@type\":\"Person\",\"@id\":\"https:\/\/www.adryco.com\/#\/schema\/person\/3c77fbe6f15c85a33638d67b3f9396ac\",\"name\":\"Reforma3\",\"image\":{\"@type\":\"ImageObject\",\"inLanguage\":\"en-US\",\"@id\":\"https:\/\/www.adryco.com\/#\/schema\/person\/image\/\",\"url\":\"https:\/\/secure.gravatar.com\/avatar\/a348d475982855086635727202970dd01829aac6a683f18f180c8e305fc2118e?s=96&d=mm&r=g\",\"contentUrl\":\"https:\/\/secure.gravatar.com\/avatar\/a348d475982855086635727202970dd01829aac6a683f18f180c8e305fc2118e?s=96&d=mm&r=g\",\"caption\":\"Reforma3\"},\"url\":\"https:\/\/www.adryco.com\/?author=1\"}]}<\/script>\n<!-- \/ Yoast SEO plugin. -->","yoast_head_json":{"title":"Construcci\u00f3n nave industrial para procesado de alimentos en \u00c1vila - Reforma 3","description":"Construcci\u00f3n de nave industrial en \u00c1vila para procesado de alimentos. Secuencia de fotos.","robots":{"index":"index","follow":"follow","max-snippet":"max-snippet:-1","max-image-preview":"max-image-preview:large","max-video-preview":"max-video-preview:-1"},"canonical":"https:\/\/www.adryco.com\/?p=1043","og_locale":"en_US","og_type":"article","og_title":"Construcci\u00f3n nave industrial para procesado de alimentos en \u00c1vila - Reforma 3","og_description":"Construcci\u00f3n de nave industrial en \u00c1vila para procesado de alimentos. Secuencia de fotos.","og_url":"https:\/\/www.adryco.com\/?p=1043","og_site_name":"Reforma 3","article_published_time":"2014-02-14T08:29:38+00:00","article_modified_time":"2016-04-28T07:30:24+00:00","og_image":[{"url":"http:\/\/www.adryco.com\/wp-content\/uploads\/2016\/04\/F01.jpg","type":"","width":"","height":""}],"author":"Reforma3","twitter_card":"summary_large_image","twitter_misc":{"Written by":"Reforma3","Est. reading time":"1 minute"},"schema":{"@context":"https:\/\/schema.org","@graph":[{"@type":"WebPage","@id":"https:\/\/www.adryco.com\/?p=1043","url":"https:\/\/www.adryco.com\/?p=1043","name":"Construcci\u00f3n nave industrial para procesado de alimentos en \u00c1vila - Reforma 3","isPartOf":{"@id":"https:\/\/www.adryco.com\/#website"},"primaryImageOfPage":{"@id":"https:\/\/www.adryco.com\/?p=1043#primaryimage"},"image":{"@id":"https:\/\/www.adryco.com\/?p=1043#primaryimage"},"thumbnailUrl":"http:\/\/www.adryco.com\/wp-content\/uploads\/2016\/04\/F01.jpg","datePublished":"2014-02-14T08:29:38+00:00","dateModified":"2016-04-28T07:30:24+00:00","author":{"@id":"https:\/\/www.adryco.com\/#\/schema\/person\/3c77fbe6f15c85a33638d67b3f9396ac"},"description":"Construcci\u00f3n de nave industrial en \u00c1vila para procesado de alimentos. Secuencia de fotos.","breadcrumb":{"@id":"https:\/\/www.adryco.com\/?p=1043#breadcrumb"},"inLanguage":"en-US","potentialAction":[{"@type":"ReadAction","target":["https:\/\/www.adryco.com\/?p=1043"]}]},{"@type":"ImageObject","inLanguage":"en-US","@id":"https:\/\/www.adryco.com\/?p=1043#primaryimage","url":"https:\/\/www.adryco.com\/wp-content\/uploads\/2016\/04\/F01.jpg","contentUrl":"https:\/\/www.adryco.com\/wp-content\/uploads\/2016\/04\/F01.jpg","width":909,"height":455,"caption":"Construcci\u00f3n nave industrial en \u00c1vila - Fase 1"},{"@type":"BreadcrumbList","@id":"https:\/\/www.adryco.com\/?p=1043#breadcrumb","itemListElement":[{"@type":"ListItem","position":1,"name":"Home","item":"https:\/\/www.adryco.com\/"},{"@type":"ListItem","position":2,"name":"Construcci\u00f3n nave industrial para procesado de alimentos en \u00c1vila"}]},{"@type":"WebSite","@id":"https:\/\/www.adryco.com\/#website","url":"https:\/\/www.adryco.com\/","name":"Reforma 3","description":"Reformas integrales de calidad","potentialAction":[{"@type":"SearchAction","target":{"@type":"EntryPoint","urlTemplate":"https:\/\/www.adryco.com\/?s={search_term_string}"},"query-input":{"@type":"PropertyValueSpecification","valueRequired":true,"valueName":"search_term_string"}}],"inLanguage":"en-US"},{"@type":"Person","@id":"https:\/\/www.adryco.com\/#\/schema\/person\/3c77fbe6f15c85a33638d67b3f9396ac","name":"Reforma3","image":{"@type":"ImageObject","inLanguage":"en-US","@id":"https:\/\/www.adryco.com\/#\/schema\/person\/image\/","url":"https:\/\/secure.gravatar.com\/avatar\/a348d475982855086635727202970dd01829aac6a683f18f180c8e305fc2118e?s=96&d=mm&r=g","contentUrl":"https:\/\/secure.gravatar.com\/avatar\/a348d475982855086635727202970dd01829aac6a683f18f180c8e305fc2118e?s=96&d=mm&r=g","caption":"Reforma3"},"url":"https:\/\/www.adryco.com\/?author=1"}]}},"_links":{"self":[{"href":"https:\/\/www.adryco.com\/index.php?rest_route=\/wp\/v2\/posts\/1043","targetHints":{"allow":["GET"]}}],"collection":[{"href":"https:\/\/www.adryco.com\/index.php?rest_route=\/wp\/v2\/posts"}],"about":[{"href":"https:\/\/www.adryco.com\/index.php?rest_route=\/wp\/v2\/types\/post"}],"author":[{"embeddable":true,"href":"https:\/\/www.adryco.com\/index.php?rest_route=\/wp\/v2\/users\/1"}],"replies":[{"embeddable":true,"href":"https:\/\/www.adryco.com\/index.php?rest_route=%2Fwp%2Fv2%2Fcomments&post=1043"}],"version-history":[{"count":1,"href":"https:\/\/www.adryco.com\/index.php?rest_route=\/wp\/v2\/posts\/1043\/revisions"}],"predecessor-version":[{"id":1057,"href":"https:\/\/www.adryco.com\/index.php?rest_route=\/wp\/v2\/posts\/1043\/revisions\/1057"}],"wp:attachment":[{"href":"https:\/\/www.adryco.com\/index.php?rest_route=%2Fwp%2Fv2%2Fmedia&parent=1043"}],"wp:term":[{"taxonomy":"category","embeddable":true,"href":"https:\/\/www.adryco.com\/index.php?rest_route=%2Fwp%2Fv2%2Fcategories&post=1043"},{"taxonomy":"post_tag","embeddable":true,"href":"https:\/\/www.adryco.com\/index.php?rest_route=%2Fwp%2Fv2%2Ftags&post=1043"}],"curies":[{"name":"wp","href":"https:\/\/api.w.org\/{rel}","templated":true}]}}