{"id":1058,"date":"2014-11-23T11:11:50","date_gmt":"2014-11-23T10:11:50","guid":{"rendered":"http:\/\/www.adryco.com\/?p=1058"},"modified":"2016-05-23T11:12:12","modified_gmt":"2016-05-23T09:12:12","slug":"reforma-de-salon-con-barandilla-escalera-de-cristal","status":"publish","type":"post","link":"https:\/\/www.adryco.com\/?p=1058","title":{"rendered":"Reforma de sal\u00f3n con barandilla escalera de cristal"},"content":{"rendered":"<p style=\"text-align: right;\"><strong>Noviembre 2.014<\/strong><\/p>\n<p>Estimados amig@s de Adryco\/Reforma3:<\/p>\n<p>En las reformas, los detalles lo son todo. Mientras que una buena soluci\u00f3n de un detalle pasa desapercibida en el resultado final de una obra, una mala la puede arruinar.<\/p>\n<p>Por eso Adryco pone siempre todo su esmero en estudiar a fondo todos los detalles de dise\u00f1o y ejecuci\u00f3n de sus obras, para as\u00ed conseguir el mejor de los resultados. Y no solo se obtiene el mejor resultado est\u00e9tico sino que tambi\u00e9n la mayor durabilidad de los trabajos.<\/p>\n<p>En este newsletter queremos compartir con vosotros un ejemplo de c\u00f3mo se puede transformar completamente un espacio estudiando adecuadamente los detalles para as\u00ed obtener el toque de calidad y dise\u00f1o que todos deseamos.<\/p>\n<p>\u00a1\u00a1Esperamos que os guste!!<\/p>\n<p>&nbsp;<\/p>\n<p align=\"left\">Recordad, en Adryco somos especialistas en reforma y rehabilitaci\u00f3n de viviendas, oficinas y locales, y estamos a vuestra disposici\u00f3n para cualquier cosa que pudierais necesitar, ofreciendo el mejor servicio y al mejor precio.<\/p>\n<p>&nbsp;<\/p>\n<p align=\"left\">Recibid un cordial saludo,<\/p>\n<p align=\"left\"><a href=\"http:\/\/www.adryco.com\/wp-content\/uploads\/2016\/04\/01.png\"><img loading=\"lazy\" decoding=\"async\" class=\"aligncenter wp-image-1059 size-full\" src=\"http:\/\/www.adryco.com\/wp-content\/uploads\/2016\/04\/01.png\" alt=\"Reforma de sal\u00f3n | Escalera con barandilla de cristal\" width=\"673\" height=\"903\" srcset=\"https:\/\/www.adryco.com\/wp-content\/uploads\/2016\/04\/01.png 673w, https:\/\/www.adryco.com\/wp-content\/uploads\/2016\/04\/01-224x300.png 224w\" sizes=\"auto, (max-width: 673px) 100vw, 673px\" \/><\/a><\/p>\n<p align=\"left\"><a href=\"http:\/\/www.adryco.com\/wp-content\/uploads\/2016\/04\/02.png\"><img loading=\"lazy\" decoding=\"async\" class=\"aligncenter wp-image-1060 size-full\" src=\"http:\/\/www.adryco.com\/wp-content\/uploads\/2016\/04\/02.png\" alt=\"Reforma de chalet | Ampliaci\u00f3n de ventana al jard\u00edn\" width=\"673\" height=\"903\" srcset=\"https:\/\/www.adryco.com\/wp-content\/uploads\/2016\/04\/02.png 673w, https:\/\/www.adryco.com\/wp-content\/uploads\/2016\/04\/02-224x300.png 224w\" sizes=\"auto, (max-width: 673px) 100vw, 673px\" \/><\/a><\/p>\n<p align=\"left\"><a href=\"http:\/\/www.adryco.com\/wp-content\/uploads\/2016\/04\/03.png\"><img loading=\"lazy\" decoding=\"async\" class=\"aligncenter wp-image-1061 size-full\" src=\"http:\/\/www.adryco.com\/wp-content\/uploads\/2016\/04\/03.png\" alt=\"Reforma de escalera en chalet | Barandilla de cristal\" width=\"909\" height=\"677\" srcset=\"https:\/\/www.adryco.com\/wp-content\/uploads\/2016\/04\/03.png 909w, https:\/\/www.adryco.com\/wp-content\/uploads\/2016\/04\/03-300x223.png 300w, https:\/\/www.adryco.com\/wp-content\/uploads\/2016\/04\/03-768x572.png 768w\" sizes=\"auto, (max-width: 909px) 100vw, 909px\" \/><\/a> <a href=\"http:\/\/www.adryco.com\/wp-content\/uploads\/2016\/04\/04.png\"><img loading=\"lazy\" decoding=\"async\" class=\"aligncenter wp-image-1062 size-full\" src=\"http:\/\/www.adryco.com\/wp-content\/uploads\/2016\/04\/04.png\" alt=\"Reforma chalet Madrid | Suelos de piedra natural\" width=\"673\" height=\"903\" srcset=\"https:\/\/www.adryco.com\/wp-content\/uploads\/2016\/04\/04.png 673w, https:\/\/www.adryco.com\/wp-content\/uploads\/2016\/04\/04-224x300.png 224w\" sizes=\"auto, (max-width: 673px) 100vw, 673px\" \/><\/a> <a href=\"http:\/\/www.adryco.com\/wp-content\/uploads\/2016\/04\/05.png\"><img loading=\"lazy\" decoding=\"async\" class=\"aligncenter wp-image-1063 size-full\" src=\"http:\/\/www.adryco.com\/wp-content\/uploads\/2016\/04\/05.png\" alt=\"Reforma de escalera en chalet | Barandilla de cristal\" width=\"909\" height=\"677\" srcset=\"https:\/\/www.adryco.com\/wp-content\/uploads\/2016\/04\/05.png 909w, https:\/\/www.adryco.com\/wp-content\/uploads\/2016\/04\/05-300x223.png 300w, https:\/\/www.adryco.com\/wp-content\/uploads\/2016\/04\/05-768x572.png 768w\" sizes=\"auto, (max-width: 909px) 100vw, 909px\" \/><\/a> <a href=\"http:\/\/www.adryco.com\/wp-content\/uploads\/2016\/04\/06.png\"><img loading=\"lazy\" decoding=\"async\" class=\"aligncenter wp-image-1064 size-full\" src=\"http:\/\/www.adryco.com\/wp-content\/uploads\/2016\/04\/06.png\" alt=\"Reforma de chalet | Ampliaci\u00f3n de ventana al jard\u00edn\" width=\"673\" height=\"903\" srcset=\"https:\/\/www.adryco.com\/wp-content\/uploads\/2016\/04\/06.png 673w, https:\/\/www.adryco.com\/wp-content\/uploads\/2016\/04\/06-224x300.png 224w\" sizes=\"auto, (max-width: 673px) 100vw, 673px\" \/><\/a><\/p>\n","protected":false},"excerpt":{"rendered":"<p>Noviembre 2.014 Estimados amig@s de Adryco\/Reforma3: En las reformas, los detalles lo son todo. Mientras que una buena soluci\u00f3n de un detalle pasa desapercibida en el resultado final de una obra, una mala la puede arruinar. Por eso Adryco pone siempre todo su esmero en estudiar a fondo todos los detalles de dise\u00f1o y ejecuci\u00f3n [&hellip;]<\/p>\n","protected":false},"author":1,"featured_media":0,"comment_status":"open","ping_status":"open","sticky":false,"template":"","format":"standard","meta":{"_monsterinsights_skip_tracking":false,"_monsterinsights_sitenote_active":false,"_monsterinsights_sitenote_note":"","_monsterinsights_sitenote_category":0,"footnotes":""},"categories":[3],"tags":[],"class_list":{"0":"post-1058","1":"post","2":"type-post","3":"status-publish","4":"format-standard","6":"category-ideas-para-tu-reforma","7":"entry","8":"has-post-thumbnail"},"yoast_head":"<!-- This site is optimized with the Yoast SEO plugin v26.6 - https:\/\/yoast.com\/wordpress\/plugins\/seo\/ -->\n<title>Reforma de sal\u00f3n con barandilla escalera de cristal - Reforma 3<\/title>\n<meta name=\"description\" content=\"Reforma de sal\u00f3n en chalet de Madrid con ampliaci\u00f3n de huecos de ventanas, barandillas de cristal en escalera y suelos de piedra natural.\" \/>\n<meta name=\"robots\" content=\"index, follow, max-snippet:-1, max-image-preview:large, max-video-preview:-1\" \/>\n<link rel=\"canonical\" href=\"http:\/\/www.adryco.com\/?p=1058\" \/>\n<meta property=\"og:locale\" content=\"en_US\" \/>\n<meta property=\"og:type\" content=\"article\" \/>\n<meta property=\"og:title\" content=\"Reforma de sal\u00f3n con barandilla escalera de cristal - Reforma 3\" \/>\n<meta property=\"og:description\" content=\"Reforma de sal\u00f3n en chalet de Madrid con ampliaci\u00f3n de huecos de ventanas, barandillas de cristal en escalera y suelos de piedra natural.\" \/>\n<meta property=\"og:url\" content=\"http:\/\/www.adryco.com\/?p=1058\" \/>\n<meta property=\"og:site_name\" content=\"Reforma 3\" \/>\n<meta property=\"article:published_time\" content=\"2014-11-23T10:11:50+00:00\" \/>\n<meta property=\"article:modified_time\" content=\"2016-05-23T09:12:12+00:00\" \/>\n<meta property=\"og:image\" content=\"http:\/\/www.adryco.com\/wp-content\/uploads\/2016\/04\/01.png\" \/>\n<meta name=\"author\" content=\"Reforma3\" \/>\n<meta name=\"twitter:card\" content=\"summary_large_image\" \/>\n<meta name=\"twitter:label1\" content=\"Written by\" \/>\n\t<meta name=\"twitter:data1\" content=\"Reforma3\" \/>\n\t<meta name=\"twitter:label2\" content=\"Est. reading time\" \/>\n\t<meta name=\"twitter:data2\" content=\"1 minute\" \/>\n<script type=\"application\/ld+json\" class=\"yoast-schema-graph\">{\"@context\":\"https:\/\/schema.org\",\"@graph\":[{\"@type\":\"WebPage\",\"@id\":\"http:\/\/www.adryco.com\/?p=1058\",\"url\":\"http:\/\/www.adryco.com\/?p=1058\",\"name\":\"Reforma de sal\u00f3n con barandilla escalera de cristal - Reforma 3\",\"isPartOf\":{\"@id\":\"https:\/\/www.adryco.com\/#website\"},\"primaryImageOfPage\":{\"@id\":\"http:\/\/www.adryco.com\/?p=1058#primaryimage\"},\"image\":{\"@id\":\"http:\/\/www.adryco.com\/?p=1058#primaryimage\"},\"thumbnailUrl\":\"http:\/\/www.adryco.com\/wp-content\/uploads\/2016\/04\/01.png\",\"datePublished\":\"2014-11-23T10:11:50+00:00\",\"dateModified\":\"2016-05-23T09:12:12+00:00\",\"author\":{\"@id\":\"https:\/\/www.adryco.com\/#\/schema\/person\/3c77fbe6f15c85a33638d67b3f9396ac\"},\"description\":\"Reforma de sal\u00f3n en chalet de Madrid con ampliaci\u00f3n de huecos de ventanas, barandillas de cristal en escalera y suelos de piedra natural.\",\"breadcrumb\":{\"@id\":\"http:\/\/www.adryco.com\/?p=1058#breadcrumb\"},\"inLanguage\":\"en-US\",\"potentialAction\":[{\"@type\":\"ReadAction\",\"target\":[\"http:\/\/www.adryco.com\/?p=1058\"]}]},{\"@type\":\"ImageObject\",\"inLanguage\":\"en-US\",\"@id\":\"http:\/\/www.adryco.com\/?p=1058#primaryimage\",\"url\":\"http:\/\/www.adryco.com\/wp-content\/uploads\/2016\/04\/01.png\",\"contentUrl\":\"http:\/\/www.adryco.com\/wp-content\/uploads\/2016\/04\/01.png\"},{\"@type\":\"BreadcrumbList\",\"@id\":\"http:\/\/www.adryco.com\/?p=1058#breadcrumb\",\"itemListElement\":[{\"@type\":\"ListItem\",\"position\":1,\"name\":\"Home\",\"item\":\"https:\/\/www.adryco.com\/\"},{\"@type\":\"ListItem\",\"position\":2,\"name\":\"Reforma de sal\u00f3n con barandilla escalera de cristal\"}]},{\"@type\":\"WebSite\",\"@id\":\"https:\/\/www.adryco.com\/#website\",\"url\":\"https:\/\/www.adryco.com\/\",\"name\":\"Reforma 3\",\"description\":\"Reformas integrales de calidad\",\"potentialAction\":[{\"@type\":\"SearchAction\",\"target\":{\"@type\":\"EntryPoint\",\"urlTemplate\":\"https:\/\/www.adryco.com\/?s={search_term_string}\"},\"query-input\":{\"@type\":\"PropertyValueSpecification\",\"valueRequired\":true,\"valueName\":\"search_term_string\"}}],\"inLanguage\":\"en-US\"},{\"@type\":\"Person\",\"@id\":\"https:\/\/www.adryco.com\/#\/schema\/person\/3c77fbe6f15c85a33638d67b3f9396ac\",\"name\":\"Reforma3\",\"image\":{\"@type\":\"ImageObject\",\"inLanguage\":\"en-US\",\"@id\":\"https:\/\/www.adryco.com\/#\/schema\/person\/image\/\",\"url\":\"https:\/\/secure.gravatar.com\/avatar\/a348d475982855086635727202970dd01829aac6a683f18f180c8e305fc2118e?s=96&d=mm&r=g\",\"contentUrl\":\"https:\/\/secure.gravatar.com\/avatar\/a348d475982855086635727202970dd01829aac6a683f18f180c8e305fc2118e?s=96&d=mm&r=g\",\"caption\":\"Reforma3\"},\"url\":\"https:\/\/www.adryco.com\/?author=1\"}]}<\/script>\n<!-- \/ Yoast SEO plugin. -->","yoast_head_json":{"title":"Reforma de sal\u00f3n con barandilla escalera de cristal - Reforma 3","description":"Reforma de sal\u00f3n en chalet de Madrid con ampliaci\u00f3n de huecos de ventanas, barandillas de cristal en escalera y suelos de piedra natural.","robots":{"index":"index","follow":"follow","max-snippet":"max-snippet:-1","max-image-preview":"max-image-preview:large","max-video-preview":"max-video-preview:-1"},"canonical":"http:\/\/www.adryco.com\/?p=1058","og_locale":"en_US","og_type":"article","og_title":"Reforma de sal\u00f3n con barandilla escalera de cristal - Reforma 3","og_description":"Reforma de sal\u00f3n en chalet de Madrid con ampliaci\u00f3n de huecos de ventanas, barandillas de cristal en escalera y suelos de piedra natural.","og_url":"http:\/\/www.adryco.com\/?p=1058","og_site_name":"Reforma 3","article_published_time":"2014-11-23T10:11:50+00:00","article_modified_time":"2016-05-23T09:12:12+00:00","og_image":[{"url":"http:\/\/www.adryco.com\/wp-content\/uploads\/2016\/04\/01.png","type":"","width":"","height":""}],"author":"Reforma3","twitter_card":"summary_large_image","twitter_misc":{"Written by":"Reforma3","Est. reading time":"1 minute"},"schema":{"@context":"https:\/\/schema.org","@graph":[{"@type":"WebPage","@id":"http:\/\/www.adryco.com\/?p=1058","url":"http:\/\/www.adryco.com\/?p=1058","name":"Reforma de sal\u00f3n con barandilla escalera de cristal - Reforma 3","isPartOf":{"@id":"https:\/\/www.adryco.com\/#website"},"primaryImageOfPage":{"@id":"http:\/\/www.adryco.com\/?p=1058#primaryimage"},"image":{"@id":"http:\/\/www.adryco.com\/?p=1058#primaryimage"},"thumbnailUrl":"http:\/\/www.adryco.com\/wp-content\/uploads\/2016\/04\/01.png","datePublished":"2014-11-23T10:11:50+00:00","dateModified":"2016-05-23T09:12:12+00:00","author":{"@id":"https:\/\/www.adryco.com\/#\/schema\/person\/3c77fbe6f15c85a33638d67b3f9396ac"},"description":"Reforma de sal\u00f3n en chalet de Madrid con ampliaci\u00f3n de huecos de ventanas, barandillas de cristal en escalera y suelos de piedra natural.","breadcrumb":{"@id":"http:\/\/www.adryco.com\/?p=1058#breadcrumb"},"inLanguage":"en-US","potentialAction":[{"@type":"ReadAction","target":["http:\/\/www.adryco.com\/?p=1058"]}]},{"@type":"ImageObject","inLanguage":"en-US","@id":"http:\/\/www.adryco.com\/?p=1058#primaryimage","url":"http:\/\/www.adryco.com\/wp-content\/uploads\/2016\/04\/01.png","contentUrl":"http:\/\/www.adryco.com\/wp-content\/uploads\/2016\/04\/01.png"},{"@type":"BreadcrumbList","@id":"http:\/\/www.adryco.com\/?p=1058#breadcrumb","itemListElement":[{"@type":"ListItem","position":1,"name":"Home","item":"https:\/\/www.adryco.com\/"},{"@type":"ListItem","position":2,"name":"Reforma de sal\u00f3n con barandilla escalera de cristal"}]},{"@type":"WebSite","@id":"https:\/\/www.adryco.com\/#website","url":"https:\/\/www.adryco.com\/","name":"Reforma 3","description":"Reformas integrales de calidad","potentialAction":[{"@type":"SearchAction","target":{"@type":"EntryPoint","urlTemplate":"https:\/\/www.adryco.com\/?s={search_term_string}"},"query-input":{"@type":"PropertyValueSpecification","valueRequired":true,"valueName":"search_term_string"}}],"inLanguage":"en-US"},{"@type":"Person","@id":"https:\/\/www.adryco.com\/#\/schema\/person\/3c77fbe6f15c85a33638d67b3f9396ac","name":"Reforma3","image":{"@type":"ImageObject","inLanguage":"en-US","@id":"https:\/\/www.adryco.com\/#\/schema\/person\/image\/","url":"https:\/\/secure.gravatar.com\/avatar\/a348d475982855086635727202970dd01829aac6a683f18f180c8e305fc2118e?s=96&d=mm&r=g","contentUrl":"https:\/\/secure.gravatar.com\/avatar\/a348d475982855086635727202970dd01829aac6a683f18f180c8e305fc2118e?s=96&d=mm&r=g","caption":"Reforma3"},"url":"https:\/\/www.adryco.com\/?author=1"}]}},"_links":{"self":[{"href":"https:\/\/www.adryco.com\/index.php?rest_route=\/wp\/v2\/posts\/1058","targetHints":{"allow":["GET"]}}],"collection":[{"href":"https:\/\/www.adryco.com\/index.php?rest_route=\/wp\/v2\/posts"}],"about":[{"href":"https:\/\/www.adryco.com\/index.php?rest_route=\/wp\/v2\/types\/post"}],"author":[{"embeddable":true,"href":"https:\/\/www.adryco.com\/index.php?rest_route=\/wp\/v2\/users\/1"}],"replies":[{"embeddable":true,"href":"https:\/\/www.adryco.com\/index.php?rest_route=%2Fwp%2Fv2%2Fcomments&post=1058"}],"version-history":[{"count":3,"href":"https:\/\/www.adryco.com\/index.php?rest_route=\/wp\/v2\/posts\/1058\/revisions"}],"predecessor-version":[{"id":1093,"href":"https:\/\/www.adryco.com\/index.php?rest_route=\/wp\/v2\/posts\/1058\/revisions\/1093"}],"wp:attachment":[{"href":"https:\/\/www.adryco.com\/index.php?rest_route=%2Fwp%2Fv2%2Fmedia&parent=1058"}],"wp:term":[{"taxonomy":"category","embeddable":true,"href":"https:\/\/www.adryco.com\/index.php?rest_route=%2Fwp%2Fv2%2Fcategories&post=1058"},{"taxonomy":"post_tag","embeddable":true,"href":"https:\/\/www.adryco.com\/index.php?rest_route=%2Fwp%2Fv2%2Ftags&post=1058"}],"curies":[{"name":"wp","href":"https:\/\/api.w.org\/{rel}","templated":true}]}}