{"id":1112,"date":"2016-11-17T14:47:59","date_gmt":"2016-11-17T13:47:59","guid":{"rendered":"http:\/\/www.adryco.com\/?p=1112"},"modified":"2017-01-23T14:55:22","modified_gmt":"2017-01-23T13:55:22","slug":"decora-las-paredes-de-tu-vivienda-o-negocio","status":"publish","type":"post","link":"https:\/\/www.adryco.com\/?p=1112","title":{"rendered":"Decora las paredes de tu vivienda o negocio"},"content":{"rendered":"<p style=\"text-align: right;\"><strong>Noviembre de 2.016<\/strong><\/p>\n<p>Estimado amig@s de Reforma3 \/ Adryco:<\/p>\n<p>En esta ocasi\u00f3n nos ponemos en contacto contigo para ofrecerte una forma muy original de <strong>decorar las paredes de tu vivienda o negocio<\/strong>.<\/p>\n<p>Decoramos cualquier tipo de estancia (dormitorios infantiles, salones o salas, guarder\u00edas, salas de espera, despachos, etc&#8230;) realizando <strong>dibujos \u00fanicos 100% artesanales<\/strong>, realizados a mano por una especialista en este tipo de trabajos.<\/p>\n<p>El proceso se realiza con pintura inocua por lo que <strong>es muy r\u00e1pido y limpio<\/strong> (1-2 d\u00edas seg\u00fan la dificultad). Adem\u00e1s, realizamos los trabajos en fines de semana para mayor comodidad.<\/p>\n<p>Danos el dise\u00f1o que te guste para copiarlo, o si lo prefieres nosotros te ofrecemos las ideas en funci\u00f3n de tus preferencias.<\/p>\n<p>Y lo mejor de todo es el precio. <strong>A partir de 150 euros<\/strong> puedes dar un toque muy especial a tu casa o negocio.<\/p>\n<p>A continuaci\u00f3n os mostramos algunos ejemplos de trabajos realizados.<\/p>\n<p>\u00a1No dudes en contactarnos para cualquier duda o si deseas un <strong>presupuesto personalizado<\/strong>!<\/p>\n<p style=\"text-align: center;\"><a class=\"button\" href=\"http:\/\/www.adryco.com\/presupuesto-reforma-integral\/\">Presupuesto Sin Compromiso<\/a><\/p>\n<p><img loading=\"lazy\" decoding=\"async\" class=\"alignnone wp-image-1115 size-full\" src=\"http:\/\/www.adryco.com\/wp-content\/uploads\/2017\/01\/7d584af7-5883-4889-8576-9dd2506a7d10.jpg\" alt=\"Pintura mural decorativa Dormitorio guarder\u00eda\" width=\"2344\" height=\"1920\" srcset=\"https:\/\/www.adryco.com\/wp-content\/uploads\/2017\/01\/7d584af7-5883-4889-8576-9dd2506a7d10.jpg 2344w, https:\/\/www.adryco.com\/wp-content\/uploads\/2017\/01\/7d584af7-5883-4889-8576-9dd2506a7d10-300x246.jpg 300w, https:\/\/www.adryco.com\/wp-content\/uploads\/2017\/01\/7d584af7-5883-4889-8576-9dd2506a7d10-768x629.jpg 768w, https:\/\/www.adryco.com\/wp-content\/uploads\/2017\/01\/7d584af7-5883-4889-8576-9dd2506a7d10-1024x839.jpg 1024w\" sizes=\"auto, (max-width: 2344px) 100vw, 2344px\" \/><\/p>\n<p><img loading=\"lazy\" decoding=\"async\" class=\"alignnone wp-image-1117 size-full\" src=\"http:\/\/www.adryco.com\/wp-content\/uploads\/2017\/01\/53a9bda3-2904-4620-8406-7086203177b6.jpg\" alt=\"Decoraci\u00f3n paredes dormitorio infantil chica\" width=\"1920\" height=\"2560\" srcset=\"https:\/\/www.adryco.com\/wp-content\/uploads\/2017\/01\/53a9bda3-2904-4620-8406-7086203177b6.jpg 1920w, https:\/\/www.adryco.com\/wp-content\/uploads\/2017\/01\/53a9bda3-2904-4620-8406-7086203177b6-225x300.jpg 225w, https:\/\/www.adryco.com\/wp-content\/uploads\/2017\/01\/53a9bda3-2904-4620-8406-7086203177b6-768x1024.jpg 768w\" sizes=\"auto, (max-width: 1920px) 100vw, 1920px\" \/><\/p>\n<p><img loading=\"lazy\" decoding=\"async\" class=\"alignnone wp-image-1118 size-full\" src=\"http:\/\/www.adryco.com\/wp-content\/uploads\/2017\/01\/28841ceb-370c-442f-b291-8de7d99e2a6c.jpg\" alt=\"Decoraci\u00f3n paredes dormitorio infantil chico\" width=\"896\" height=\"592\" srcset=\"https:\/\/www.adryco.com\/wp-content\/uploads\/2017\/01\/28841ceb-370c-442f-b291-8de7d99e2a6c.jpg 896w, https:\/\/www.adryco.com\/wp-content\/uploads\/2017\/01\/28841ceb-370c-442f-b291-8de7d99e2a6c-300x198.jpg 300w, https:\/\/www.adryco.com\/wp-content\/uploads\/2017\/01\/28841ceb-370c-442f-b291-8de7d99e2a6c-768x507.jpg 768w\" sizes=\"auto, (max-width: 896px) 100vw, 896px\" \/><\/p>\n<p><img loading=\"lazy\" decoding=\"async\" class=\"alignnone wp-image-1119 size-full\" src=\"http:\/\/www.adryco.com\/wp-content\/uploads\/2017\/01\/b5676301-e256-42a7-a0e9-d521f9076076.jpg\" alt=\"Decoraci\u00f3n paredes Sala de Estar\" width=\"1993\" height=\"2620\" srcset=\"https:\/\/www.adryco.com\/wp-content\/uploads\/2017\/01\/b5676301-e256-42a7-a0e9-d521f9076076.jpg 1993w, https:\/\/www.adryco.com\/wp-content\/uploads\/2017\/01\/b5676301-e256-42a7-a0e9-d521f9076076-228x300.jpg 228w, https:\/\/www.adryco.com\/wp-content\/uploads\/2017\/01\/b5676301-e256-42a7-a0e9-d521f9076076-768x1010.jpg 768w, https:\/\/www.adryco.com\/wp-content\/uploads\/2017\/01\/b5676301-e256-42a7-a0e9-d521f9076076-779x1024.jpg 779w\" sizes=\"auto, (max-width: 1993px) 100vw, 1993px\" \/><\/p>\n<p><img loading=\"lazy\" decoding=\"async\" class=\"aligncenter wp-image-1114 size-full\" src=\"http:\/\/www.adryco.com\/wp-content\/uploads\/2017\/01\/4e591387-8807-478f-b56d-19c2d54a02ba.jpg\" alt=\"Decoraci\u00f3n artesanal paredes guarder\u00eda\" width=\"1050\" height=\"2022\" srcset=\"https:\/\/www.adryco.com\/wp-content\/uploads\/2017\/01\/4e591387-8807-478f-b56d-19c2d54a02ba.jpg 1050w, https:\/\/www.adryco.com\/wp-content\/uploads\/2017\/01\/4e591387-8807-478f-b56d-19c2d54a02ba-156x300.jpg 156w, https:\/\/www.adryco.com\/wp-content\/uploads\/2017\/01\/4e591387-8807-478f-b56d-19c2d54a02ba-768x1479.jpg 768w, https:\/\/www.adryco.com\/wp-content\/uploads\/2017\/01\/4e591387-8807-478f-b56d-19c2d54a02ba-532x1024.jpg 532w\" sizes=\"auto, (max-width: 1050px) 100vw, 1050px\" \/><\/p>\n<p><img loading=\"lazy\" decoding=\"async\" class=\"aligncenter wp-image-1116 size-full\" src=\"http:\/\/www.adryco.com\/wp-content\/uploads\/2017\/01\/39d0e9e4-bf5c-4979-85a5-4c7502d7d137.jpg\" alt=\"Decoraci\u00f3n paredes dormitorio infantil\" width=\"3474\" height=\"2166\" srcset=\"https:\/\/www.adryco.com\/wp-content\/uploads\/2017\/01\/39d0e9e4-bf5c-4979-85a5-4c7502d7d137.jpg 3474w, https:\/\/www.adryco.com\/wp-content\/uploads\/2017\/01\/39d0e9e4-bf5c-4979-85a5-4c7502d7d137-300x187.jpg 300w, https:\/\/www.adryco.com\/wp-content\/uploads\/2017\/01\/39d0e9e4-bf5c-4979-85a5-4c7502d7d137-768x479.jpg 768w, https:\/\/www.adryco.com\/wp-content\/uploads\/2017\/01\/39d0e9e4-bf5c-4979-85a5-4c7502d7d137-1024x638.jpg 1024w\" sizes=\"auto, (max-width: 3474px) 100vw, 3474px\" \/><\/p>\n","protected":false},"excerpt":{"rendered":"<p>Noviembre de 2.016 Estimado amig@s de Reforma3 \/ Adryco: En esta ocasi\u00f3n nos ponemos en contacto contigo para ofrecerte una forma muy original de decorar las paredes de tu vivienda o negocio. Decoramos cualquier tipo de estancia (dormitorios infantiles, salones o salas, guarder\u00edas, salas de espera, despachos, etc&#8230;) realizando dibujos \u00fanicos 100% artesanales, realizados a [&hellip;]<\/p>\n","protected":false},"author":1,"featured_media":0,"comment_status":"open","ping_status":"open","sticky":false,"template":"","format":"standard","meta":{"_monsterinsights_skip_tracking":false,"_monsterinsights_sitenote_active":false,"_monsterinsights_sitenote_note":"","_monsterinsights_sitenote_category":0,"footnotes":""},"categories":[3],"tags":[],"class_list":{"0":"post-1112","1":"post","2":"type-post","3":"status-publish","4":"format-standard","6":"category-ideas-para-tu-reforma","7":"entry"},"yoast_head":"<!-- This site is optimized with the Yoast SEO plugin v26.6 - https:\/\/yoast.com\/wordpress\/plugins\/seo\/ -->\n<title>Decora las paredes de tu vivienda o negocio - Reforma 3<\/title>\n<meta name=\"robots\" content=\"index, follow, max-snippet:-1, max-image-preview:large, max-video-preview:-1\" \/>\n<link rel=\"canonical\" href=\"https:\/\/www.adryco.com\/?p=1112\" \/>\n<meta property=\"og:locale\" content=\"en_US\" \/>\n<meta property=\"og:type\" content=\"article\" \/>\n<meta property=\"og:title\" content=\"Decora las paredes de tu vivienda o negocio - Reforma 3\" \/>\n<meta property=\"og:description\" content=\"Noviembre de 2.016 Estimado amig@s de Reforma3 \/ Adryco: En esta ocasi\u00f3n nos ponemos en contacto contigo para ofrecerte una forma muy original de decorar las paredes de tu vivienda o negocio. Decoramos cualquier tipo de estancia (dormitorios infantiles, salones o salas, guarder\u00edas, salas de espera, despachos, etc&#8230;) realizando dibujos \u00fanicos 100% artesanales, realizados a [&hellip;]\" \/>\n<meta property=\"og:url\" content=\"https:\/\/www.adryco.com\/?p=1112\" \/>\n<meta property=\"og:site_name\" content=\"Reforma 3\" \/>\n<meta property=\"article:published_time\" content=\"2016-11-17T13:47:59+00:00\" \/>\n<meta property=\"article:modified_time\" content=\"2017-01-23T13:55:22+00:00\" \/>\n<meta property=\"og:image\" content=\"http:\/\/www.adryco.com\/wp-content\/uploads\/2017\/01\/7d584af7-5883-4889-8576-9dd2506a7d10.jpg\" \/>\n<meta name=\"author\" content=\"Reforma3\" \/>\n<meta name=\"twitter:card\" content=\"summary_large_image\" \/>\n<meta name=\"twitter:label1\" content=\"Written by\" \/>\n\t<meta name=\"twitter:data1\" content=\"Reforma3\" \/>\n\t<meta name=\"twitter:label2\" content=\"Est. reading time\" \/>\n\t<meta name=\"twitter:data2\" content=\"1 minute\" \/>\n<script type=\"application\/ld+json\" class=\"yoast-schema-graph\">{\"@context\":\"https:\/\/schema.org\",\"@graph\":[{\"@type\":\"WebPage\",\"@id\":\"https:\/\/www.adryco.com\/?p=1112\",\"url\":\"https:\/\/www.adryco.com\/?p=1112\",\"name\":\"Decora las paredes de tu vivienda o negocio - Reforma 3\",\"isPartOf\":{\"@id\":\"https:\/\/www.adryco.com\/#website\"},\"primaryImageOfPage\":{\"@id\":\"https:\/\/www.adryco.com\/?p=1112#primaryimage\"},\"image\":{\"@id\":\"https:\/\/www.adryco.com\/?p=1112#primaryimage\"},\"thumbnailUrl\":\"http:\/\/www.adryco.com\/wp-content\/uploads\/2017\/01\/7d584af7-5883-4889-8576-9dd2506a7d10.jpg\",\"datePublished\":\"2016-11-17T13:47:59+00:00\",\"dateModified\":\"2017-01-23T13:55:22+00:00\",\"author\":{\"@id\":\"https:\/\/www.adryco.com\/#\/schema\/person\/3c77fbe6f15c85a33638d67b3f9396ac\"},\"breadcrumb\":{\"@id\":\"https:\/\/www.adryco.com\/?p=1112#breadcrumb\"},\"inLanguage\":\"en-US\",\"potentialAction\":[{\"@type\":\"ReadAction\",\"target\":[\"https:\/\/www.adryco.com\/?p=1112\"]}]},{\"@type\":\"ImageObject\",\"inLanguage\":\"en-US\",\"@id\":\"https:\/\/www.adryco.com\/?p=1112#primaryimage\",\"url\":\"https:\/\/www.adryco.com\/wp-content\/uploads\/2017\/01\/7d584af7-5883-4889-8576-9dd2506a7d10.jpg\",\"contentUrl\":\"https:\/\/www.adryco.com\/wp-content\/uploads\/2017\/01\/7d584af7-5883-4889-8576-9dd2506a7d10.jpg\",\"width\":2344,\"height\":1920},{\"@type\":\"BreadcrumbList\",\"@id\":\"https:\/\/www.adryco.com\/?p=1112#breadcrumb\",\"itemListElement\":[{\"@type\":\"ListItem\",\"position\":1,\"name\":\"Home\",\"item\":\"https:\/\/www.adryco.com\/\"},{\"@type\":\"ListItem\",\"position\":2,\"name\":\"Decora las paredes de tu vivienda o negocio\"}]},{\"@type\":\"WebSite\",\"@id\":\"https:\/\/www.adryco.com\/#website\",\"url\":\"https:\/\/www.adryco.com\/\",\"name\":\"Reforma 3\",\"description\":\"Reformas integrales de calidad\",\"potentialAction\":[{\"@type\":\"SearchAction\",\"target\":{\"@type\":\"EntryPoint\",\"urlTemplate\":\"https:\/\/www.adryco.com\/?s={search_term_string}\"},\"query-input\":{\"@type\":\"PropertyValueSpecification\",\"valueRequired\":true,\"valueName\":\"search_term_string\"}}],\"inLanguage\":\"en-US\"},{\"@type\":\"Person\",\"@id\":\"https:\/\/www.adryco.com\/#\/schema\/person\/3c77fbe6f15c85a33638d67b3f9396ac\",\"name\":\"Reforma3\",\"image\":{\"@type\":\"ImageObject\",\"inLanguage\":\"en-US\",\"@id\":\"https:\/\/www.adryco.com\/#\/schema\/person\/image\/\",\"url\":\"https:\/\/secure.gravatar.com\/avatar\/a348d475982855086635727202970dd01829aac6a683f18f180c8e305fc2118e?s=96&d=mm&r=g\",\"contentUrl\":\"https:\/\/secure.gravatar.com\/avatar\/a348d475982855086635727202970dd01829aac6a683f18f180c8e305fc2118e?s=96&d=mm&r=g\",\"caption\":\"Reforma3\"},\"url\":\"https:\/\/www.adryco.com\/?author=1\"}]}<\/script>\n<!-- \/ Yoast SEO plugin. -->","yoast_head_json":{"title":"Decora las paredes de tu vivienda o negocio - Reforma 3","robots":{"index":"index","follow":"follow","max-snippet":"max-snippet:-1","max-image-preview":"max-image-preview:large","max-video-preview":"max-video-preview:-1"},"canonical":"https:\/\/www.adryco.com\/?p=1112","og_locale":"en_US","og_type":"article","og_title":"Decora las paredes de tu vivienda o negocio - Reforma 3","og_description":"Noviembre de 2.016 Estimado amig@s de Reforma3 \/ Adryco: En esta ocasi\u00f3n nos ponemos en contacto contigo para ofrecerte una forma muy original de decorar las paredes de tu vivienda o negocio. Decoramos cualquier tipo de estancia (dormitorios infantiles, salones o salas, guarder\u00edas, salas de espera, despachos, etc&#8230;) realizando dibujos \u00fanicos 100% artesanales, realizados a [&hellip;]","og_url":"https:\/\/www.adryco.com\/?p=1112","og_site_name":"Reforma 3","article_published_time":"2016-11-17T13:47:59+00:00","article_modified_time":"2017-01-23T13:55:22+00:00","og_image":[{"url":"http:\/\/www.adryco.com\/wp-content\/uploads\/2017\/01\/7d584af7-5883-4889-8576-9dd2506a7d10.jpg","type":"","width":"","height":""}],"author":"Reforma3","twitter_card":"summary_large_image","twitter_misc":{"Written by":"Reforma3","Est. reading time":"1 minute"},"schema":{"@context":"https:\/\/schema.org","@graph":[{"@type":"WebPage","@id":"https:\/\/www.adryco.com\/?p=1112","url":"https:\/\/www.adryco.com\/?p=1112","name":"Decora las paredes de tu vivienda o negocio - Reforma 3","isPartOf":{"@id":"https:\/\/www.adryco.com\/#website"},"primaryImageOfPage":{"@id":"https:\/\/www.adryco.com\/?p=1112#primaryimage"},"image":{"@id":"https:\/\/www.adryco.com\/?p=1112#primaryimage"},"thumbnailUrl":"http:\/\/www.adryco.com\/wp-content\/uploads\/2017\/01\/7d584af7-5883-4889-8576-9dd2506a7d10.jpg","datePublished":"2016-11-17T13:47:59+00:00","dateModified":"2017-01-23T13:55:22+00:00","author":{"@id":"https:\/\/www.adryco.com\/#\/schema\/person\/3c77fbe6f15c85a33638d67b3f9396ac"},"breadcrumb":{"@id":"https:\/\/www.adryco.com\/?p=1112#breadcrumb"},"inLanguage":"en-US","potentialAction":[{"@type":"ReadAction","target":["https:\/\/www.adryco.com\/?p=1112"]}]},{"@type":"ImageObject","inLanguage":"en-US","@id":"https:\/\/www.adryco.com\/?p=1112#primaryimage","url":"https:\/\/www.adryco.com\/wp-content\/uploads\/2017\/01\/7d584af7-5883-4889-8576-9dd2506a7d10.jpg","contentUrl":"https:\/\/www.adryco.com\/wp-content\/uploads\/2017\/01\/7d584af7-5883-4889-8576-9dd2506a7d10.jpg","width":2344,"height":1920},{"@type":"BreadcrumbList","@id":"https:\/\/www.adryco.com\/?p=1112#breadcrumb","itemListElement":[{"@type":"ListItem","position":1,"name":"Home","item":"https:\/\/www.adryco.com\/"},{"@type":"ListItem","position":2,"name":"Decora las paredes de tu vivienda o negocio"}]},{"@type":"WebSite","@id":"https:\/\/www.adryco.com\/#website","url":"https:\/\/www.adryco.com\/","name":"Reforma 3","description":"Reformas integrales de calidad","potentialAction":[{"@type":"SearchAction","target":{"@type":"EntryPoint","urlTemplate":"https:\/\/www.adryco.com\/?s={search_term_string}"},"query-input":{"@type":"PropertyValueSpecification","valueRequired":true,"valueName":"search_term_string"}}],"inLanguage":"en-US"},{"@type":"Person","@id":"https:\/\/www.adryco.com\/#\/schema\/person\/3c77fbe6f15c85a33638d67b3f9396ac","name":"Reforma3","image":{"@type":"ImageObject","inLanguage":"en-US","@id":"https:\/\/www.adryco.com\/#\/schema\/person\/image\/","url":"https:\/\/secure.gravatar.com\/avatar\/a348d475982855086635727202970dd01829aac6a683f18f180c8e305fc2118e?s=96&d=mm&r=g","contentUrl":"https:\/\/secure.gravatar.com\/avatar\/a348d475982855086635727202970dd01829aac6a683f18f180c8e305fc2118e?s=96&d=mm&r=g","caption":"Reforma3"},"url":"https:\/\/www.adryco.com\/?author=1"}]}},"_links":{"self":[{"href":"https:\/\/www.adryco.com\/index.php?rest_route=\/wp\/v2\/posts\/1112","targetHints":{"allow":["GET"]}}],"collection":[{"href":"https:\/\/www.adryco.com\/index.php?rest_route=\/wp\/v2\/posts"}],"about":[{"href":"https:\/\/www.adryco.com\/index.php?rest_route=\/wp\/v2\/types\/post"}],"author":[{"embeddable":true,"href":"https:\/\/www.adryco.com\/index.php?rest_route=\/wp\/v2\/users\/1"}],"replies":[{"embeddable":true,"href":"https:\/\/www.adryco.com\/index.php?rest_route=%2Fwp%2Fv2%2Fcomments&post=1112"}],"version-history":[{"count":3,"href":"https:\/\/www.adryco.com\/index.php?rest_route=\/wp\/v2\/posts\/1112\/revisions"}],"predecessor-version":[{"id":1122,"href":"https:\/\/www.adryco.com\/index.php?rest_route=\/wp\/v2\/posts\/1112\/revisions\/1122"}],"wp:attachment":[{"href":"https:\/\/www.adryco.com\/index.php?rest_route=%2Fwp%2Fv2%2Fmedia&parent=1112"}],"wp:term":[{"taxonomy":"category","embeddable":true,"href":"https:\/\/www.adryco.com\/index.php?rest_route=%2Fwp%2Fv2%2Fcategories&post=1112"},{"taxonomy":"post_tag","embeddable":true,"href":"https:\/\/www.adryco.com\/index.php?rest_route=%2Fwp%2Fv2%2Ftags&post=1112"}],"curies":[{"name":"wp","href":"https:\/\/api.w.org\/{rel}","templated":true}]}}