{"id":33,"date":"2015-11-16T17:46:18","date_gmt":"2015-11-16T16:46:18","guid":{"rendered":"http:\/\/www.adryco.com\/?p=33"},"modified":"2015-11-25T19:25:59","modified_gmt":"2015-11-25T18:25:59","slug":"banos-y-spa","status":"publish","type":"post","link":"https:\/\/www.adryco.com\/?p=33","title":{"rendered":"Ba\u00f1os y Spa"},"content":{"rendered":"<p>En las reformas de viviendas y restaurantes, uno de los elementos clave es el dise\u00f1o de los ba\u00f1os. Tanto si es tu casa, como si eres cliente de un restaurante, el dise\u00f1o y confort de los ba\u00f1os y aseos es fundamental.<\/p>\n<p>Aqu\u00ed os mostramos una colecci\u00f3n de ideas para que pod\u00e1is aplicarlas en vuestros proyectos.<\/p>\n<div data-carousel-extra='{\"blog_id\":1,\"permalink\":\"https:\\\/\\\/www.adryco.com\\\/?p=33\"}' class=\"tiled-gallery type-rectangular\" data-original-width=\"500\"><div class=\"gallery-row\" style=\"width: 495px; height: 367px;\"><div class=\"gallery-group images-1\" style=\"width: 248px; height: 371px;\"><div class=\"tiled-gallery-item tiled-gallery-item-small\"><a href=\"https:\/\/www.adryco.com\/wp-content\/uploads\/2015\/11\/0002_01-reforma-ba\u00f1o-piedra-natural-ducha-de-obra.jpg\"><img loading=\"lazy\" decoding=\"async\" data-attachment-id=\"747\" data-orig-file=\"https:\/\/www.adryco.com\/wp-content\/uploads\/2015\/11\/0002_01-reforma-ba\u00f1o-piedra-natural-ducha-de-obra.jpg\" data-orig-size=\"1328,2000\" data-comments-opened=\"1\" data-image-meta=\"{&quot;aperture&quot;:&quot;0&quot;,&quot;credit&quot;:&quot;&quot;,&quot;camera&quot;:&quot;&quot;,&quot;caption&quot;:&quot;&quot;,&quot;created_timestamp&quot;:&quot;0&quot;,&quot;copyright&quot;:&quot;&quot;,&quot;focal_length&quot;:&quot;0&quot;,&quot;iso&quot;:&quot;0&quot;,&quot;shutter_speed&quot;:&quot;0&quot;,&quot;title&quot;:&quot;&quot;,&quot;orientation&quot;:&quot;0&quot;}\" data-image-title=\"Reforma ba\u00f1o chapado en piedra natural y ducha de obra\" data-image-description=\"&lt;p&gt;Reforma ba\u00f1o chapado en piedra natural y ducha de obra&lt;\/p&gt;\n\" data-medium-file=\"https:\/\/www.adryco.com\/wp-content\/uploads\/2015\/11\/0002_01-reforma-ba\u00f1o-piedra-natural-ducha-de-obra-199x300.jpg\" data-large-file=\"https:\/\/www.adryco.com\/wp-content\/uploads\/2015\/11\/0002_01-reforma-ba\u00f1o-piedra-natural-ducha-de-obra-680x1024.jpg\" src=\"https:\/\/www.adryco.com\/wp-content\/uploads\/2015\/11\/0002_01-reforma-ba\u00f1o-piedra-natural-ducha-de-obra-244x367.jpg\" width=\"244\" height=\"367\" align=\"left\" title=\"Reforma ba\u00f1o chapado en piedra natural y ducha de obra\" \/><\/a><div class=\"tiled-gallery-caption\">Reforma ba\u00f1o chapado en piedra natural y ducha de obra<\/div><\/div><\/div><div class=\"gallery-group images-1\" style=\"width: 247px; height: 371px;\"><div class=\"tiled-gallery-item tiled-gallery-item-small\"><a href=\"https:\/\/www.adryco.com\/wp-content\/uploads\/2015\/11\/0002_03-columna-de-ducha-estantes-obra.jpg\"><img loading=\"lazy\" decoding=\"async\" data-attachment-id=\"748\" data-orig-file=\"https:\/\/www.adryco.com\/wp-content\/uploads\/2015\/11\/0002_03-columna-de-ducha-estantes-obra.jpg\" data-orig-size=\"1328,2000\" data-comments-opened=\"1\" data-image-meta=\"{&quot;aperture&quot;:&quot;0&quot;,&quot;credit&quot;:&quot;&quot;,&quot;camera&quot;:&quot;&quot;,&quot;caption&quot;:&quot;&quot;,&quot;created_timestamp&quot;:&quot;0&quot;,&quot;copyright&quot;:&quot;&quot;,&quot;focal_length&quot;:&quot;0&quot;,&quot;iso&quot;:&quot;0&quot;,&quot;shutter_speed&quot;:&quot;0&quot;,&quot;title&quot;:&quot;&quot;,&quot;orientation&quot;:&quot;0&quot;}\" data-image-title=\"Columna de ducha y estantes de ducha de obra\" data-image-description=\"&lt;p&gt;Columna de ducha y estantes de ducha de obra&lt;\/p&gt;\n\" data-medium-file=\"https:\/\/www.adryco.com\/wp-content\/uploads\/2015\/11\/0002_03-columna-de-ducha-estantes-obra-199x300.jpg\" data-large-file=\"https:\/\/www.adryco.com\/wp-content\/uploads\/2015\/11\/0002_03-columna-de-ducha-estantes-obra-680x1024.jpg\" src=\"https:\/\/www.adryco.com\/wp-content\/uploads\/2015\/11\/0002_03-columna-de-ducha-estantes-obra-243x367.jpg\" width=\"243\" height=\"367\" align=\"left\" title=\"Columna de ducha y estantes de ducha de obra\" \/><\/a><div class=\"tiled-gallery-caption\">Columna de ducha y estantes de ducha de obra<\/div><\/div><\/div><\/div><div class=\"gallery-row\" style=\"width: 495px; height: 346px;\"><div class=\"gallery-group images-2\" style=\"width: 261px; height: 350px;\"><div class=\"tiled-gallery-item tiled-gallery-item-large\"><a href=\"https:\/\/www.adryco.com\/wp-content\/uploads\/2015\/11\/0002_04-lavabo-griferia-ca\u00f1o-alto.jpg\"><img loading=\"lazy\" decoding=\"async\" data-attachment-id=\"749\" data-orig-file=\"https:\/\/www.adryco.com\/wp-content\/uploads\/2015\/11\/0002_04-lavabo-griferia-ca\u00f1o-alto.jpg\" data-orig-size=\"2000,1328\" data-comments-opened=\"1\" data-image-meta=\"{&quot;aperture&quot;:&quot;0&quot;,&quot;credit&quot;:&quot;&quot;,&quot;camera&quot;:&quot;&quot;,&quot;caption&quot;:&quot;&quot;,&quot;created_timestamp&quot;:&quot;0&quot;,&quot;copyright&quot;:&quot;&quot;,&quot;focal_length&quot;:&quot;0&quot;,&quot;iso&quot;:&quot;0&quot;,&quot;shutter_speed&quot;:&quot;0&quot;,&quot;title&quot;:&quot;&quot;,&quot;orientation&quot;:&quot;0&quot;}\" data-image-title=\"Lavabo con grifer\u00eda ca\u00f1o alto de dise\u00f1o | Reforma hogar\" data-image-description=\"&lt;p&gt;Lavabo con grifer\u00eda ca\u00f1o alto de dise\u00f1o | Reforma hogar&lt;\/p&gt;\n\" data-medium-file=\"https:\/\/www.adryco.com\/wp-content\/uploads\/2015\/11\/0002_04-lavabo-griferia-ca\u00f1o-alto-300x199.jpg\" data-large-file=\"https:\/\/www.adryco.com\/wp-content\/uploads\/2015\/11\/0002_04-lavabo-griferia-ca\u00f1o-alto-1024x680.jpg\" src=\"https:\/\/www.adryco.com\/wp-content\/uploads\/2015\/11\/0002_04-lavabo-griferia-ca\u00f1o-alto-257x171.jpg\" width=\"257\" height=\"171\" align=\"left\" title=\"Lavabo con grifer\u00eda ca\u00f1o alto de dise\u00f1o | Reforma hogar\" \/><\/a><div class=\"tiled-gallery-caption\">Lavabo con grifer\u00eda ca\u00f1o alto de dise\u00f1o | Reforma hogar<\/div><\/div><div class=\"tiled-gallery-item tiled-gallery-item-large\"><a href=\"https:\/\/www.adryco.com\/wp-content\/uploads\/2015\/11\/0002_07-mueble-ba\u00f1o-a-medida.jpg\"><img loading=\"lazy\" decoding=\"async\" data-attachment-id=\"750\" data-orig-file=\"https:\/\/www.adryco.com\/wp-content\/uploads\/2015\/11\/0002_07-mueble-ba\u00f1o-a-medida.jpg\" data-orig-size=\"2000,1328\" data-comments-opened=\"1\" data-image-meta=\"{&quot;aperture&quot;:&quot;0&quot;,&quot;credit&quot;:&quot;&quot;,&quot;camera&quot;:&quot;&quot;,&quot;caption&quot;:&quot;&quot;,&quot;created_timestamp&quot;:&quot;0&quot;,&quot;copyright&quot;:&quot;&quot;,&quot;focal_length&quot;:&quot;0&quot;,&quot;iso&quot;:&quot;0&quot;,&quot;shutter_speed&quot;:&quot;0&quot;,&quot;title&quot;:&quot;&quot;,&quot;orientation&quot;:&quot;0&quot;}\" data-image-title=\"Mueble ba\u00f1o a medida madera barnizada\" data-image-description=\"&lt;p&gt;Mueble ba\u00f1o a medida madera barnizada&lt;\/p&gt;\n\" data-medium-file=\"https:\/\/www.adryco.com\/wp-content\/uploads\/2015\/11\/0002_07-mueble-ba\u00f1o-a-medida-300x199.jpg\" data-large-file=\"https:\/\/www.adryco.com\/wp-content\/uploads\/2015\/11\/0002_07-mueble-ba\u00f1o-a-medida-1024x680.jpg\" src=\"https:\/\/www.adryco.com\/wp-content\/uploads\/2015\/11\/0002_07-mueble-ba\u00f1o-a-medida-257x171.jpg\" width=\"257\" height=\"171\" align=\"left\" title=\"Mueble ba\u00f1o a medida madera barnizada\" \/><\/a><div class=\"tiled-gallery-caption\">Mueble ba\u00f1o a medida madera barnizada<\/div><\/div><\/div><div class=\"gallery-group images-1\" style=\"width: 234px; height: 350px;\"><div class=\"tiled-gallery-item tiled-gallery-item-small\"><a href=\"https:\/\/www.adryco.com\/wp-content\/uploads\/2015\/11\/0002_08-ba\u00f1era-hidromasaje.jpg\"><img loading=\"lazy\" decoding=\"async\" data-attachment-id=\"751\" data-orig-file=\"https:\/\/www.adryco.com\/wp-content\/uploads\/2015\/11\/0002_08-ba\u00f1era-hidromasaje.jpg\" data-orig-size=\"1328,2000\" data-comments-opened=\"1\" data-image-meta=\"{&quot;aperture&quot;:&quot;0&quot;,&quot;credit&quot;:&quot;&quot;,&quot;camera&quot;:&quot;&quot;,&quot;caption&quot;:&quot;&quot;,&quot;created_timestamp&quot;:&quot;0&quot;,&quot;copyright&quot;:&quot;&quot;,&quot;focal_length&quot;:&quot;0&quot;,&quot;iso&quot;:&quot;0&quot;,&quot;shutter_speed&quot;:&quot;0&quot;,&quot;title&quot;:&quot;&quot;,&quot;orientation&quot;:&quot;0&quot;}\" data-image-title=\"Ba\u00f1era hidromasaje forrada en madera\" data-image-description=\"&lt;p&gt;Ba\u00f1era hidromasaje forrada en madera&lt;\/p&gt;\n\" data-medium-file=\"https:\/\/www.adryco.com\/wp-content\/uploads\/2015\/11\/0002_08-ba\u00f1era-hidromasaje-199x300.jpg\" data-large-file=\"https:\/\/www.adryco.com\/wp-content\/uploads\/2015\/11\/0002_08-ba\u00f1era-hidromasaje-680x1024.jpg\" src=\"https:\/\/www.adryco.com\/wp-content\/uploads\/2015\/11\/0002_08-ba\u00f1era-hidromasaje-230x346.jpg\" width=\"230\" height=\"346\" align=\"left\" title=\"Ba\u00f1era hidromasaje forrada en madera\" \/><\/a><div class=\"tiled-gallery-caption\">Ba\u00f1era hidromasaje forrada en madera<\/div><\/div><\/div><\/div><div class=\"gallery-row\" style=\"width: 495px; height: 157px;\"><div class=\"gallery-group images-1\" style=\"width: 129px; height: 161px;\"><div class=\"tiled-gallery-item tiled-gallery-item-small\"><a href=\"https:\/\/www.adryco.com\/wp-content\/uploads\/2015\/11\/0006_01-encimera-ba\u00f1o-cristal-reforma-chalet.jpg\"><img loading=\"lazy\" decoding=\"async\" data-attachment-id=\"752\" data-orig-file=\"https:\/\/www.adryco.com\/wp-content\/uploads\/2015\/11\/0006_01-encimera-ba\u00f1o-cristal-reforma-chalet.jpg\" data-orig-size=\"1596,2000\" data-comments-opened=\"1\" data-image-meta=\"{&quot;aperture&quot;:&quot;0&quot;,&quot;credit&quot;:&quot;&quot;,&quot;camera&quot;:&quot;&quot;,&quot;caption&quot;:&quot;&quot;,&quot;created_timestamp&quot;:&quot;0&quot;,&quot;copyright&quot;:&quot;&quot;,&quot;focal_length&quot;:&quot;0&quot;,&quot;iso&quot;:&quot;0&quot;,&quot;shutter_speed&quot;:&quot;0&quot;,&quot;title&quot;:&quot;&quot;,&quot;orientation&quot;:&quot;0&quot;}\" data-image-title=\"Encimera ba\u00f1o cristal y lavabo acero inox | Reforma chalet\" data-image-description=\"&lt;p&gt;Encimera ba\u00f1o cristal y lavabo acero inox | Reforma chalet&lt;\/p&gt;\n\" data-medium-file=\"https:\/\/www.adryco.com\/wp-content\/uploads\/2015\/11\/0006_01-encimera-ba\u00f1o-cristal-reforma-chalet-239x300.jpg\" data-large-file=\"https:\/\/www.adryco.com\/wp-content\/uploads\/2015\/11\/0006_01-encimera-ba\u00f1o-cristal-reforma-chalet-817x1024.jpg\" src=\"https:\/\/www.adryco.com\/wp-content\/uploads\/2015\/11\/0006_01-encimera-ba\u00f1o-cristal-reforma-chalet-125x157.jpg\" width=\"125\" height=\"157\" align=\"left\" title=\"Encimera ba\u00f1o cristal y lavabo acero inox | Reforma chalet\" \/><\/a><div class=\"tiled-gallery-caption\">Encimera ba\u00f1o cristal y lavabo acero inox | Reforma chalet<\/div><\/div><\/div><div class=\"gallery-group images-1\" style=\"width: 122px; height: 161px;\"><div class=\"tiled-gallery-item tiled-gallery-item-small\"><a href=\"https:\/\/www.adryco.com\/wp-content\/uploads\/2015\/11\/1015_05-encimera-ba\u00f1o-marmol-grifo-ca\u00f1o-alto.jpg\"><img loading=\"lazy\" decoding=\"async\" data-attachment-id=\"753\" data-orig-file=\"https:\/\/www.adryco.com\/wp-content\/uploads\/2015\/11\/1015_05-encimera-ba\u00f1o-marmol-grifo-ca\u00f1o-alto.jpg\" data-orig-size=\"1497,2000\" data-comments-opened=\"1\" data-image-meta=\"{&quot;aperture&quot;:&quot;0&quot;,&quot;credit&quot;:&quot;&quot;,&quot;camera&quot;:&quot;&quot;,&quot;caption&quot;:&quot;&quot;,&quot;created_timestamp&quot;:&quot;0&quot;,&quot;copyright&quot;:&quot;&quot;,&quot;focal_length&quot;:&quot;0&quot;,&quot;iso&quot;:&quot;0&quot;,&quot;shutter_speed&quot;:&quot;0&quot;,&quot;title&quot;:&quot;&quot;,&quot;orientation&quot;:&quot;0&quot;}\" data-image-title=\"Encimera de ba\u00f1o en m\u00e1rmol con grifo de ca\u00f1o alto\" data-image-description=\"&lt;p&gt;Encimera de ba\u00f1o en m\u00e1rmol con grifo de ca\u00f1o alto&lt;\/p&gt;\n\" data-medium-file=\"https:\/\/www.adryco.com\/wp-content\/uploads\/2015\/11\/1015_05-encimera-ba\u00f1o-marmol-grifo-ca\u00f1o-alto-225x300.jpg\" data-large-file=\"https:\/\/www.adryco.com\/wp-content\/uploads\/2015\/11\/1015_05-encimera-ba\u00f1o-marmol-grifo-ca\u00f1o-alto-766x1024.jpg\" src=\"https:\/\/www.adryco.com\/wp-content\/uploads\/2015\/11\/1015_05-encimera-ba\u00f1o-marmol-grifo-ca\u00f1o-alto-118x157.jpg\" width=\"118\" height=\"157\" align=\"left\" title=\"Encimera de ba\u00f1o en m\u00e1rmol con grifo de ca\u00f1o alto\" \/><\/a><div class=\"tiled-gallery-caption\">Encimera de ba\u00f1o en m\u00e1rmol con grifo de ca\u00f1o alto<\/div><\/div><\/div><div class=\"gallery-group images-1\" style=\"width: 122px; height: 161px;\"><div class=\"tiled-gallery-item tiled-gallery-item-small\"><a href=\"https:\/\/www.adryco.com\/wp-content\/uploads\/2015\/11\/1030_01-lavabo-piedra-natural-reforma-piso.jpg\"><img loading=\"lazy\" decoding=\"async\" data-attachment-id=\"754\" data-orig-file=\"https:\/\/www.adryco.com\/wp-content\/uploads\/2015\/11\/1030_01-lavabo-piedra-natural-reforma-piso.jpg\" data-orig-size=\"1500,2000\" data-comments-opened=\"1\" data-image-meta=\"{&quot;aperture&quot;:&quot;0&quot;,&quot;credit&quot;:&quot;&quot;,&quot;camera&quot;:&quot;&quot;,&quot;caption&quot;:&quot;&quot;,&quot;created_timestamp&quot;:&quot;0&quot;,&quot;copyright&quot;:&quot;&quot;,&quot;focal_length&quot;:&quot;0&quot;,&quot;iso&quot;:&quot;0&quot;,&quot;shutter_speed&quot;:&quot;0&quot;,&quot;title&quot;:&quot;&quot;,&quot;orientation&quot;:&quot;0&quot;}\" data-image-title=\"Lavabo piedra natural tallada en reforma de piso\" data-image-description=\"&lt;p&gt;Lavabo piedra natural tallada en reforma de piso&lt;\/p&gt;\n\" data-medium-file=\"https:\/\/www.adryco.com\/wp-content\/uploads\/2015\/11\/1030_01-lavabo-piedra-natural-reforma-piso-225x300.jpg\" data-large-file=\"https:\/\/www.adryco.com\/wp-content\/uploads\/2015\/11\/1030_01-lavabo-piedra-natural-reforma-piso-768x1024.jpg\" src=\"https:\/\/www.adryco.com\/wp-content\/uploads\/2015\/11\/1030_01-lavabo-piedra-natural-reforma-piso-118x157.jpg\" width=\"118\" height=\"157\" align=\"left\" title=\"Lavabo piedra natural tallada en reforma de piso\" \/><\/a><div class=\"tiled-gallery-caption\">Lavabo piedra natural tallada en reforma de piso<\/div><\/div><\/div><div class=\"gallery-group images-1\" style=\"width: 122px; height: 161px;\"><div class=\"tiled-gallery-item tiled-gallery-item-small\"><a href=\"https:\/\/www.adryco.com\/wp-content\/uploads\/2015\/11\/1030_02-ba\u00f1era-hidromasaje-doble.jpg\"><img loading=\"lazy\" decoding=\"async\" data-attachment-id=\"755\" data-orig-file=\"https:\/\/www.adryco.com\/wp-content\/uploads\/2015\/11\/1030_02-ba\u00f1era-hidromasaje-doble.jpg\" data-orig-size=\"1500,2000\" data-comments-opened=\"1\" data-image-meta=\"{&quot;aperture&quot;:&quot;0&quot;,&quot;credit&quot;:&quot;&quot;,&quot;camera&quot;:&quot;&quot;,&quot;caption&quot;:&quot;&quot;,&quot;created_timestamp&quot;:&quot;0&quot;,&quot;copyright&quot;:&quot;&quot;,&quot;focal_length&quot;:&quot;0&quot;,&quot;iso&quot;:&quot;0&quot;,&quot;shutter_speed&quot;:&quot;0&quot;,&quot;title&quot;:&quot;&quot;,&quot;orientation&quot;:&quot;0&quot;}\" data-image-title=\"Ba\u00f1era hidromasaje doble\" data-image-description=\"&lt;p&gt;Ba\u00f1era hidromasaje doble&lt;\/p&gt;\n\" data-medium-file=\"https:\/\/www.adryco.com\/wp-content\/uploads\/2015\/11\/1030_02-ba\u00f1era-hidromasaje-doble-225x300.jpg\" data-large-file=\"https:\/\/www.adryco.com\/wp-content\/uploads\/2015\/11\/1030_02-ba\u00f1era-hidromasaje-doble-768x1024.jpg\" src=\"https:\/\/www.adryco.com\/wp-content\/uploads\/2015\/11\/1030_02-ba\u00f1era-hidromasaje-doble-118x157.jpg\" width=\"118\" height=\"157\" align=\"left\" title=\"Ba\u00f1era hidromasaje doble\" \/><\/a><div class=\"tiled-gallery-caption\">Ba\u00f1era hidromasaje doble<\/div><\/div><\/div><\/div><div class=\"gallery-row\" style=\"width: 495px; height: 231px;\"><div class=\"gallery-group images-1\" style=\"width: 178px; height: 235px;\"><div class=\"tiled-gallery-item tiled-gallery-item-small\"><a href=\"https:\/\/www.adryco.com\/wp-content\/uploads\/2015\/11\/1030_04-griferia-ba\u00f1era-hidromasaje-reforma-madrid.jpg\"><img loading=\"lazy\" decoding=\"async\" data-attachment-id=\"756\" data-orig-file=\"https:\/\/www.adryco.com\/wp-content\/uploads\/2015\/11\/1030_04-griferia-ba\u00f1era-hidromasaje-reforma-madrid.jpg\" data-orig-size=\"1500,2000\" data-comments-opened=\"1\" data-image-meta=\"{&quot;aperture&quot;:&quot;0&quot;,&quot;credit&quot;:&quot;&quot;,&quot;camera&quot;:&quot;&quot;,&quot;caption&quot;:&quot;&quot;,&quot;created_timestamp&quot;:&quot;0&quot;,&quot;copyright&quot;:&quot;&quot;,&quot;focal_length&quot;:&quot;0&quot;,&quot;iso&quot;:&quot;0&quot;,&quot;shutter_speed&quot;:&quot;0&quot;,&quot;title&quot;:&quot;&quot;,&quot;orientation&quot;:&quot;0&quot;}\" data-image-title=\"Grifer\u00eda ba\u00f1era hidromasaje | Reforma en Madrid\" data-image-description=\"&lt;p&gt;Grifer\u00eda ba\u00f1era hidromasaje | Reforma en Madrid&lt;\/p&gt;\n\" data-medium-file=\"https:\/\/www.adryco.com\/wp-content\/uploads\/2015\/11\/1030_04-griferia-ba\u00f1era-hidromasaje-reforma-madrid-225x300.jpg\" data-large-file=\"https:\/\/www.adryco.com\/wp-content\/uploads\/2015\/11\/1030_04-griferia-ba\u00f1era-hidromasaje-reforma-madrid-768x1024.jpg\" src=\"https:\/\/www.adryco.com\/wp-content\/uploads\/2015\/11\/1030_04-griferia-ba\u00f1era-hidromasaje-reforma-madrid-174x231.jpg\" width=\"174\" height=\"231\" align=\"left\" title=\"Grifer\u00eda ba\u00f1era hidromasaje | Reforma en Madrid\" \/><\/a><div class=\"tiled-gallery-caption\">Grifer\u00eda ba\u00f1era hidromasaje | Reforma en Madrid<\/div><\/div><\/div><div class=\"gallery-group images-1\" style=\"width: 317px; height: 235px;\"><div class=\"tiled-gallery-item tiled-gallery-item-large\"><a href=\"https:\/\/www.adryco.com\/wp-content\/uploads\/2015\/11\/1046_02-spa-jacuzzi-columna-ducha-jets.jpg\"><img loading=\"lazy\" decoding=\"async\" data-attachment-id=\"757\" data-orig-file=\"https:\/\/www.adryco.com\/wp-content\/uploads\/2015\/11\/1046_02-spa-jacuzzi-columna-ducha-jets.jpg\" data-orig-size=\"1469,1084\" data-comments-opened=\"1\" data-image-meta=\"{&quot;aperture&quot;:&quot;0&quot;,&quot;credit&quot;:&quot;&quot;,&quot;camera&quot;:&quot;&quot;,&quot;caption&quot;:&quot;&quot;,&quot;created_timestamp&quot;:&quot;0&quot;,&quot;copyright&quot;:&quot;&quot;,&quot;focal_length&quot;:&quot;0&quot;,&quot;iso&quot;:&quot;0&quot;,&quot;shutter_speed&quot;:&quot;0&quot;,&quot;title&quot;:&quot;&quot;,&quot;orientation&quot;:&quot;0&quot;}\" data-image-title=\"Spa con jacuzzi y columna ducha de jets\" data-image-description=\"&lt;p&gt;Spa con jacuzzi y columna ducha de jets&lt;\/p&gt;\n\" data-medium-file=\"https:\/\/www.adryco.com\/wp-content\/uploads\/2015\/11\/1046_02-spa-jacuzzi-columna-ducha-jets-300x221.jpg\" data-large-file=\"https:\/\/www.adryco.com\/wp-content\/uploads\/2015\/11\/1046_02-spa-jacuzzi-columna-ducha-jets-1024x756.jpg\" src=\"https:\/\/www.adryco.com\/wp-content\/uploads\/2015\/11\/1046_02-spa-jacuzzi-columna-ducha-jets-313x231.jpg\" width=\"313\" height=\"231\" align=\"left\" title=\"Spa con jacuzzi y columna ducha de jets\" \/><\/a><div class=\"tiled-gallery-caption\">Spa con jacuzzi y columna ducha de jets<\/div><\/div><\/div><\/div><div class=\"gallery-row\" style=\"width: 495px; height: 180px;\"><div class=\"gallery-group images-1\" style=\"width: 124px; height: 184px;\"><div class=\"tiled-gallery-item tiled-gallery-item-small\"><a href=\"https:\/\/www.adryco.com\/wp-content\/uploads\/2015\/11\/1051_01-lavabo-dise\u00f1o-encimera-cristal.jpg\"><img loading=\"lazy\" decoding=\"async\" data-attachment-id=\"758\" data-orig-file=\"https:\/\/www.adryco.com\/wp-content\/uploads\/2015\/11\/1051_01-lavabo-dise\u00f1o-encimera-cristal.jpg\" data-orig-size=\"1333,2000\" data-comments-opened=\"1\" data-image-meta=\"{&quot;aperture&quot;:&quot;0&quot;,&quot;credit&quot;:&quot;&quot;,&quot;camera&quot;:&quot;&quot;,&quot;caption&quot;:&quot;&quot;,&quot;created_timestamp&quot;:&quot;0&quot;,&quot;copyright&quot;:&quot;&quot;,&quot;focal_length&quot;:&quot;0&quot;,&quot;iso&quot;:&quot;0&quot;,&quot;shutter_speed&quot;:&quot;0&quot;,&quot;title&quot;:&quot;&quot;,&quot;orientation&quot;:&quot;0&quot;}\" data-image-title=\"Lavabo dise\u00f1o con encimera cristal en reforma de ba\u00f1o\" data-image-description=\"&lt;p&gt;Lavabo dise\u00f1o con encimera cristal en reforma de ba\u00f1o&lt;\/p&gt;\n\" data-medium-file=\"https:\/\/www.adryco.com\/wp-content\/uploads\/2015\/11\/1051_01-lavabo-dise\u00f1o-encimera-cristal-200x300.jpg\" data-large-file=\"https:\/\/www.adryco.com\/wp-content\/uploads\/2015\/11\/1051_01-lavabo-dise\u00f1o-encimera-cristal-682x1024.jpg\" src=\"https:\/\/www.adryco.com\/wp-content\/uploads\/2015\/11\/1051_01-lavabo-dise\u00f1o-encimera-cristal-120x180.jpg\" width=\"120\" height=\"180\" align=\"left\" title=\"Lavabo dise\u00f1o con encimera cristal en reforma de ba\u00f1o\" \/><\/a><div class=\"tiled-gallery-caption\">Lavabo dise\u00f1o con encimera cristal en reforma de ba\u00f1o<\/div><\/div><\/div><div class=\"gallery-group images-1\" style=\"width: 124px; height: 184px;\"><div class=\"tiled-gallery-item tiled-gallery-item-small\"><a href=\"https:\/\/www.adryco.com\/wp-content\/uploads\/2015\/11\/1051_02-plato-ducha-extraplano-reforma-ba\u00f1o-vivienda.jpg\"><img loading=\"lazy\" decoding=\"async\" data-attachment-id=\"759\" data-orig-file=\"https:\/\/www.adryco.com\/wp-content\/uploads\/2015\/11\/1051_02-plato-ducha-extraplano-reforma-ba\u00f1o-vivienda.jpg\" data-orig-size=\"1333,2000\" data-comments-opened=\"1\" data-image-meta=\"{&quot;aperture&quot;:&quot;0&quot;,&quot;credit&quot;:&quot;&quot;,&quot;camera&quot;:&quot;&quot;,&quot;caption&quot;:&quot;&quot;,&quot;created_timestamp&quot;:&quot;0&quot;,&quot;copyright&quot;:&quot;&quot;,&quot;focal_length&quot;:&quot;0&quot;,&quot;iso&quot;:&quot;0&quot;,&quot;shutter_speed&quot;:&quot;0&quot;,&quot;title&quot;:&quot;&quot;,&quot;orientation&quot;:&quot;0&quot;}\" data-image-title=\"Plato ducha extraplano | Reforma ba\u00f1o vivienda\" data-image-description=\"&lt;p&gt;Plato ducha extraplano | Reforma ba\u00f1o vivienda&lt;\/p&gt;\n\" data-medium-file=\"https:\/\/www.adryco.com\/wp-content\/uploads\/2015\/11\/1051_02-plato-ducha-extraplano-reforma-ba\u00f1o-vivienda-200x300.jpg\" data-large-file=\"https:\/\/www.adryco.com\/wp-content\/uploads\/2015\/11\/1051_02-plato-ducha-extraplano-reforma-ba\u00f1o-vivienda-682x1024.jpg\" src=\"https:\/\/www.adryco.com\/wp-content\/uploads\/2015\/11\/1051_02-plato-ducha-extraplano-reforma-ba\u00f1o-vivienda-120x180.jpg\" width=\"120\" height=\"180\" align=\"left\" title=\"Plato ducha extraplano | Reforma ba\u00f1o vivienda\" \/><\/a><div class=\"tiled-gallery-caption\">Plato ducha extraplano | Reforma ba\u00f1o vivienda<\/div><\/div><\/div><div class=\"gallery-group images-1\" style=\"width: 124px; height: 184px;\"><div class=\"tiled-gallery-item tiled-gallery-item-small\"><a href=\"https:\/\/www.adryco.com\/wp-content\/uploads\/2015\/11\/1051_04-suelo-cristal-ba\u00f1o.jpg\"><img loading=\"lazy\" decoding=\"async\" data-attachment-id=\"760\" data-orig-file=\"https:\/\/www.adryco.com\/wp-content\/uploads\/2015\/11\/1051_04-suelo-cristal-ba\u00f1o.jpg\" data-orig-size=\"1333,2000\" data-comments-opened=\"1\" data-image-meta=\"{&quot;aperture&quot;:&quot;0&quot;,&quot;credit&quot;:&quot;&quot;,&quot;camera&quot;:&quot;&quot;,&quot;caption&quot;:&quot;&quot;,&quot;created_timestamp&quot;:&quot;0&quot;,&quot;copyright&quot;:&quot;&quot;,&quot;focal_length&quot;:&quot;0&quot;,&quot;iso&quot;:&quot;0&quot;,&quot;shutter_speed&quot;:&quot;0&quot;,&quot;title&quot;:&quot;&quot;,&quot;orientation&quot;:&quot;0&quot;}\" data-image-title=\"Suelo cristal en ba\u00f1o chalet\" data-image-description=\"&lt;p&gt;Suelo cristal en ba\u00f1o chalet&lt;\/p&gt;\n\" data-medium-file=\"https:\/\/www.adryco.com\/wp-content\/uploads\/2015\/11\/1051_04-suelo-cristal-ba\u00f1o-200x300.jpg\" data-large-file=\"https:\/\/www.adryco.com\/wp-content\/uploads\/2015\/11\/1051_04-suelo-cristal-ba\u00f1o-682x1024.jpg\" src=\"https:\/\/www.adryco.com\/wp-content\/uploads\/2015\/11\/1051_04-suelo-cristal-ba\u00f1o-120x180.jpg\" width=\"120\" height=\"180\" align=\"left\" title=\"Suelo cristal en ba\u00f1o chalet\" \/><\/a><div class=\"tiled-gallery-caption\">Suelo cristal en ba\u00f1o chalet<\/div><\/div><\/div><div class=\"gallery-group images-1\" style=\"width: 123px; height: 184px;\"><div class=\"tiled-gallery-item tiled-gallery-item-small\"><a href=\"https:\/\/www.adryco.com\/wp-content\/uploads\/2015\/11\/1051_05-plato-ducha-doble.jpg\"><img loading=\"lazy\" decoding=\"async\" data-attachment-id=\"761\" data-orig-file=\"https:\/\/www.adryco.com\/wp-content\/uploads\/2015\/11\/1051_05-plato-ducha-doble.jpg\" data-orig-size=\"1333,2000\" data-comments-opened=\"1\" data-image-meta=\"{&quot;aperture&quot;:&quot;0&quot;,&quot;credit&quot;:&quot;&quot;,&quot;camera&quot;:&quot;&quot;,&quot;caption&quot;:&quot;&quot;,&quot;created_timestamp&quot;:&quot;0&quot;,&quot;copyright&quot;:&quot;&quot;,&quot;focal_length&quot;:&quot;0&quot;,&quot;iso&quot;:&quot;0&quot;,&quot;shutter_speed&quot;:&quot;0&quot;,&quot;title&quot;:&quot;&quot;,&quot;orientation&quot;:&quot;0&quot;}\" data-image-title=\"Plato ducha doble en ba\u00f1o decorado en negro\" data-image-description=\"&lt;p&gt;Plato ducha doble en ba\u00f1o decorado en negro&lt;\/p&gt;\n\" data-medium-file=\"https:\/\/www.adryco.com\/wp-content\/uploads\/2015\/11\/1051_05-plato-ducha-doble-200x300.jpg\" data-large-file=\"https:\/\/www.adryco.com\/wp-content\/uploads\/2015\/11\/1051_05-plato-ducha-doble-682x1024.jpg\" src=\"https:\/\/www.adryco.com\/wp-content\/uploads\/2015\/11\/1051_05-plato-ducha-doble-119x180.jpg\" width=\"119\" height=\"180\" align=\"left\" title=\"Plato ducha doble en ba\u00f1o decorado en negro\" \/><\/a><div class=\"tiled-gallery-caption\">Plato ducha doble en ba\u00f1o decorado en negro<\/div><\/div><\/div><\/div><div class=\"gallery-row\" style=\"width: 495px; height: 132px;\"><div class=\"gallery-group images-1\" style=\"width: 202px; height: 136px;\"><div class=\"tiled-gallery-item tiled-gallery-item-small\"><a href=\"https:\/\/www.adryco.com\/wp-content\/uploads\/2015\/11\/1051_11-ba\u00f1era-hidromasaje-spa-reforma-chalet-madrid.jpg\"><img loading=\"lazy\" decoding=\"async\" data-attachment-id=\"762\" data-orig-file=\"https:\/\/www.adryco.com\/wp-content\/uploads\/2015\/11\/1051_11-ba\u00f1era-hidromasaje-spa-reforma-chalet-madrid.jpg\" data-orig-size=\"2000,1333\" data-comments-opened=\"1\" data-image-meta=\"{&quot;aperture&quot;:&quot;0&quot;,&quot;credit&quot;:&quot;&quot;,&quot;camera&quot;:&quot;&quot;,&quot;caption&quot;:&quot;&quot;,&quot;created_timestamp&quot;:&quot;0&quot;,&quot;copyright&quot;:&quot;&quot;,&quot;focal_length&quot;:&quot;0&quot;,&quot;iso&quot;:&quot;0&quot;,&quot;shutter_speed&quot;:&quot;0&quot;,&quot;title&quot;:&quot;&quot;,&quot;orientation&quot;:&quot;0&quot;}\" data-image-title=\"Ba\u00f1era hidromasaje en spa de reforma de chalet en Madrid\" data-image-description=\"&lt;p&gt;Ba\u00f1era hidromasaje en spa de reforma de chalet en Madrid&lt;\/p&gt;\n\" data-medium-file=\"https:\/\/www.adryco.com\/wp-content\/uploads\/2015\/11\/1051_11-ba\u00f1era-hidromasaje-spa-reforma-chalet-madrid-300x200.jpg\" data-large-file=\"https:\/\/www.adryco.com\/wp-content\/uploads\/2015\/11\/1051_11-ba\u00f1era-hidromasaje-spa-reforma-chalet-madrid-1024x682.jpg\" src=\"https:\/\/www.adryco.com\/wp-content\/uploads\/2015\/11\/1051_11-ba\u00f1era-hidromasaje-spa-reforma-chalet-madrid-198x132.jpg\" width=\"198\" height=\"132\" align=\"left\" title=\"Ba\u00f1era hidromasaje en spa de reforma de chalet en Madrid\" \/><\/a><div class=\"tiled-gallery-caption\">Ba\u00f1era hidromasaje en spa de reforma de chalet en Madrid<\/div><\/div><\/div><div class=\"gallery-group images-1\" style=\"width: 92px; height: 136px;\"><div class=\"tiled-gallery-item tiled-gallery-item-small\"><a href=\"https:\/\/www.adryco.com\/wp-content\/uploads\/2015\/11\/1051_13-canto-rodado-spa.jpg\"><img loading=\"lazy\" decoding=\"async\" data-attachment-id=\"763\" data-orig-file=\"https:\/\/www.adryco.com\/wp-content\/uploads\/2015\/11\/1051_13-canto-rodado-spa.jpg\" data-orig-size=\"1333,2000\" data-comments-opened=\"1\" data-image-meta=\"{&quot;aperture&quot;:&quot;0&quot;,&quot;credit&quot;:&quot;&quot;,&quot;camera&quot;:&quot;&quot;,&quot;caption&quot;:&quot;&quot;,&quot;created_timestamp&quot;:&quot;0&quot;,&quot;copyright&quot;:&quot;&quot;,&quot;focal_length&quot;:&quot;0&quot;,&quot;iso&quot;:&quot;0&quot;,&quot;shutter_speed&quot;:&quot;0&quot;,&quot;title&quot;:&quot;&quot;,&quot;orientation&quot;:&quot;0&quot;}\" data-image-title=\"Detalle decoraci\u00f3n con canto rodado en spa\" data-image-description=\"&lt;p&gt;Detalle decoraci\u00f3n con canto rodado en spa&lt;\/p&gt;\n\" data-medium-file=\"https:\/\/www.adryco.com\/wp-content\/uploads\/2015\/11\/1051_13-canto-rodado-spa-200x300.jpg\" data-large-file=\"https:\/\/www.adryco.com\/wp-content\/uploads\/2015\/11\/1051_13-canto-rodado-spa-682x1024.jpg\" src=\"https:\/\/www.adryco.com\/wp-content\/uploads\/2015\/11\/1051_13-canto-rodado-spa-88x132.jpg\" width=\"88\" height=\"132\" align=\"left\" title=\"Detalle decoraci\u00f3n con canto rodado en spa\" \/><\/a><div class=\"tiled-gallery-caption\">Detalle decoraci\u00f3n con canto rodado en spa<\/div><\/div><\/div><div class=\"gallery-group images-1\" style=\"width: 201px; height: 136px;\"><div class=\"tiled-gallery-item tiled-gallery-item-small\"><a href=\"https:\/\/www.adryco.com\/wp-content\/uploads\/2015\/11\/1051_17-encimera-cristal-lavabo-negro.jpg\"><img loading=\"lazy\" decoding=\"async\" data-attachment-id=\"764\" data-orig-file=\"https:\/\/www.adryco.com\/wp-content\/uploads\/2015\/11\/1051_17-encimera-cristal-lavabo-negro.jpg\" data-orig-size=\"2000,1333\" data-comments-opened=\"1\" data-image-meta=\"{&quot;aperture&quot;:&quot;0&quot;,&quot;credit&quot;:&quot;&quot;,&quot;camera&quot;:&quot;&quot;,&quot;caption&quot;:&quot;&quot;,&quot;created_timestamp&quot;:&quot;0&quot;,&quot;copyright&quot;:&quot;&quot;,&quot;focal_length&quot;:&quot;0&quot;,&quot;iso&quot;:&quot;0&quot;,&quot;shutter_speed&quot;:&quot;0&quot;,&quot;title&quot;:&quot;&quot;,&quot;orientation&quot;:&quot;0&quot;}\" data-image-title=\"Encimera placas de cristal con lavabo negro | Reforma integral chalet Madrid\" data-image-description=\"&lt;p&gt;Encimera placas de cristal con lavabo negro | Reforma integral chalet Madrid&lt;\/p&gt;\n\" data-medium-file=\"https:\/\/www.adryco.com\/wp-content\/uploads\/2015\/11\/1051_17-encimera-cristal-lavabo-negro-300x200.jpg\" data-large-file=\"https:\/\/www.adryco.com\/wp-content\/uploads\/2015\/11\/1051_17-encimera-cristal-lavabo-negro-1024x682.jpg\" src=\"https:\/\/www.adryco.com\/wp-content\/uploads\/2015\/11\/1051_17-encimera-cristal-lavabo-negro-197x132.jpg\" width=\"197\" height=\"132\" align=\"left\" title=\"Encimera placas de cristal con lavabo negro | Reforma integral chalet Madrid\" \/><\/a><div class=\"tiled-gallery-caption\">Encimera placas de cristal con lavabo negro | Reforma integral chalet Madrid<\/div><\/div><\/div><\/div><div class=\"gallery-row\" style=\"width: 495px; height: 148px;\"><div class=\"gallery-group images-1\" style=\"width: 64px; height: 152px;\"><div class=\"tiled-gallery-item tiled-gallery-item-small\"><a href=\"https:\/\/www.adryco.com\/wp-content\/uploads\/2015\/11\/1069_03-columna-ducha-acero-inoxidable-reforma-atico-madrid.jpg\"><img loading=\"lazy\" decoding=\"async\" data-attachment-id=\"765\" data-orig-file=\"https:\/\/www.adryco.com\/wp-content\/uploads\/2015\/11\/1069_03-columna-ducha-acero-inoxidable-reforma-atico-madrid.jpg\" data-orig-size=\"816,2000\" data-comments-opened=\"1\" data-image-meta=\"{&quot;aperture&quot;:&quot;0&quot;,&quot;credit&quot;:&quot;&quot;,&quot;camera&quot;:&quot;&quot;,&quot;caption&quot;:&quot;&quot;,&quot;created_timestamp&quot;:&quot;0&quot;,&quot;copyright&quot;:&quot;&quot;,&quot;focal_length&quot;:&quot;0&quot;,&quot;iso&quot;:&quot;0&quot;,&quot;shutter_speed&quot;:&quot;0&quot;,&quot;title&quot;:&quot;&quot;,&quot;orientation&quot;:&quot;0&quot;}\" data-image-title=\"Columna ducha acero inoxidable en reforma de \u00e1tico Madrid\" data-image-description=\"&lt;p&gt;Columna ducha acero inoxidable en reforma de \u00e1tico Madrid&lt;\/p&gt;\n\" data-medium-file=\"https:\/\/www.adryco.com\/wp-content\/uploads\/2015\/11\/1069_03-columna-ducha-acero-inoxidable-reforma-atico-madrid-122x300.jpg\" data-large-file=\"https:\/\/www.adryco.com\/wp-content\/uploads\/2015\/11\/1069_03-columna-ducha-acero-inoxidable-reforma-atico-madrid-418x1024.jpg\" src=\"https:\/\/www.adryco.com\/wp-content\/uploads\/2015\/11\/1069_03-columna-ducha-acero-inoxidable-reforma-atico-madrid-60x148.jpg\" width=\"60\" height=\"148\" align=\"left\" title=\"Columna ducha acero inoxidable en reforma de \u00e1tico Madrid\" \/><\/a><div class=\"tiled-gallery-caption\">Columna ducha acero inoxidable en reforma de \u00e1tico Madrid<\/div><\/div><\/div><div class=\"gallery-group images-1\" style=\"width: 102px; height: 152px;\"><div class=\"tiled-gallery-item tiled-gallery-item-small\"><a href=\"https:\/\/www.adryco.com\/wp-content\/uploads\/2015\/11\/1093_01-aseo-lavamanos.jpg\"><img loading=\"lazy\" decoding=\"async\" data-attachment-id=\"766\" data-orig-file=\"https:\/\/www.adryco.com\/wp-content\/uploads\/2015\/11\/1093_01-aseo-lavamanos.jpg\" data-orig-size=\"1328,2000\" data-comments-opened=\"1\" data-image-meta=\"{&quot;aperture&quot;:&quot;0&quot;,&quot;credit&quot;:&quot;&quot;,&quot;camera&quot;:&quot;&quot;,&quot;caption&quot;:&quot;&quot;,&quot;created_timestamp&quot;:&quot;0&quot;,&quot;copyright&quot;:&quot;&quot;,&quot;focal_length&quot;:&quot;0&quot;,&quot;iso&quot;:&quot;0&quot;,&quot;shutter_speed&quot;:&quot;0&quot;,&quot;title&quot;:&quot;&quot;,&quot;orientation&quot;:&quot;0&quot;}\" data-image-title=\"Aseo peque\u00f1o con lavamanos\" data-image-description=\"&lt;p&gt;Aseo peque\u00f1o con lavamanos&lt;\/p&gt;\n\" data-medium-file=\"https:\/\/www.adryco.com\/wp-content\/uploads\/2015\/11\/1093_01-aseo-lavamanos-199x300.jpg\" data-large-file=\"https:\/\/www.adryco.com\/wp-content\/uploads\/2015\/11\/1093_01-aseo-lavamanos-680x1024.jpg\" src=\"https:\/\/www.adryco.com\/wp-content\/uploads\/2015\/11\/1093_01-aseo-lavamanos-98x148.jpg\" width=\"98\" height=\"148\" align=\"left\" title=\"Aseo peque\u00f1o con lavamanos\" \/><\/a><div class=\"tiled-gallery-caption\">Aseo peque\u00f1o con lavamanos<\/div><\/div><\/div><div class=\"gallery-group images-1\" style=\"width: 226px; height: 152px;\"><div class=\"tiled-gallery-item tiled-gallery-item-small\"><a href=\"https:\/\/www.adryco.com\/wp-content\/uploads\/2015\/11\/1110_03-reforma-mueble-ba\u00f1o-a-medida-encimera-silestone.jpg\"><img loading=\"lazy\" decoding=\"async\" data-attachment-id=\"767\" data-orig-file=\"https:\/\/www.adryco.com\/wp-content\/uploads\/2015\/11\/1110_03-reforma-mueble-ba\u00f1o-a-medida-encimera-silestone.jpg\" data-orig-size=\"2000,1333\" data-comments-opened=\"1\" data-image-meta=\"{&quot;aperture&quot;:&quot;0&quot;,&quot;credit&quot;:&quot;&quot;,&quot;camera&quot;:&quot;&quot;,&quot;caption&quot;:&quot;&quot;,&quot;created_timestamp&quot;:&quot;0&quot;,&quot;copyright&quot;:&quot;&quot;,&quot;focal_length&quot;:&quot;0&quot;,&quot;iso&quot;:&quot;0&quot;,&quot;shutter_speed&quot;:&quot;0&quot;,&quot;title&quot;:&quot;&quot;,&quot;orientation&quot;:&quot;0&quot;}\" data-image-title=\"Mueble ba\u00f1o a medida con encimera silestone\" data-image-description=\"&lt;p&gt;Mueble ba\u00f1o a medida con encimera silestone&lt;\/p&gt;\n\" data-medium-file=\"https:\/\/www.adryco.com\/wp-content\/uploads\/2015\/11\/1110_03-reforma-mueble-ba\u00f1o-a-medida-encimera-silestone-300x200.jpg\" data-large-file=\"https:\/\/www.adryco.com\/wp-content\/uploads\/2015\/11\/1110_03-reforma-mueble-ba\u00f1o-a-medida-encimera-silestone-1024x682.jpg\" src=\"https:\/\/www.adryco.com\/wp-content\/uploads\/2015\/11\/1110_03-reforma-mueble-ba\u00f1o-a-medida-encimera-silestone-222x148.jpg\" width=\"222\" height=\"148\" align=\"left\" title=\"Mueble ba\u00f1o a medida con encimera silestone\" \/><\/a><div class=\"tiled-gallery-caption\">Mueble ba\u00f1o a medida con encimera silestone<\/div><\/div><\/div><div class=\"gallery-group images-1\" style=\"width: 103px; height: 152px;\"><div class=\"tiled-gallery-item tiled-gallery-item-small\"><a href=\"https:\/\/www.adryco.com\/wp-content\/uploads\/2015\/11\/1110_04-ba\u00f1o-gres-porcelanico-plato-ducha.jpg\"><img loading=\"lazy\" decoding=\"async\" data-attachment-id=\"768\" data-orig-file=\"https:\/\/www.adryco.com\/wp-content\/uploads\/2015\/11\/1110_04-ba\u00f1o-gres-porcelanico-plato-ducha.jpg\" data-orig-size=\"1333,2000\" data-comments-opened=\"1\" data-image-meta=\"{&quot;aperture&quot;:&quot;0&quot;,&quot;credit&quot;:&quot;&quot;,&quot;camera&quot;:&quot;&quot;,&quot;caption&quot;:&quot;&quot;,&quot;created_timestamp&quot;:&quot;0&quot;,&quot;copyright&quot;:&quot;&quot;,&quot;focal_length&quot;:&quot;0&quot;,&quot;iso&quot;:&quot;0&quot;,&quot;shutter_speed&quot;:&quot;0&quot;,&quot;title&quot;:&quot;&quot;,&quot;orientation&quot;:&quot;0&quot;}\" data-image-title=\"Ba\u00f1o en gres porcel\u00e1nico y plato ducha | Reforma integral vivienda\" data-image-description=\"&lt;p&gt;Ba\u00f1o en gres porcel\u00e1nico y plato ducha | Reforma integral vivienda&lt;\/p&gt;\n\" data-medium-file=\"https:\/\/www.adryco.com\/wp-content\/uploads\/2015\/11\/1110_04-ba\u00f1o-gres-porcelanico-plato-ducha-200x300.jpg\" data-large-file=\"https:\/\/www.adryco.com\/wp-content\/uploads\/2015\/11\/1110_04-ba\u00f1o-gres-porcelanico-plato-ducha-682x1024.jpg\" src=\"https:\/\/www.adryco.com\/wp-content\/uploads\/2015\/11\/1110_04-ba\u00f1o-gres-porcelanico-plato-ducha-99x148.jpg\" width=\"99\" height=\"148\" align=\"left\" title=\"Ba\u00f1o en gres porcel\u00e1nico y plato ducha | Reforma integral vivienda\" \/><\/a><div class=\"tiled-gallery-caption\">Ba\u00f1o en gres porcel\u00e1nico y plato ducha | Reforma integral vivienda<\/div><\/div><\/div><\/div><div class=\"gallery-row\" style=\"width: 495px; height: 365px;\"><div class=\"gallery-group images-1\" style=\"width: 248px; height: 369px;\"><div class=\"tiled-gallery-item tiled-gallery-item-small\"><a href=\"https:\/\/www.adryco.com\/wp-content\/uploads\/2015\/11\/1110_06-mueble-ba\u00f1o-radiador-toallero-madrid.jpg\"><img loading=\"lazy\" decoding=\"async\" data-attachment-id=\"769\" data-orig-file=\"https:\/\/www.adryco.com\/wp-content\/uploads\/2015\/11\/1110_06-mueble-ba\u00f1o-radiador-toallero-madrid.jpg\" data-orig-size=\"1333,2000\" data-comments-opened=\"1\" data-image-meta=\"{&quot;aperture&quot;:&quot;0&quot;,&quot;credit&quot;:&quot;&quot;,&quot;camera&quot;:&quot;&quot;,&quot;caption&quot;:&quot;&quot;,&quot;created_timestamp&quot;:&quot;0&quot;,&quot;copyright&quot;:&quot;&quot;,&quot;focal_length&quot;:&quot;0&quot;,&quot;iso&quot;:&quot;0&quot;,&quot;shutter_speed&quot;:&quot;0&quot;,&quot;title&quot;:&quot;&quot;,&quot;orientation&quot;:&quot;0&quot;}\" data-image-title=\"Mueble de ba\u00f1o con radiador toallero | Reforma en Madrid\" data-image-description=\"&lt;p&gt;Mueble de ba\u00f1o con radiador toallero | Reforma en Madrid&lt;\/p&gt;\n\" data-medium-file=\"https:\/\/www.adryco.com\/wp-content\/uploads\/2015\/11\/1110_06-mueble-ba\u00f1o-radiador-toallero-madrid-200x300.jpg\" data-large-file=\"https:\/\/www.adryco.com\/wp-content\/uploads\/2015\/11\/1110_06-mueble-ba\u00f1o-radiador-toallero-madrid-682x1024.jpg\" src=\"https:\/\/www.adryco.com\/wp-content\/uploads\/2015\/11\/1110_06-mueble-ba\u00f1o-radiador-toallero-madrid-244x365.jpg\" width=\"244\" height=\"365\" align=\"left\" title=\"Mueble de ba\u00f1o con radiador toallero | Reforma en Madrid\" \/><\/a><div class=\"tiled-gallery-caption\">Mueble de ba\u00f1o con radiador toallero | Reforma en Madrid<\/div><\/div><\/div><div class=\"gallery-group images-1\" style=\"width: 247px; height: 369px;\"><div class=\"tiled-gallery-item tiled-gallery-item-small\"><a href=\"https:\/\/www.adryco.com\/wp-content\/uploads\/2015\/11\/1110_07-radiador-toallero-ba\u00f1o.jpg\"><img loading=\"lazy\" decoding=\"async\" data-attachment-id=\"770\" data-orig-file=\"https:\/\/www.adryco.com\/wp-content\/uploads\/2015\/11\/1110_07-radiador-toallero-ba\u00f1o.jpg\" data-orig-size=\"1333,2000\" data-comments-opened=\"1\" data-image-meta=\"{&quot;aperture&quot;:&quot;0&quot;,&quot;credit&quot;:&quot;&quot;,&quot;camera&quot;:&quot;&quot;,&quot;caption&quot;:&quot;&quot;,&quot;created_timestamp&quot;:&quot;0&quot;,&quot;copyright&quot;:&quot;&quot;,&quot;focal_length&quot;:&quot;0&quot;,&quot;iso&quot;:&quot;0&quot;,&quot;shutter_speed&quot;:&quot;0&quot;,&quot;title&quot;:&quot;&quot;,&quot;orientation&quot;:&quot;0&quot;}\" data-image-title=\"Radiador toallero ba\u00f1o\" data-image-description=\"&lt;p&gt;Radiador toallero ba\u00f1o&lt;\/p&gt;\n\" data-medium-file=\"https:\/\/www.adryco.com\/wp-content\/uploads\/2015\/11\/1110_07-radiador-toallero-ba\u00f1o-200x300.jpg\" data-large-file=\"https:\/\/www.adryco.com\/wp-content\/uploads\/2015\/11\/1110_07-radiador-toallero-ba\u00f1o-682x1024.jpg\" src=\"https:\/\/www.adryco.com\/wp-content\/uploads\/2015\/11\/1110_07-radiador-toallero-ba\u00f1o-243x365.jpg\" width=\"243\" height=\"365\" align=\"left\" title=\"Radiador toallero ba\u00f1o\" \/><\/a><div class=\"tiled-gallery-caption\">Radiador toallero ba\u00f1o<\/div><\/div><\/div><\/div><div class=\"gallery-row\" style=\"width: 495px; height: 218px;\"><div class=\"gallery-group images-1\" style=\"width: 331px; height: 222px;\"><div class=\"tiled-gallery-item tiled-gallery-item-large\"><a href=\"https:\/\/www.adryco.com\/wp-content\/uploads\/2015\/11\/1128_02-encimera-ba\u00f1o-cantos-rodados-piso-madrid.jpg\"><img loading=\"lazy\" decoding=\"async\" data-attachment-id=\"771\" data-orig-file=\"https:\/\/www.adryco.com\/wp-content\/uploads\/2015\/11\/1128_02-encimera-ba\u00f1o-cantos-rodados-piso-madrid.jpg\" data-orig-size=\"2000,1333\" data-comments-opened=\"1\" data-image-meta=\"{&quot;aperture&quot;:&quot;0&quot;,&quot;credit&quot;:&quot;&quot;,&quot;camera&quot;:&quot;&quot;,&quot;caption&quot;:&quot;&quot;,&quot;created_timestamp&quot;:&quot;0&quot;,&quot;copyright&quot;:&quot;&quot;,&quot;focal_length&quot;:&quot;0&quot;,&quot;iso&quot;:&quot;0&quot;,&quot;shutter_speed&quot;:&quot;0&quot;,&quot;title&quot;:&quot;&quot;,&quot;orientation&quot;:&quot;0&quot;}\" data-image-title=\"Encimera ba\u00f1o de cantos rodados | Piso en Madrid\" data-image-description=\"&lt;p&gt;Encimera ba\u00f1o de cantos rodados | Piso en Madrid&lt;\/p&gt;\n\" data-medium-file=\"https:\/\/www.adryco.com\/wp-content\/uploads\/2015\/11\/1128_02-encimera-ba\u00f1o-cantos-rodados-piso-madrid-300x200.jpg\" data-large-file=\"https:\/\/www.adryco.com\/wp-content\/uploads\/2015\/11\/1128_02-encimera-ba\u00f1o-cantos-rodados-piso-madrid-1024x682.jpg\" src=\"https:\/\/www.adryco.com\/wp-content\/uploads\/2015\/11\/1128_02-encimera-ba\u00f1o-cantos-rodados-piso-madrid-327x218.jpg\" width=\"327\" height=\"218\" align=\"left\" title=\"Encimera ba\u00f1o de cantos rodados | Piso en Madrid\" \/><\/a><div class=\"tiled-gallery-caption\">Encimera ba\u00f1o de cantos rodados | Piso en Madrid<\/div><\/div><\/div><div class=\"gallery-group images-2\" style=\"width: 164px; height: 222px;\"><div class=\"tiled-gallery-item tiled-gallery-item-small\"><a href=\"https:\/\/www.adryco.com\/wp-content\/uploads\/2015\/11\/1128_04-lavabo-antiguo-ba\u00f1o.jpg\"><img loading=\"lazy\" decoding=\"async\" data-attachment-id=\"772\" data-orig-file=\"https:\/\/www.adryco.com\/wp-content\/uploads\/2015\/11\/1128_04-lavabo-antiguo-ba\u00f1o.jpg\" data-orig-size=\"2000,1333\" data-comments-opened=\"1\" data-image-meta=\"{&quot;aperture&quot;:&quot;0&quot;,&quot;credit&quot;:&quot;&quot;,&quot;camera&quot;:&quot;&quot;,&quot;caption&quot;:&quot;&quot;,&quot;created_timestamp&quot;:&quot;0&quot;,&quot;copyright&quot;:&quot;&quot;,&quot;focal_length&quot;:&quot;0&quot;,&quot;iso&quot;:&quot;0&quot;,&quot;shutter_speed&quot;:&quot;0&quot;,&quot;title&quot;:&quot;&quot;,&quot;orientation&quot;:&quot;0&quot;}\" data-image-title=\"Detalle lavabo antiguo restaurado en ba\u00f1o\" data-image-description=\"&lt;p&gt;Detalle lavabo antiguo restaurado en ba\u00f1o&lt;\/p&gt;\n\" data-medium-file=\"https:\/\/www.adryco.com\/wp-content\/uploads\/2015\/11\/1128_04-lavabo-antiguo-ba\u00f1o-300x200.jpg\" data-large-file=\"https:\/\/www.adryco.com\/wp-content\/uploads\/2015\/11\/1128_04-lavabo-antiguo-ba\u00f1o-1024x682.jpg\" src=\"https:\/\/www.adryco.com\/wp-content\/uploads\/2015\/11\/1128_04-lavabo-antiguo-ba\u00f1o-160x107.jpg\" width=\"160\" height=\"107\" align=\"left\" title=\"Detalle lavabo antiguo restaurado en ba\u00f1o\" \/><\/a><div class=\"tiled-gallery-caption\">Detalle lavabo antiguo restaurado en ba\u00f1o<\/div><\/div><div class=\"tiled-gallery-item tiled-gallery-item-small\"><a href=\"https:\/\/www.adryco.com\/wp-content\/uploads\/2015\/11\/1128_12-lavabo-a-medida-piedra-reforma-hogar.jpg\"><img loading=\"lazy\" decoding=\"async\" data-attachment-id=\"773\" data-orig-file=\"https:\/\/www.adryco.com\/wp-content\/uploads\/2015\/11\/1128_12-lavabo-a-medida-piedra-reforma-hogar.jpg\" data-orig-size=\"2000,1333\" data-comments-opened=\"1\" data-image-meta=\"{&quot;aperture&quot;:&quot;0&quot;,&quot;credit&quot;:&quot;&quot;,&quot;camera&quot;:&quot;&quot;,&quot;caption&quot;:&quot;&quot;,&quot;created_timestamp&quot;:&quot;0&quot;,&quot;copyright&quot;:&quot;&quot;,&quot;focal_length&quot;:&quot;0&quot;,&quot;iso&quot;:&quot;0&quot;,&quot;shutter_speed&quot;:&quot;0&quot;,&quot;title&quot;:&quot;&quot;,&quot;orientation&quot;:&quot;0&quot;}\" data-image-title=\"Lavabo a medida piedra | Reforma hogar\" data-image-description=\"&lt;p&gt;Lavabo a medida piedra | Reforma hogar&lt;\/p&gt;\n\" data-medium-file=\"https:\/\/www.adryco.com\/wp-content\/uploads\/2015\/11\/1128_12-lavabo-a-medida-piedra-reforma-hogar-300x200.jpg\" data-large-file=\"https:\/\/www.adryco.com\/wp-content\/uploads\/2015\/11\/1128_12-lavabo-a-medida-piedra-reforma-hogar-1024x682.jpg\" src=\"https:\/\/www.adryco.com\/wp-content\/uploads\/2015\/11\/1128_12-lavabo-a-medida-piedra-reforma-hogar-160x107.jpg\" width=\"160\" height=\"107\" align=\"left\" title=\"Lavabo a medida piedra | Reforma hogar\" \/><\/a><div class=\"tiled-gallery-caption\">Lavabo a medida piedra | Reforma hogar<\/div><\/div><\/div><\/div><div class=\"gallery-row\" style=\"width: 495px; height: 213px;\"><div class=\"gallery-group images-1\" style=\"width: 324px; height: 217px;\"><div class=\"tiled-gallery-item tiled-gallery-item-large\"><a href=\"https:\/\/www.adryco.com\/wp-content\/uploads\/2015\/11\/1133_01-ba\u00f1o-gresite-en-reforma-casa.jpg\"><img loading=\"lazy\" decoding=\"async\" data-attachment-id=\"774\" data-orig-file=\"https:\/\/www.adryco.com\/wp-content\/uploads\/2015\/11\/1133_01-ba\u00f1o-gresite-en-reforma-casa.jpg\" data-orig-size=\"2000,1333\" data-comments-opened=\"1\" data-image-meta=\"{&quot;aperture&quot;:&quot;0&quot;,&quot;credit&quot;:&quot;&quot;,&quot;camera&quot;:&quot;&quot;,&quot;caption&quot;:&quot;&quot;,&quot;created_timestamp&quot;:&quot;0&quot;,&quot;copyright&quot;:&quot;&quot;,&quot;focal_length&quot;:&quot;0&quot;,&quot;iso&quot;:&quot;0&quot;,&quot;shutter_speed&quot;:&quot;0&quot;,&quot;title&quot;:&quot;&quot;,&quot;orientation&quot;:&quot;0&quot;}\" data-image-title=\"Ba\u00f1o con gresite | Reforma de casa\" data-image-description=\"&lt;p&gt;Ba\u00f1o con gresite | Reforma de casa&lt;\/p&gt;\n\" data-medium-file=\"https:\/\/www.adryco.com\/wp-content\/uploads\/2015\/11\/1133_01-ba\u00f1o-gresite-en-reforma-casa-300x200.jpg\" data-large-file=\"https:\/\/www.adryco.com\/wp-content\/uploads\/2015\/11\/1133_01-ba\u00f1o-gresite-en-reforma-casa-1024x682.jpg\" src=\"https:\/\/www.adryco.com\/wp-content\/uploads\/2015\/11\/1133_01-ba\u00f1o-gresite-en-reforma-casa-320x213.jpg\" width=\"320\" height=\"213\" align=\"left\" title=\"Ba\u00f1o con gresite | Reforma de casa\" \/><\/a><div class=\"tiled-gallery-caption\">Ba\u00f1o con gresite | Reforma de casa<\/div><\/div><\/div><div class=\"gallery-group images-1\" style=\"width: 171px; height: 217px;\"><div class=\"tiled-gallery-item tiled-gallery-item-small\"><a href=\"https:\/\/www.adryco.com\/wp-content\/uploads\/2015\/11\/1150_02-reforma-ba\u00f1o-antiguo-chalet.jpg\"><img loading=\"lazy\" decoding=\"async\" data-attachment-id=\"775\" data-orig-file=\"https:\/\/www.adryco.com\/wp-content\/uploads\/2015\/11\/1150_02-reforma-ba\u00f1o-antiguo-chalet.jpg\" data-orig-size=\"1571,2000\" data-comments-opened=\"1\" data-image-meta=\"{&quot;aperture&quot;:&quot;0&quot;,&quot;credit&quot;:&quot;&quot;,&quot;camera&quot;:&quot;&quot;,&quot;caption&quot;:&quot;&quot;,&quot;created_timestamp&quot;:&quot;0&quot;,&quot;copyright&quot;:&quot;&quot;,&quot;focal_length&quot;:&quot;0&quot;,&quot;iso&quot;:&quot;0&quot;,&quot;shutter_speed&quot;:&quot;0&quot;,&quot;title&quot;:&quot;&quot;,&quot;orientation&quot;:&quot;0&quot;}\" data-image-title=\"Reforma de ba\u00f1o antiguo en chalet\" data-image-description=\"&lt;p&gt;Reforma de ba\u00f1o antiguo en chalet&lt;\/p&gt;\n\" data-medium-file=\"https:\/\/www.adryco.com\/wp-content\/uploads\/2015\/11\/1150_02-reforma-ba\u00f1o-antiguo-chalet-236x300.jpg\" data-large-file=\"https:\/\/www.adryco.com\/wp-content\/uploads\/2015\/11\/1150_02-reforma-ba\u00f1o-antiguo-chalet-804x1024.jpg\" src=\"https:\/\/www.adryco.com\/wp-content\/uploads\/2015\/11\/1150_02-reforma-ba\u00f1o-antiguo-chalet-167x213.jpg\" width=\"167\" height=\"213\" align=\"left\" title=\"Reforma de ba\u00f1o antiguo en chalet\" \/><\/a><div class=\"tiled-gallery-caption\">Reforma de ba\u00f1o antiguo en chalet<\/div><\/div><\/div><\/div><div class=\"gallery-row\" style=\"width: 495px; height: 239px;\"><div class=\"gallery-group images-1\" style=\"width: 303px; height: 243px;\"><div class=\"tiled-gallery-item tiled-gallery-item-large\"><a href=\"https:\/\/www.adryco.com\/wp-content\/uploads\/2015\/11\/1150_07-reforma-ba\u00f1o-viejo-chalet.jpg\"><img loading=\"lazy\" decoding=\"async\" data-attachment-id=\"776\" data-orig-file=\"https:\/\/www.adryco.com\/wp-content\/uploads\/2015\/11\/1150_07-reforma-ba\u00f1o-viejo-chalet.jpg\" data-orig-size=\"2000,1594\" data-comments-opened=\"1\" data-image-meta=\"{&quot;aperture&quot;:&quot;0&quot;,&quot;credit&quot;:&quot;&quot;,&quot;camera&quot;:&quot;&quot;,&quot;caption&quot;:&quot;&quot;,&quot;created_timestamp&quot;:&quot;0&quot;,&quot;copyright&quot;:&quot;&quot;,&quot;focal_length&quot;:&quot;0&quot;,&quot;iso&quot;:&quot;0&quot;,&quot;shutter_speed&quot;:&quot;0&quot;,&quot;title&quot;:&quot;&quot;,&quot;orientation&quot;:&quot;0&quot;}\" data-image-title=\"Reforma de ba\u00f1o viejo en chalet de Madrid\" data-image-description=\"&lt;p&gt;Reforma de ba\u00f1o viejo en chalet de Madrid&lt;\/p&gt;\n\" data-medium-file=\"https:\/\/www.adryco.com\/wp-content\/uploads\/2015\/11\/1150_07-reforma-ba\u00f1o-viejo-chalet-300x239.jpg\" data-large-file=\"https:\/\/www.adryco.com\/wp-content\/uploads\/2015\/11\/1150_07-reforma-ba\u00f1o-viejo-chalet-1024x816.jpg\" src=\"https:\/\/www.adryco.com\/wp-content\/uploads\/2015\/11\/1150_07-reforma-ba\u00f1o-viejo-chalet-299x239.jpg\" width=\"299\" height=\"239\" align=\"left\" title=\"Reforma de ba\u00f1o viejo en chalet de Madrid\" \/><\/a><div class=\"tiled-gallery-caption\">Reforma de ba\u00f1o viejo en chalet de Madrid<\/div><\/div><\/div><div class=\"gallery-group images-1\" style=\"width: 192px; height: 243px;\"><div class=\"tiled-gallery-item tiled-gallery-item-small\"><a href=\"https:\/\/www.adryco.com\/wp-content\/uploads\/2015\/11\/1150_10-reforma-ba\u00f1o-encimera-silestone.jpg\"><img loading=\"lazy\" decoding=\"async\" data-attachment-id=\"777\" data-orig-file=\"https:\/\/www.adryco.com\/wp-content\/uploads\/2015\/11\/1150_10-reforma-ba\u00f1o-encimera-silestone.jpg\" data-orig-size=\"1571,2000\" data-comments-opened=\"1\" data-image-meta=\"{&quot;aperture&quot;:&quot;0&quot;,&quot;credit&quot;:&quot;&quot;,&quot;camera&quot;:&quot;&quot;,&quot;caption&quot;:&quot;&quot;,&quot;created_timestamp&quot;:&quot;0&quot;,&quot;copyright&quot;:&quot;&quot;,&quot;focal_length&quot;:&quot;0&quot;,&quot;iso&quot;:&quot;0&quot;,&quot;shutter_speed&quot;:&quot;0&quot;,&quot;title&quot;:&quot;&quot;,&quot;orientation&quot;:&quot;0&quot;}\" data-image-title=\"Reforma de ba\u00f1o encimera Silestone\" data-image-description=\"&lt;p&gt;Reforma de ba\u00f1o encimera Silestone&lt;\/p&gt;\n\" data-medium-file=\"https:\/\/www.adryco.com\/wp-content\/uploads\/2015\/11\/1150_10-reforma-ba\u00f1o-encimera-silestone-236x300.jpg\" data-large-file=\"https:\/\/www.adryco.com\/wp-content\/uploads\/2015\/11\/1150_10-reforma-ba\u00f1o-encimera-silestone-804x1024.jpg\" src=\"https:\/\/www.adryco.com\/wp-content\/uploads\/2015\/11\/1150_10-reforma-ba\u00f1o-encimera-silestone-188x239.jpg\" width=\"188\" height=\"239\" align=\"left\" title=\"Reforma de ba\u00f1o encimera Silestone\" \/><\/a><div class=\"tiled-gallery-caption\">Reforma de ba\u00f1o encimera Silestone<\/div><\/div><\/div><\/div><\/div>\n","protected":false},"excerpt":{"rendered":"<p>En las reformas de viviendas y restaurantes, uno de los elementos clave es el dise\u00f1o de los ba\u00f1os. Tanto si es tu casa, como si eres cliente de un restaurante, el dise\u00f1o y confort de los ba\u00f1os y aseos es fundamental. Aqu\u00ed os mostramos una colecci\u00f3n de ideas para que pod\u00e1is aplicarlas en vuestros proyectos.<\/p>\n","protected":false},"author":1,"featured_media":110,"comment_status":"open","ping_status":"open","sticky":false,"template":"","format":"standard","meta":{"_monsterinsights_skip_tracking":false,"_monsterinsights_sitenote_active":false,"_monsterinsights_sitenote_note":"","_monsterinsights_sitenote_category":0,"footnotes":""},"categories":[2],"tags":[],"class_list":{"0":"post-33","1":"post","2":"type-post","3":"status-publish","4":"format-standard","5":"has-post-thumbnail","7":"category-fotos-de-trabajos-adryco","8":"entry"},"yoast_head":"<!-- This site is optimized with the Yoast SEO plugin v26.6 - https:\/\/yoast.com\/wordpress\/plugins\/seo\/ -->\n<title>Ba\u00f1os y Spa - Reforma 3<\/title>\n<meta name=\"robots\" content=\"index, follow, max-snippet:-1, max-image-preview:large, max-video-preview:-1\" \/>\n<link rel=\"canonical\" href=\"https:\/\/www.adryco.com\/?p=33\" \/>\n<meta property=\"og:locale\" content=\"en_US\" \/>\n<meta property=\"og:type\" content=\"article\" \/>\n<meta property=\"og:title\" content=\"Ba\u00f1os y Spa - Reforma 3\" \/>\n<meta property=\"og:description\" content=\"En las reformas de viviendas y restaurantes, uno de los elementos clave es el dise\u00f1o de los ba\u00f1os. Tanto si es tu casa, como si eres cliente de un restaurante, el dise\u00f1o y confort de los ba\u00f1os y aseos es fundamental. Aqu\u00ed os mostramos una colecci\u00f3n de ideas para que pod\u00e1is aplicarlas en vuestros proyectos.\" \/>\n<meta property=\"og:url\" content=\"https:\/\/www.adryco.com\/?p=33\" \/>\n<meta property=\"og:site_name\" content=\"Reforma 3\" \/>\n<meta property=\"article:published_time\" content=\"2015-11-16T16:46:18+00:00\" \/>\n<meta property=\"article:modified_time\" content=\"2015-11-25T18:25:59+00:00\" \/>\n<meta property=\"og:image\" content=\"https:\/\/www.adryco.com\/wp-content\/uploads\/2015\/11\/featured_bano_83465835_S.jpg\" \/>\n\t<meta property=\"og:image:width\" content=\"849\" \/>\n\t<meta property=\"og:image:height\" content=\"566\" \/>\n\t<meta property=\"og:image:type\" content=\"image\/jpeg\" \/>\n<meta name=\"author\" content=\"Reforma3\" \/>\n<meta name=\"twitter:card\" content=\"summary_large_image\" \/>\n<meta name=\"twitter:label1\" content=\"Written by\" \/>\n\t<meta name=\"twitter:data1\" content=\"Reforma3\" \/>\n<script type=\"application\/ld+json\" class=\"yoast-schema-graph\">{\"@context\":\"https:\/\/schema.org\",\"@graph\":[{\"@type\":\"WebPage\",\"@id\":\"https:\/\/www.adryco.com\/?p=33\",\"url\":\"https:\/\/www.adryco.com\/?p=33\",\"name\":\"Ba\u00f1os y Spa - Reforma 3\",\"isPartOf\":{\"@id\":\"https:\/\/www.adryco.com\/#website\"},\"primaryImageOfPage\":{\"@id\":\"https:\/\/www.adryco.com\/?p=33#primaryimage\"},\"image\":{\"@id\":\"https:\/\/www.adryco.com\/?p=33#primaryimage\"},\"thumbnailUrl\":\"https:\/\/www.adryco.com\/wp-content\/uploads\/2015\/11\/featured_bano_83465835_S.jpg\",\"datePublished\":\"2015-11-16T16:46:18+00:00\",\"dateModified\":\"2015-11-25T18:25:59+00:00\",\"author\":{\"@id\":\"https:\/\/www.adryco.com\/#\/schema\/person\/3c77fbe6f15c85a33638d67b3f9396ac\"},\"breadcrumb\":{\"@id\":\"https:\/\/www.adryco.com\/?p=33#breadcrumb\"},\"inLanguage\":\"en-US\",\"potentialAction\":[{\"@type\":\"ReadAction\",\"target\":[\"https:\/\/www.adryco.com\/?p=33\"]}]},{\"@type\":\"ImageObject\",\"inLanguage\":\"en-US\",\"@id\":\"https:\/\/www.adryco.com\/?p=33#primaryimage\",\"url\":\"https:\/\/www.adryco.com\/wp-content\/uploads\/2015\/11\/featured_bano_83465835_S.jpg\",\"contentUrl\":\"https:\/\/www.adryco.com\/wp-content\/uploads\/2015\/11\/featured_bano_83465835_S.jpg\",\"width\":849,\"height\":566,\"caption\":\"Ba\u00f1os y Spas\"},{\"@type\":\"BreadcrumbList\",\"@id\":\"https:\/\/www.adryco.com\/?p=33#breadcrumb\",\"itemListElement\":[{\"@type\":\"ListItem\",\"position\":1,\"name\":\"Home\",\"item\":\"https:\/\/www.adryco.com\/\"},{\"@type\":\"ListItem\",\"position\":2,\"name\":\"Ba\u00f1os y Spa\"}]},{\"@type\":\"WebSite\",\"@id\":\"https:\/\/www.adryco.com\/#website\",\"url\":\"https:\/\/www.adryco.com\/\",\"name\":\"Reforma 3\",\"description\":\"Reformas integrales de calidad\",\"potentialAction\":[{\"@type\":\"SearchAction\",\"target\":{\"@type\":\"EntryPoint\",\"urlTemplate\":\"https:\/\/www.adryco.com\/?s={search_term_string}\"},\"query-input\":{\"@type\":\"PropertyValueSpecification\",\"valueRequired\":true,\"valueName\":\"search_term_string\"}}],\"inLanguage\":\"en-US\"},{\"@type\":\"Person\",\"@id\":\"https:\/\/www.adryco.com\/#\/schema\/person\/3c77fbe6f15c85a33638d67b3f9396ac\",\"name\":\"Reforma3\",\"image\":{\"@type\":\"ImageObject\",\"inLanguage\":\"en-US\",\"@id\":\"https:\/\/www.adryco.com\/#\/schema\/person\/image\/\",\"url\":\"https:\/\/secure.gravatar.com\/avatar\/a348d475982855086635727202970dd01829aac6a683f18f180c8e305fc2118e?s=96&d=mm&r=g\",\"contentUrl\":\"https:\/\/secure.gravatar.com\/avatar\/a348d475982855086635727202970dd01829aac6a683f18f180c8e305fc2118e?s=96&d=mm&r=g\",\"caption\":\"Reforma3\"},\"url\":\"https:\/\/www.adryco.com\/?author=1\"}]}<\/script>\n<!-- \/ Yoast SEO plugin. -->","yoast_head_json":{"title":"Ba\u00f1os y Spa - Reforma 3","robots":{"index":"index","follow":"follow","max-snippet":"max-snippet:-1","max-image-preview":"max-image-preview:large","max-video-preview":"max-video-preview:-1"},"canonical":"https:\/\/www.adryco.com\/?p=33","og_locale":"en_US","og_type":"article","og_title":"Ba\u00f1os y Spa - Reforma 3","og_description":"En las reformas de viviendas y restaurantes, uno de los elementos clave es el dise\u00f1o de los ba\u00f1os. Tanto si es tu casa, como si eres cliente de un restaurante, el dise\u00f1o y confort de los ba\u00f1os y aseos es fundamental. Aqu\u00ed os mostramos una colecci\u00f3n de ideas para que pod\u00e1is aplicarlas en vuestros proyectos.","og_url":"https:\/\/www.adryco.com\/?p=33","og_site_name":"Reforma 3","article_published_time":"2015-11-16T16:46:18+00:00","article_modified_time":"2015-11-25T18:25:59+00:00","og_image":[{"width":849,"height":566,"url":"https:\/\/www.adryco.com\/wp-content\/uploads\/2015\/11\/featured_bano_83465835_S.jpg","type":"image\/jpeg"}],"author":"Reforma3","twitter_card":"summary_large_image","twitter_misc":{"Written by":"Reforma3"},"schema":{"@context":"https:\/\/schema.org","@graph":[{"@type":"WebPage","@id":"https:\/\/www.adryco.com\/?p=33","url":"https:\/\/www.adryco.com\/?p=33","name":"Ba\u00f1os y Spa - Reforma 3","isPartOf":{"@id":"https:\/\/www.adryco.com\/#website"},"primaryImageOfPage":{"@id":"https:\/\/www.adryco.com\/?p=33#primaryimage"},"image":{"@id":"https:\/\/www.adryco.com\/?p=33#primaryimage"},"thumbnailUrl":"https:\/\/www.adryco.com\/wp-content\/uploads\/2015\/11\/featured_bano_83465835_S.jpg","datePublished":"2015-11-16T16:46:18+00:00","dateModified":"2015-11-25T18:25:59+00:00","author":{"@id":"https:\/\/www.adryco.com\/#\/schema\/person\/3c77fbe6f15c85a33638d67b3f9396ac"},"breadcrumb":{"@id":"https:\/\/www.adryco.com\/?p=33#breadcrumb"},"inLanguage":"en-US","potentialAction":[{"@type":"ReadAction","target":["https:\/\/www.adryco.com\/?p=33"]}]},{"@type":"ImageObject","inLanguage":"en-US","@id":"https:\/\/www.adryco.com\/?p=33#primaryimage","url":"https:\/\/www.adryco.com\/wp-content\/uploads\/2015\/11\/featured_bano_83465835_S.jpg","contentUrl":"https:\/\/www.adryco.com\/wp-content\/uploads\/2015\/11\/featured_bano_83465835_S.jpg","width":849,"height":566,"caption":"Ba\u00f1os y Spas"},{"@type":"BreadcrumbList","@id":"https:\/\/www.adryco.com\/?p=33#breadcrumb","itemListElement":[{"@type":"ListItem","position":1,"name":"Home","item":"https:\/\/www.adryco.com\/"},{"@type":"ListItem","position":2,"name":"Ba\u00f1os y Spa"}]},{"@type":"WebSite","@id":"https:\/\/www.adryco.com\/#website","url":"https:\/\/www.adryco.com\/","name":"Reforma 3","description":"Reformas integrales de calidad","potentialAction":[{"@type":"SearchAction","target":{"@type":"EntryPoint","urlTemplate":"https:\/\/www.adryco.com\/?s={search_term_string}"},"query-input":{"@type":"PropertyValueSpecification","valueRequired":true,"valueName":"search_term_string"}}],"inLanguage":"en-US"},{"@type":"Person","@id":"https:\/\/www.adryco.com\/#\/schema\/person\/3c77fbe6f15c85a33638d67b3f9396ac","name":"Reforma3","image":{"@type":"ImageObject","inLanguage":"en-US","@id":"https:\/\/www.adryco.com\/#\/schema\/person\/image\/","url":"https:\/\/secure.gravatar.com\/avatar\/a348d475982855086635727202970dd01829aac6a683f18f180c8e305fc2118e?s=96&d=mm&r=g","contentUrl":"https:\/\/secure.gravatar.com\/avatar\/a348d475982855086635727202970dd01829aac6a683f18f180c8e305fc2118e?s=96&d=mm&r=g","caption":"Reforma3"},"url":"https:\/\/www.adryco.com\/?author=1"}]}},"_links":{"self":[{"href":"https:\/\/www.adryco.com\/index.php?rest_route=\/wp\/v2\/posts\/33","targetHints":{"allow":["GET"]}}],"collection":[{"href":"https:\/\/www.adryco.com\/index.php?rest_route=\/wp\/v2\/posts"}],"about":[{"href":"https:\/\/www.adryco.com\/index.php?rest_route=\/wp\/v2\/types\/post"}],"author":[{"embeddable":true,"href":"https:\/\/www.adryco.com\/index.php?rest_route=\/wp\/v2\/users\/1"}],"replies":[{"embeddable":true,"href":"https:\/\/www.adryco.com\/index.php?rest_route=%2Fwp%2Fv2%2Fcomments&post=33"}],"version-history":[{"count":7,"href":"https:\/\/www.adryco.com\/index.php?rest_route=\/wp\/v2\/posts\/33\/revisions"}],"predecessor-version":[{"id":778,"href":"https:\/\/www.adryco.com\/index.php?rest_route=\/wp\/v2\/posts\/33\/revisions\/778"}],"wp:featuredmedia":[{"embeddable":true,"href":"https:\/\/www.adryco.com\/index.php?rest_route=\/wp\/v2\/media\/110"}],"wp:attachment":[{"href":"https:\/\/www.adryco.com\/index.php?rest_route=%2Fwp%2Fv2%2Fmedia&parent=33"}],"wp:term":[{"taxonomy":"category","embeddable":true,"href":"https:\/\/www.adryco.com\/index.php?rest_route=%2Fwp%2Fv2%2Fcategories&post=33"},{"taxonomy":"post_tag","embeddable":true,"href":"https:\/\/www.adryco.com\/index.php?rest_route=%2Fwp%2Fv2%2Ftags&post=33"}],"curies":[{"name":"wp","href":"https:\/\/api.w.org\/{rel}","templated":true}]}}