{"id":35,"date":"2015-11-16T17:46:30","date_gmt":"2015-11-16T16:46:30","guid":{"rendered":"http:\/\/www.adryco.com\/?p=35"},"modified":"2015-12-22T12:06:25","modified_gmt":"2015-12-22T11:06:25","slug":"cocinas","status":"publish","type":"post","link":"https:\/\/www.adryco.com\/?p=35","title":{"rendered":"Cocinas"},"content":{"rendered":"<p>La joya de la corona cuando hablamos de reformas de viviendas son, sin duda, las cocinas.<\/p>\n<p>En las cocinas es tan importante la elecci\u00f3n de los materiales de acabados de paredes y suelos, como la correcta combinaci\u00f3n de estos elementos con los muebles y electrodom\u00e9sticos.<\/p>\n<p>La galer\u00eda de fotos que os ofrecemos puede ayudaros a dar con la soluci\u00f3n m\u00e1s adecuada para vuestra reforma.<\/p>\n<div data-carousel-extra='{\"blog_id\":1,\"permalink\":\"https:\\\/\\\/www.adryco.com\\\/?p=35\"}' class=\"tiled-gallery type-rectangular\" data-original-width=\"500\"><div class=\"gallery-row\" style=\"width: 495px; height: 187px;\"><div class=\"gallery-group images-1\" style=\"width: 128px; height: 191px;\"><div class=\"tiled-gallery-item tiled-gallery-item-small\"><a href=\"https:\/\/www.adryco.com\/wp-content\/uploads\/2015\/11\/0002_13-cocina-madera-blanca-silestone-reforma-piso-majadahonda.jpg\"><img loading=\"lazy\" decoding=\"async\" data-attachment-id=\"734\" data-orig-file=\"https:\/\/www.adryco.com\/wp-content\/uploads\/2015\/11\/0002_13-cocina-madera-blanca-silestone-reforma-piso-majadahonda.jpg\" data-orig-size=\"1328,2000\" data-comments-opened=\"1\" data-image-meta=\"{&quot;aperture&quot;:&quot;0&quot;,&quot;credit&quot;:&quot;&quot;,&quot;camera&quot;:&quot;&quot;,&quot;caption&quot;:&quot;&quot;,&quot;created_timestamp&quot;:&quot;0&quot;,&quot;copyright&quot;:&quot;&quot;,&quot;focal_length&quot;:&quot;0&quot;,&quot;iso&quot;:&quot;0&quot;,&quot;shutter_speed&quot;:&quot;0&quot;,&quot;title&quot;:&quot;&quot;,&quot;orientation&quot;:&quot;0&quot;}\" data-image-title=\"Cocina en madera y laca blanca silestone | Reforma piso Majadahonda\" data-image-description=\"&lt;p&gt;Cocina en madera y laca blanca silestone | Reforma piso Majadahonda&lt;\/p&gt;\n\" data-medium-file=\"https:\/\/www.adryco.com\/wp-content\/uploads\/2015\/11\/0002_13-cocina-madera-blanca-silestone-reforma-piso-majadahonda-199x300.jpg\" data-large-file=\"https:\/\/www.adryco.com\/wp-content\/uploads\/2015\/11\/0002_13-cocina-madera-blanca-silestone-reforma-piso-majadahonda-680x1024.jpg\" src=\"https:\/\/www.adryco.com\/wp-content\/uploads\/2015\/11\/0002_13-cocina-madera-blanca-silestone-reforma-piso-majadahonda-124x187.jpg\" width=\"124\" height=\"187\" align=\"left\" title=\"Cocina en madera y laca blanca silestone | Reforma piso Majadahonda\" \/><\/a><div class=\"tiled-gallery-caption\">Cocina en madera y laca blanca silestone | Reforma piso Majadahonda<\/div><\/div><\/div><div class=\"gallery-group images-1\" style=\"width: 239px; height: 191px;\"><div class=\"tiled-gallery-item tiled-gallery-item-small\"><a href=\"https:\/\/www.adryco.com\/wp-content\/uploads\/2015\/11\/0006_02-cocina-moderna.jpg\"><img loading=\"lazy\" decoding=\"async\" data-attachment-id=\"735\" data-orig-file=\"https:\/\/www.adryco.com\/wp-content\/uploads\/2015\/11\/0006_02-cocina-moderna.jpg\" data-orig-size=\"2000,1596\" data-comments-opened=\"1\" data-image-meta=\"{&quot;aperture&quot;:&quot;0&quot;,&quot;credit&quot;:&quot;&quot;,&quot;camera&quot;:&quot;&quot;,&quot;caption&quot;:&quot;&quot;,&quot;created_timestamp&quot;:&quot;0&quot;,&quot;copyright&quot;:&quot;&quot;,&quot;focal_length&quot;:&quot;0&quot;,&quot;iso&quot;:&quot;0&quot;,&quot;shutter_speed&quot;:&quot;0&quot;,&quot;title&quot;:&quot;&quot;,&quot;orientation&quot;:&quot;0&quot;}\" data-image-title=\"Reforma de cocina moderna en Loft\" data-image-description=\"&lt;p&gt;Reforma de cocina moderna en Loft&lt;\/p&gt;\n\" data-medium-file=\"https:\/\/www.adryco.com\/wp-content\/uploads\/2015\/11\/0006_02-cocina-moderna-300x239.jpg\" data-large-file=\"https:\/\/www.adryco.com\/wp-content\/uploads\/2015\/11\/0006_02-cocina-moderna-1024x817.jpg\" src=\"https:\/\/www.adryco.com\/wp-content\/uploads\/2015\/11\/0006_02-cocina-moderna-235x187.jpg\" width=\"235\" height=\"187\" align=\"left\" title=\"Reforma de cocina moderna en Loft\" \/><\/a><div class=\"tiled-gallery-caption\">Reforma de cocina moderna en Loft<\/div><\/div><\/div><div class=\"gallery-group images-1\" style=\"width: 128px; height: 191px;\"><div class=\"tiled-gallery-item tiled-gallery-item-small\"><a href=\"https:\/\/www.adryco.com\/wp-content\/uploads\/2015\/11\/1069_06-cocina-encimera-corian-reforma-casa-madrid.jpg\"><img loading=\"lazy\" decoding=\"async\" data-attachment-id=\"736\" data-orig-file=\"https:\/\/www.adryco.com\/wp-content\/uploads\/2015\/11\/1069_06-cocina-encimera-corian-reforma-casa-madrid.jpg\" data-orig-size=\"1328,2000\" data-comments-opened=\"1\" data-image-meta=\"{&quot;aperture&quot;:&quot;0&quot;,&quot;credit&quot;:&quot;&quot;,&quot;camera&quot;:&quot;&quot;,&quot;caption&quot;:&quot;&quot;,&quot;created_timestamp&quot;:&quot;0&quot;,&quot;copyright&quot;:&quot;&quot;,&quot;focal_length&quot;:&quot;0&quot;,&quot;iso&quot;:&quot;0&quot;,&quot;shutter_speed&quot;:&quot;0&quot;,&quot;title&quot;:&quot;&quot;,&quot;orientation&quot;:&quot;0&quot;}\" data-image-title=\"Cocina encimera Corian en reforma de casa Madrid\" data-image-description=\"&lt;p&gt;Cocina encimera Corian en reforma de casa Madrid&lt;\/p&gt;\n\" data-medium-file=\"https:\/\/www.adryco.com\/wp-content\/uploads\/2015\/11\/1069_06-cocina-encimera-corian-reforma-casa-madrid-199x300.jpg\" data-large-file=\"https:\/\/www.adryco.com\/wp-content\/uploads\/2015\/11\/1069_06-cocina-encimera-corian-reforma-casa-madrid-680x1024.jpg\" src=\"https:\/\/www.adryco.com\/wp-content\/uploads\/2015\/11\/1069_06-cocina-encimera-corian-reforma-casa-madrid-124x187.jpg\" width=\"124\" height=\"187\" align=\"left\" title=\"Cocina encimera Corian en reforma de casa Madrid\" \/><\/a><div class=\"tiled-gallery-caption\">Cocina encimera Corian en reforma de casa Madrid<\/div><\/div><\/div><\/div><div class=\"gallery-row\" style=\"width: 495px; height: 253px;\"><div class=\"gallery-group images-1\" style=\"width: 322px; height: 257px;\"><div class=\"tiled-gallery-item tiled-gallery-item-large\"><a href=\"https:\/\/www.adryco.com\/wp-content\/uploads\/2015\/11\/1069_08-cocina-integrada-con-office.jpg\"><img loading=\"lazy\" decoding=\"async\" data-attachment-id=\"737\" data-orig-file=\"https:\/\/www.adryco.com\/wp-content\/uploads\/2015\/11\/1069_08-cocina-integrada-con-office.jpg\" data-orig-size=\"1708,1360\" data-comments-opened=\"1\" data-image-meta=\"{&quot;aperture&quot;:&quot;0&quot;,&quot;credit&quot;:&quot;&quot;,&quot;camera&quot;:&quot;&quot;,&quot;caption&quot;:&quot;&quot;,&quot;created_timestamp&quot;:&quot;0&quot;,&quot;copyright&quot;:&quot;&quot;,&quot;focal_length&quot;:&quot;0&quot;,&quot;iso&quot;:&quot;0&quot;,&quot;shutter_speed&quot;:&quot;0&quot;,&quot;title&quot;:&quot;&quot;,&quot;orientation&quot;:&quot;0&quot;}\" data-image-title=\"Cocina integrada con office\" data-image-description=\"&lt;p&gt;Cocina integrada con office&lt;\/p&gt;\n\" data-medium-file=\"https:\/\/www.adryco.com\/wp-content\/uploads\/2015\/11\/1069_08-cocina-integrada-con-office-300x239.jpg\" data-large-file=\"https:\/\/www.adryco.com\/wp-content\/uploads\/2015\/11\/1069_08-cocina-integrada-con-office-1024x815.jpg\" src=\"https:\/\/www.adryco.com\/wp-content\/uploads\/2015\/11\/1069_08-cocina-integrada-con-office-318x253.jpg\" width=\"318\" height=\"253\" align=\"left\" title=\"Cocina integrada con office\" \/><\/a><div class=\"tiled-gallery-caption\">Cocina integrada con office<\/div><\/div><\/div><div class=\"gallery-group images-1\" style=\"width: 173px; height: 257px;\"><div class=\"tiled-gallery-item tiled-gallery-item-small\"><a href=\"https:\/\/www.adryco.com\/wp-content\/uploads\/2015\/11\/1110_12-reforma-de-cocina-mueble-blanco-encimera-silestone-gris.jpg\"><img loading=\"lazy\" decoding=\"async\" data-attachment-id=\"738\" data-orig-file=\"https:\/\/www.adryco.com\/wp-content\/uploads\/2015\/11\/1110_12-reforma-de-cocina-mueble-blanco-encimera-silestone-gris.jpg\" data-orig-size=\"1333,2000\" data-comments-opened=\"1\" data-image-meta=\"{&quot;aperture&quot;:&quot;0&quot;,&quot;credit&quot;:&quot;&quot;,&quot;camera&quot;:&quot;&quot;,&quot;caption&quot;:&quot;&quot;,&quot;created_timestamp&quot;:&quot;0&quot;,&quot;copyright&quot;:&quot;&quot;,&quot;focal_length&quot;:&quot;0&quot;,&quot;iso&quot;:&quot;0&quot;,&quot;shutter_speed&quot;:&quot;0&quot;,&quot;title&quot;:&quot;&quot;,&quot;orientation&quot;:&quot;0&quot;}\" data-image-title=\"Reforma de cocina mueble blanco encimera silestone gris\" data-image-description=\"&lt;p&gt;Reforma de cocina mueble blanco encimera silestone gris&lt;\/p&gt;\n\" data-medium-file=\"https:\/\/www.adryco.com\/wp-content\/uploads\/2015\/11\/1110_12-reforma-de-cocina-mueble-blanco-encimera-silestone-gris-200x300.jpg\" data-large-file=\"https:\/\/www.adryco.com\/wp-content\/uploads\/2015\/11\/1110_12-reforma-de-cocina-mueble-blanco-encimera-silestone-gris-682x1024.jpg\" src=\"https:\/\/www.adryco.com\/wp-content\/uploads\/2015\/11\/1110_12-reforma-de-cocina-mueble-blanco-encimera-silestone-gris-169x253.jpg\" width=\"169\" height=\"253\" align=\"left\" title=\"Reforma de cocina mueble blanco encimera silestone gris\" \/><\/a><div class=\"tiled-gallery-caption\">Reforma de cocina mueble blanco encimera silestone gris<\/div><\/div><\/div><\/div><div class=\"gallery-row\" style=\"width: 495px; height: 170px;\"><div class=\"gallery-group images-1\" style=\"width: 118px; height: 174px;\"><div class=\"tiled-gallery-item tiled-gallery-item-small\"><a href=\"https:\/\/www.adryco.com\/wp-content\/uploads\/2015\/11\/1128_07-cocina-inoxidable-encimera-blanca.jpg\"><img loading=\"lazy\" decoding=\"async\" data-attachment-id=\"739\" data-orig-file=\"https:\/\/www.adryco.com\/wp-content\/uploads\/2015\/11\/1128_07-cocina-inoxidable-encimera-blanca.jpg\" data-orig-size=\"1333,2000\" data-comments-opened=\"1\" data-image-meta=\"{&quot;aperture&quot;:&quot;0&quot;,&quot;credit&quot;:&quot;&quot;,&quot;camera&quot;:&quot;&quot;,&quot;caption&quot;:&quot;&quot;,&quot;created_timestamp&quot;:&quot;0&quot;,&quot;copyright&quot;:&quot;&quot;,&quot;focal_length&quot;:&quot;0&quot;,&quot;iso&quot;:&quot;0&quot;,&quot;shutter_speed&quot;:&quot;0&quot;,&quot;title&quot;:&quot;&quot;,&quot;orientation&quot;:&quot;0&quot;}\" data-image-title=\"Cocina acero inoxidable encimera blanca\" data-image-description=\"&lt;p&gt;Cocina acero inoxidable encimera blanca&lt;\/p&gt;\n\" data-medium-file=\"https:\/\/www.adryco.com\/wp-content\/uploads\/2015\/11\/1128_07-cocina-inoxidable-encimera-blanca-200x300.jpg\" data-large-file=\"https:\/\/www.adryco.com\/wp-content\/uploads\/2015\/11\/1128_07-cocina-inoxidable-encimera-blanca-682x1024.jpg\" src=\"https:\/\/www.adryco.com\/wp-content\/uploads\/2015\/11\/1128_07-cocina-inoxidable-encimera-blanca-114x170.jpg\" width=\"114\" height=\"170\" align=\"left\" title=\"Cocina acero inoxidable encimera blanca\" \/><\/a><div class=\"tiled-gallery-caption\">Cocina acero inoxidable encimera blanca<\/div><\/div><\/div><div class=\"gallery-group images-1\" style=\"width: 260px; height: 174px;\"><div class=\"tiled-gallery-item tiled-gallery-item-large\"><a href=\"https:\/\/www.adryco.com\/wp-content\/uploads\/2015\/11\/1128_08-cocina-suelo-tarima.jpg\"><img loading=\"lazy\" decoding=\"async\" data-attachment-id=\"740\" data-orig-file=\"https:\/\/www.adryco.com\/wp-content\/uploads\/2015\/11\/1128_08-cocina-suelo-tarima.jpg\" data-orig-size=\"2000,1333\" data-comments-opened=\"1\" data-image-meta=\"{&quot;aperture&quot;:&quot;0&quot;,&quot;credit&quot;:&quot;&quot;,&quot;camera&quot;:&quot;&quot;,&quot;caption&quot;:&quot;&quot;,&quot;created_timestamp&quot;:&quot;0&quot;,&quot;copyright&quot;:&quot;&quot;,&quot;focal_length&quot;:&quot;0&quot;,&quot;iso&quot;:&quot;0&quot;,&quot;shutter_speed&quot;:&quot;0&quot;,&quot;title&quot;:&quot;&quot;,&quot;orientation&quot;:&quot;0&quot;}\" data-image-title=\"Cocina con suelo tarima | Reforma de piso\" data-image-description=\"&lt;p&gt;Cocina con suelo tarima | Reforma de piso&lt;\/p&gt;\n\" data-medium-file=\"https:\/\/www.adryco.com\/wp-content\/uploads\/2015\/11\/1128_08-cocina-suelo-tarima-300x200.jpg\" data-large-file=\"https:\/\/www.adryco.com\/wp-content\/uploads\/2015\/11\/1128_08-cocina-suelo-tarima-1024x682.jpg\" src=\"https:\/\/www.adryco.com\/wp-content\/uploads\/2015\/11\/1128_08-cocina-suelo-tarima-256x170.jpg\" width=\"256\" height=\"170\" align=\"left\" title=\"Cocina con suelo tarima | Reforma de piso\" \/><\/a><div class=\"tiled-gallery-caption\">Cocina con suelo tarima | Reforma de piso<\/div><\/div><\/div><div class=\"gallery-group images-1\" style=\"width: 117px; height: 174px;\"><div class=\"tiled-gallery-item tiled-gallery-item-small\"><a href=\"https:\/\/www.adryco.com\/wp-content\/uploads\/2015\/11\/1133_08-reforma-cocina-piso-madrid-todo-blanco.jpg\"><img loading=\"lazy\" decoding=\"async\" data-attachment-id=\"741\" data-orig-file=\"https:\/\/www.adryco.com\/wp-content\/uploads\/2015\/11\/1133_08-reforma-cocina-piso-madrid-todo-blanco.jpg\" data-orig-size=\"1333,2000\" data-comments-opened=\"1\" data-image-meta=\"{&quot;aperture&quot;:&quot;0&quot;,&quot;credit&quot;:&quot;&quot;,&quot;camera&quot;:&quot;&quot;,&quot;caption&quot;:&quot;&quot;,&quot;created_timestamp&quot;:&quot;0&quot;,&quot;copyright&quot;:&quot;&quot;,&quot;focal_length&quot;:&quot;0&quot;,&quot;iso&quot;:&quot;0&quot;,&quot;shutter_speed&quot;:&quot;0&quot;,&quot;title&quot;:&quot;&quot;,&quot;orientation&quot;:&quot;0&quot;}\" data-image-title=\"Reforma cocina piso en Madrid todo blanco\" data-image-description=\"&lt;p&gt;Reforma cocina piso en Madrid todo blanco&lt;\/p&gt;\n\" data-medium-file=\"https:\/\/www.adryco.com\/wp-content\/uploads\/2015\/11\/1133_08-reforma-cocina-piso-madrid-todo-blanco-200x300.jpg\" data-large-file=\"https:\/\/www.adryco.com\/wp-content\/uploads\/2015\/11\/1133_08-reforma-cocina-piso-madrid-todo-blanco-682x1024.jpg\" src=\"https:\/\/www.adryco.com\/wp-content\/uploads\/2015\/11\/1133_08-reforma-cocina-piso-madrid-todo-blanco-113x170.jpg\" width=\"113\" height=\"170\" align=\"left\" title=\"Reforma cocina piso en Madrid todo blanco\" \/><\/a><div class=\"tiled-gallery-caption\">Reforma cocina piso en Madrid todo blanco<\/div><\/div><\/div><\/div><div class=\"gallery-row\" style=\"width: 495px; height: 218px;\"><div class=\"gallery-group images-1\" style=\"width: 331px; height: 222px;\"><div class=\"tiled-gallery-item tiled-gallery-item-large\"><a href=\"https:\/\/www.adryco.com\/wp-content\/uploads\/2015\/11\/1133_10-cocina-barra-taburetes.jpg\"><img loading=\"lazy\" decoding=\"async\" data-attachment-id=\"742\" data-orig-file=\"https:\/\/www.adryco.com\/wp-content\/uploads\/2015\/11\/1133_10-cocina-barra-taburetes.jpg\" data-orig-size=\"2000,1333\" data-comments-opened=\"1\" data-image-meta=\"{&quot;aperture&quot;:&quot;0&quot;,&quot;credit&quot;:&quot;&quot;,&quot;camera&quot;:&quot;&quot;,&quot;caption&quot;:&quot;&quot;,&quot;created_timestamp&quot;:&quot;0&quot;,&quot;copyright&quot;:&quot;&quot;,&quot;focal_length&quot;:&quot;0&quot;,&quot;iso&quot;:&quot;0&quot;,&quot;shutter_speed&quot;:&quot;0&quot;,&quot;title&quot;:&quot;&quot;,&quot;orientation&quot;:&quot;0&quot;}\" data-image-title=\"Reforma cocina con barra y taburetes | Madrid\" data-image-description=\"&lt;p&gt;Reforma cocina con barra y taburetes | Madrid&lt;\/p&gt;\n\" data-medium-file=\"https:\/\/www.adryco.com\/wp-content\/uploads\/2015\/11\/1133_10-cocina-barra-taburetes-300x200.jpg\" data-large-file=\"https:\/\/www.adryco.com\/wp-content\/uploads\/2015\/11\/1133_10-cocina-barra-taburetes-1024x682.jpg\" src=\"https:\/\/www.adryco.com\/wp-content\/uploads\/2015\/11\/1133_10-cocina-barra-taburetes-327x218.jpg\" width=\"327\" height=\"218\" align=\"left\" title=\"Reforma cocina con barra y taburetes | Madrid\" \/><\/a><div class=\"tiled-gallery-caption\">Reforma cocina con barra y taburetes | Madrid<\/div><\/div><\/div><div class=\"gallery-group images-2\" style=\"width: 164px; height: 222px;\"><div class=\"tiled-gallery-item tiled-gallery-item-small\"><a href=\"https:\/\/www.adryco.com\/wp-content\/uploads\/2015\/11\/1133_12-cocina-columna-hornos.jpg\"><img loading=\"lazy\" decoding=\"async\" data-attachment-id=\"743\" data-orig-file=\"https:\/\/www.adryco.com\/wp-content\/uploads\/2015\/11\/1133_12-cocina-columna-hornos.jpg\" data-orig-size=\"2000,1333\" data-comments-opened=\"1\" data-image-meta=\"{&quot;aperture&quot;:&quot;0&quot;,&quot;credit&quot;:&quot;&quot;,&quot;camera&quot;:&quot;&quot;,&quot;caption&quot;:&quot;&quot;,&quot;created_timestamp&quot;:&quot;0&quot;,&quot;copyright&quot;:&quot;&quot;,&quot;focal_length&quot;:&quot;0&quot;,&quot;iso&quot;:&quot;0&quot;,&quot;shutter_speed&quot;:&quot;0&quot;,&quot;title&quot;:&quot;&quot;,&quot;orientation&quot;:&quot;0&quot;}\" data-image-title=\"Cocina columna hornos | Reforma chalet en Madrid\" data-image-description=\"&lt;p&gt;Cocina columna hornos | Reforma chalet en Madrid&lt;\/p&gt;\n\" data-medium-file=\"https:\/\/www.adryco.com\/wp-content\/uploads\/2015\/11\/1133_12-cocina-columna-hornos-300x200.jpg\" data-large-file=\"https:\/\/www.adryco.com\/wp-content\/uploads\/2015\/11\/1133_12-cocina-columna-hornos-1024x682.jpg\" src=\"https:\/\/www.adryco.com\/wp-content\/uploads\/2015\/11\/1133_12-cocina-columna-hornos-160x107.jpg\" width=\"160\" height=\"107\" align=\"left\" title=\"Cocina columna hornos | Reforma chalet en Madrid\" \/><\/a><div class=\"tiled-gallery-caption\">Cocina columna hornos | Reforma chalet en Madrid<\/div><\/div><div class=\"tiled-gallery-item tiled-gallery-item-small\"><a href=\"https:\/\/www.adryco.com\/wp-content\/uploads\/2015\/11\/1133_13-office-cocina.jpg\"><img loading=\"lazy\" decoding=\"async\" data-attachment-id=\"744\" data-orig-file=\"https:\/\/www.adryco.com\/wp-content\/uploads\/2015\/11\/1133_13-office-cocina.jpg\" data-orig-size=\"2000,1333\" data-comments-opened=\"1\" data-image-meta=\"{&quot;aperture&quot;:&quot;0&quot;,&quot;credit&quot;:&quot;&quot;,&quot;camera&quot;:&quot;&quot;,&quot;caption&quot;:&quot;&quot;,&quot;created_timestamp&quot;:&quot;0&quot;,&quot;copyright&quot;:&quot;&quot;,&quot;focal_length&quot;:&quot;0&quot;,&quot;iso&quot;:&quot;0&quot;,&quot;shutter_speed&quot;:&quot;0&quot;,&quot;title&quot;:&quot;&quot;,&quot;orientation&quot;:&quot;0&quot;}\" data-image-title=\"Reforma office cocina\" data-image-description=\"&lt;p&gt;Reforma office cocina&lt;\/p&gt;\n\" data-medium-file=\"https:\/\/www.adryco.com\/wp-content\/uploads\/2015\/11\/1133_13-office-cocina-300x200.jpg\" data-large-file=\"https:\/\/www.adryco.com\/wp-content\/uploads\/2015\/11\/1133_13-office-cocina-1024x682.jpg\" src=\"https:\/\/www.adryco.com\/wp-content\/uploads\/2015\/11\/1133_13-office-cocina-160x107.jpg\" width=\"160\" height=\"107\" align=\"left\" title=\"Reforma office cocina\" \/><\/a><div class=\"tiled-gallery-caption\">Reforma office cocina<\/div><\/div><\/div><\/div><div class=\"gallery-row\" style=\"width: 495px; height: 591px;\"><div class=\"gallery-group images-1\" style=\"width: 495px; height: 595px;\"><div class=\"tiled-gallery-item tiled-gallery-item-large\"><a href=\"https:\/\/www.adryco.com\/wp-content\/uploads\/2015\/11\/1133_15-reforma-cocina-antes-despues-madrid.jpg\"><img loading=\"lazy\" decoding=\"async\" data-attachment-id=\"745\" data-orig-file=\"https:\/\/www.adryco.com\/wp-content\/uploads\/2015\/11\/1133_15-reforma-cocina-antes-despues-madrid.jpg\" data-orig-size=\"1661,2000\" data-comments-opened=\"1\" data-image-meta=\"{&quot;aperture&quot;:&quot;0&quot;,&quot;credit&quot;:&quot;&quot;,&quot;camera&quot;:&quot;&quot;,&quot;caption&quot;:&quot;&quot;,&quot;created_timestamp&quot;:&quot;0&quot;,&quot;copyright&quot;:&quot;&quot;,&quot;focal_length&quot;:&quot;0&quot;,&quot;iso&quot;:&quot;0&quot;,&quot;shutter_speed&quot;:&quot;0&quot;,&quot;title&quot;:&quot;&quot;,&quot;orientation&quot;:&quot;0&quot;}\" data-image-title=\"Reforma de cocina. Antes y despu\u00e9s en Madrid\" data-image-description=\"&lt;p&gt;Reforma de cocina. Antes y despu\u00e9s en Madrid&lt;\/p&gt;\n\" data-medium-file=\"https:\/\/www.adryco.com\/wp-content\/uploads\/2015\/11\/1133_15-reforma-cocina-antes-despues-madrid-249x300.jpg\" data-large-file=\"https:\/\/www.adryco.com\/wp-content\/uploads\/2015\/11\/1133_15-reforma-cocina-antes-despues-madrid-850x1024.jpg\" src=\"https:\/\/www.adryco.com\/wp-content\/uploads\/2015\/11\/1133_15-reforma-cocina-antes-despues-madrid-491x591.jpg\" width=\"491\" height=\"591\" align=\"left\" title=\"Reforma de cocina. Antes y despu\u00e9s en Madrid\" \/><\/a><div class=\"tiled-gallery-caption\">Reforma de cocina. Antes y despu\u00e9s en Madrid<\/div><\/div><\/div><\/div><\/div>\n","protected":false},"excerpt":{"rendered":"<p>La joya de la corona cuando hablamos de reformas de viviendas son, sin duda, las cocinas. En las cocinas es tan importante la elecci\u00f3n de los materiales de acabados de paredes y suelos, como la correcta combinaci\u00f3n de estos elementos con los muebles y electrodom\u00e9sticos. La galer\u00eda de fotos que os ofrecemos puede ayudaros a [&hellip;]<\/p>\n","protected":false},"author":1,"featured_media":111,"comment_status":"open","ping_status":"open","sticky":false,"template":"","format":"standard","meta":{"_monsterinsights_skip_tracking":false,"_monsterinsights_sitenote_active":false,"_monsterinsights_sitenote_note":"","_monsterinsights_sitenote_category":0,"footnotes":""},"categories":[2],"tags":[],"class_list":{"0":"post-35","1":"post","2":"type-post","3":"status-publish","4":"format-standard","5":"has-post-thumbnail","7":"category-fotos-de-trabajos-adryco","8":"entry"},"yoast_head":"<!-- This site is optimized with the Yoast SEO plugin v26.6 - https:\/\/yoast.com\/wordpress\/plugins\/seo\/ -->\n<title>Cocinas - Reforma 3<\/title>\n<meta name=\"robots\" content=\"index, follow, max-snippet:-1, max-image-preview:large, max-video-preview:-1\" \/>\n<link rel=\"canonical\" href=\"https:\/\/www.adryco.com\/?p=35\" \/>\n<meta property=\"og:locale\" content=\"en_US\" \/>\n<meta property=\"og:type\" content=\"article\" \/>\n<meta property=\"og:title\" content=\"Cocinas - Reforma 3\" \/>\n<meta property=\"og:description\" content=\"La joya de la corona cuando hablamos de reformas de viviendas son, sin duda, las cocinas. En las cocinas es tan importante la elecci\u00f3n de los materiales de acabados de paredes y suelos, como la correcta combinaci\u00f3n de estos elementos con los muebles y electrodom\u00e9sticos. La galer\u00eda de fotos que os ofrecemos puede ayudaros a [&hellip;]\" \/>\n<meta property=\"og:url\" content=\"https:\/\/www.adryco.com\/?p=35\" \/>\n<meta property=\"og:site_name\" content=\"Reforma 3\" \/>\n<meta property=\"article:published_time\" content=\"2015-11-16T16:46:30+00:00\" \/>\n<meta property=\"article:modified_time\" content=\"2015-12-22T11:06:25+00:00\" \/>\n<meta property=\"og:image\" content=\"https:\/\/www.adryco.com\/wp-content\/uploads\/2015\/11\/featured_cocina_85121629_S.jpg\" \/>\n\t<meta property=\"og:image:width\" content=\"849\" \/>\n\t<meta property=\"og:image:height\" content=\"565\" \/>\n\t<meta property=\"og:image:type\" content=\"image\/jpeg\" \/>\n<meta name=\"author\" content=\"Reforma3\" \/>\n<meta name=\"twitter:card\" content=\"summary_large_image\" \/>\n<meta name=\"twitter:label1\" content=\"Written by\" \/>\n\t<meta name=\"twitter:data1\" content=\"Reforma3\" \/>\n<script type=\"application\/ld+json\" class=\"yoast-schema-graph\">{\"@context\":\"https:\/\/schema.org\",\"@graph\":[{\"@type\":\"WebPage\",\"@id\":\"https:\/\/www.adryco.com\/?p=35\",\"url\":\"https:\/\/www.adryco.com\/?p=35\",\"name\":\"Cocinas - Reforma 3\",\"isPartOf\":{\"@id\":\"https:\/\/www.adryco.com\/#website\"},\"primaryImageOfPage\":{\"@id\":\"https:\/\/www.adryco.com\/?p=35#primaryimage\"},\"image\":{\"@id\":\"https:\/\/www.adryco.com\/?p=35#primaryimage\"},\"thumbnailUrl\":\"https:\/\/www.adryco.com\/wp-content\/uploads\/2015\/11\/featured_cocina_85121629_S.jpg\",\"datePublished\":\"2015-11-16T16:46:30+00:00\",\"dateModified\":\"2015-12-22T11:06:25+00:00\",\"author\":{\"@id\":\"https:\/\/www.adryco.com\/#\/schema\/person\/3c77fbe6f15c85a33638d67b3f9396ac\"},\"breadcrumb\":{\"@id\":\"https:\/\/www.adryco.com\/?p=35#breadcrumb\"},\"inLanguage\":\"en-US\",\"potentialAction\":[{\"@type\":\"ReadAction\",\"target\":[\"https:\/\/www.adryco.com\/?p=35\"]}]},{\"@type\":\"ImageObject\",\"inLanguage\":\"en-US\",\"@id\":\"https:\/\/www.adryco.com\/?p=35#primaryimage\",\"url\":\"https:\/\/www.adryco.com\/wp-content\/uploads\/2015\/11\/featured_cocina_85121629_S.jpg\",\"contentUrl\":\"https:\/\/www.adryco.com\/wp-content\/uploads\/2015\/11\/featured_cocina_85121629_S.jpg\",\"width\":849,\"height\":565,\"caption\":\"Cocinas\"},{\"@type\":\"BreadcrumbList\",\"@id\":\"https:\/\/www.adryco.com\/?p=35#breadcrumb\",\"itemListElement\":[{\"@type\":\"ListItem\",\"position\":1,\"name\":\"Home\",\"item\":\"https:\/\/www.adryco.com\/\"},{\"@type\":\"ListItem\",\"position\":2,\"name\":\"Cocinas\"}]},{\"@type\":\"WebSite\",\"@id\":\"https:\/\/www.adryco.com\/#website\",\"url\":\"https:\/\/www.adryco.com\/\",\"name\":\"Reforma 3\",\"description\":\"Reformas integrales de calidad\",\"potentialAction\":[{\"@type\":\"SearchAction\",\"target\":{\"@type\":\"EntryPoint\",\"urlTemplate\":\"https:\/\/www.adryco.com\/?s={search_term_string}\"},\"query-input\":{\"@type\":\"PropertyValueSpecification\",\"valueRequired\":true,\"valueName\":\"search_term_string\"}}],\"inLanguage\":\"en-US\"},{\"@type\":\"Person\",\"@id\":\"https:\/\/www.adryco.com\/#\/schema\/person\/3c77fbe6f15c85a33638d67b3f9396ac\",\"name\":\"Reforma3\",\"image\":{\"@type\":\"ImageObject\",\"inLanguage\":\"en-US\",\"@id\":\"https:\/\/www.adryco.com\/#\/schema\/person\/image\/\",\"url\":\"https:\/\/secure.gravatar.com\/avatar\/a348d475982855086635727202970dd01829aac6a683f18f180c8e305fc2118e?s=96&d=mm&r=g\",\"contentUrl\":\"https:\/\/secure.gravatar.com\/avatar\/a348d475982855086635727202970dd01829aac6a683f18f180c8e305fc2118e?s=96&d=mm&r=g\",\"caption\":\"Reforma3\"},\"url\":\"https:\/\/www.adryco.com\/?author=1\"}]}<\/script>\n<!-- \/ Yoast SEO plugin. -->","yoast_head_json":{"title":"Cocinas - Reforma 3","robots":{"index":"index","follow":"follow","max-snippet":"max-snippet:-1","max-image-preview":"max-image-preview:large","max-video-preview":"max-video-preview:-1"},"canonical":"https:\/\/www.adryco.com\/?p=35","og_locale":"en_US","og_type":"article","og_title":"Cocinas - Reforma 3","og_description":"La joya de la corona cuando hablamos de reformas de viviendas son, sin duda, las cocinas. En las cocinas es tan importante la elecci\u00f3n de los materiales de acabados de paredes y suelos, como la correcta combinaci\u00f3n de estos elementos con los muebles y electrodom\u00e9sticos. La galer\u00eda de fotos que os ofrecemos puede ayudaros a [&hellip;]","og_url":"https:\/\/www.adryco.com\/?p=35","og_site_name":"Reforma 3","article_published_time":"2015-11-16T16:46:30+00:00","article_modified_time":"2015-12-22T11:06:25+00:00","og_image":[{"width":849,"height":565,"url":"https:\/\/www.adryco.com\/wp-content\/uploads\/2015\/11\/featured_cocina_85121629_S.jpg","type":"image\/jpeg"}],"author":"Reforma3","twitter_card":"summary_large_image","twitter_misc":{"Written by":"Reforma3"},"schema":{"@context":"https:\/\/schema.org","@graph":[{"@type":"WebPage","@id":"https:\/\/www.adryco.com\/?p=35","url":"https:\/\/www.adryco.com\/?p=35","name":"Cocinas - Reforma 3","isPartOf":{"@id":"https:\/\/www.adryco.com\/#website"},"primaryImageOfPage":{"@id":"https:\/\/www.adryco.com\/?p=35#primaryimage"},"image":{"@id":"https:\/\/www.adryco.com\/?p=35#primaryimage"},"thumbnailUrl":"https:\/\/www.adryco.com\/wp-content\/uploads\/2015\/11\/featured_cocina_85121629_S.jpg","datePublished":"2015-11-16T16:46:30+00:00","dateModified":"2015-12-22T11:06:25+00:00","author":{"@id":"https:\/\/www.adryco.com\/#\/schema\/person\/3c77fbe6f15c85a33638d67b3f9396ac"},"breadcrumb":{"@id":"https:\/\/www.adryco.com\/?p=35#breadcrumb"},"inLanguage":"en-US","potentialAction":[{"@type":"ReadAction","target":["https:\/\/www.adryco.com\/?p=35"]}]},{"@type":"ImageObject","inLanguage":"en-US","@id":"https:\/\/www.adryco.com\/?p=35#primaryimage","url":"https:\/\/www.adryco.com\/wp-content\/uploads\/2015\/11\/featured_cocina_85121629_S.jpg","contentUrl":"https:\/\/www.adryco.com\/wp-content\/uploads\/2015\/11\/featured_cocina_85121629_S.jpg","width":849,"height":565,"caption":"Cocinas"},{"@type":"BreadcrumbList","@id":"https:\/\/www.adryco.com\/?p=35#breadcrumb","itemListElement":[{"@type":"ListItem","position":1,"name":"Home","item":"https:\/\/www.adryco.com\/"},{"@type":"ListItem","position":2,"name":"Cocinas"}]},{"@type":"WebSite","@id":"https:\/\/www.adryco.com\/#website","url":"https:\/\/www.adryco.com\/","name":"Reforma 3","description":"Reformas integrales de calidad","potentialAction":[{"@type":"SearchAction","target":{"@type":"EntryPoint","urlTemplate":"https:\/\/www.adryco.com\/?s={search_term_string}"},"query-input":{"@type":"PropertyValueSpecification","valueRequired":true,"valueName":"search_term_string"}}],"inLanguage":"en-US"},{"@type":"Person","@id":"https:\/\/www.adryco.com\/#\/schema\/person\/3c77fbe6f15c85a33638d67b3f9396ac","name":"Reforma3","image":{"@type":"ImageObject","inLanguage":"en-US","@id":"https:\/\/www.adryco.com\/#\/schema\/person\/image\/","url":"https:\/\/secure.gravatar.com\/avatar\/a348d475982855086635727202970dd01829aac6a683f18f180c8e305fc2118e?s=96&d=mm&r=g","contentUrl":"https:\/\/secure.gravatar.com\/avatar\/a348d475982855086635727202970dd01829aac6a683f18f180c8e305fc2118e?s=96&d=mm&r=g","caption":"Reforma3"},"url":"https:\/\/www.adryco.com\/?author=1"}]}},"_links":{"self":[{"href":"https:\/\/www.adryco.com\/index.php?rest_route=\/wp\/v2\/posts\/35","targetHints":{"allow":["GET"]}}],"collection":[{"href":"https:\/\/www.adryco.com\/index.php?rest_route=\/wp\/v2\/posts"}],"about":[{"href":"https:\/\/www.adryco.com\/index.php?rest_route=\/wp\/v2\/types\/post"}],"author":[{"embeddable":true,"href":"https:\/\/www.adryco.com\/index.php?rest_route=\/wp\/v2\/users\/1"}],"replies":[{"embeddable":true,"href":"https:\/\/www.adryco.com\/index.php?rest_route=%2Fwp%2Fv2%2Fcomments&post=35"}],"version-history":[{"count":5,"href":"https:\/\/www.adryco.com\/index.php?rest_route=\/wp\/v2\/posts\/35\/revisions"}],"predecessor-version":[{"id":986,"href":"https:\/\/www.adryco.com\/index.php?rest_route=\/wp\/v2\/posts\/35\/revisions\/986"}],"wp:featuredmedia":[{"embeddable":true,"href":"https:\/\/www.adryco.com\/index.php?rest_route=\/wp\/v2\/media\/111"}],"wp:attachment":[{"href":"https:\/\/www.adryco.com\/index.php?rest_route=%2Fwp%2Fv2%2Fmedia&parent=35"}],"wp:term":[{"taxonomy":"category","embeddable":true,"href":"https:\/\/www.adryco.com\/index.php?rest_route=%2Fwp%2Fv2%2Fcategories&post=35"},{"taxonomy":"post_tag","embeddable":true,"href":"https:\/\/www.adryco.com\/index.php?rest_route=%2Fwp%2Fv2%2Ftags&post=35"}],"curies":[{"name":"wp","href":"https:\/\/api.w.org\/{rel}","templated":true}]}}