{"id":37,"date":"2015-11-16T17:46:58","date_gmt":"2015-11-16T16:46:58","guid":{"rendered":"http:\/\/www.adryco.com\/?p=37"},"modified":"2015-11-25T17:32:17","modified_gmt":"2015-11-25T16:32:17","slug":"dormitorios","status":"publish","type":"post","link":"https:\/\/www.adryco.com\/?p=37","title":{"rendered":"Dormitorios"},"content":{"rendered":"<p>Una de las zonas de la casa que menos atenci\u00f3n suele requerir a la hora de reformar tu vivienda son los dormitorios.<\/p>\n<p>Aqu\u00ed os mostramos algunas ideas originales que pueden hacer del dormitorio una de las estancias m\u00e1s interesantes de tu reforma.<\/p>\n<div data-carousel-extra='{\"blog_id\":1,\"permalink\":\"https:\\\/\\\/www.adryco.com\\\/?p=37\"}' class=\"tiled-gallery type-rectangular\" data-original-width=\"500\"><div class=\"gallery-row\" style=\"width: 495px; height: 244px;\"><div class=\"gallery-group images-1\" style=\"width: 166px; height: 248px;\"><div class=\"tiled-gallery-item tiled-gallery-item-small\"><a href=\"https:\/\/www.adryco.com\/wp-content\/uploads\/2015\/11\/0002_16-dormitorio-integrado-ba\u00f1o.jpg\"><img loading=\"lazy\" decoding=\"async\" data-attachment-id=\"729\" data-orig-file=\"https:\/\/www.adryco.com\/wp-content\/uploads\/2015\/11\/0002_16-dormitorio-integrado-ba\u00f1o.jpg\" data-orig-size=\"1328,2000\" data-comments-opened=\"1\" data-image-meta=\"{&quot;aperture&quot;:&quot;0&quot;,&quot;credit&quot;:&quot;&quot;,&quot;camera&quot;:&quot;&quot;,&quot;caption&quot;:&quot;&quot;,&quot;created_timestamp&quot;:&quot;0&quot;,&quot;copyright&quot;:&quot;&quot;,&quot;focal_length&quot;:&quot;0&quot;,&quot;iso&quot;:&quot;0&quot;,&quot;shutter_speed&quot;:&quot;0&quot;,&quot;title&quot;:&quot;&quot;,&quot;orientation&quot;:&quot;0&quot;}\" data-image-title=\"Dormitorio integrado con ba\u00f1o en Madrid\" data-image-description=\"&lt;p&gt;Dormitorio integrado con ba\u00f1o en Madrid&lt;\/p&gt;\n\" data-medium-file=\"https:\/\/www.adryco.com\/wp-content\/uploads\/2015\/11\/0002_16-dormitorio-integrado-ba\u00f1o-199x300.jpg\" data-large-file=\"https:\/\/www.adryco.com\/wp-content\/uploads\/2015\/11\/0002_16-dormitorio-integrado-ba\u00f1o-680x1024.jpg\" src=\"https:\/\/www.adryco.com\/wp-content\/uploads\/2015\/11\/0002_16-dormitorio-integrado-ba\u00f1o-162x244.jpg\" width=\"162\" height=\"244\" align=\"left\" title=\"Dormitorio integrado con ba\u00f1o en Madrid\" \/><\/a><div class=\"tiled-gallery-caption\">Dormitorio integrado con ba\u00f1o en Madrid<\/div><\/div><\/div><div class=\"gallery-group images-1\" style=\"width: 329px; height: 248px;\"><div class=\"tiled-gallery-item tiled-gallery-item-large\"><a href=\"https:\/\/www.adryco.com\/wp-content\/uploads\/2015\/11\/1030_09-dormitorio-atico.jpg\"><img loading=\"lazy\" decoding=\"async\" data-attachment-id=\"730\" data-orig-file=\"https:\/\/www.adryco.com\/wp-content\/uploads\/2015\/11\/1030_09-dormitorio-atico.jpg\" data-orig-size=\"2000,1500\" data-comments-opened=\"1\" data-image-meta=\"{&quot;aperture&quot;:&quot;0&quot;,&quot;credit&quot;:&quot;&quot;,&quot;camera&quot;:&quot;&quot;,&quot;caption&quot;:&quot;&quot;,&quot;created_timestamp&quot;:&quot;0&quot;,&quot;copyright&quot;:&quot;&quot;,&quot;focal_length&quot;:&quot;0&quot;,&quot;iso&quot;:&quot;0&quot;,&quot;shutter_speed&quot;:&quot;0&quot;,&quot;title&quot;:&quot;&quot;,&quot;orientation&quot;:&quot;0&quot;}\" data-image-title=\"Dormitorio reforma \u00e1tico en Madrid\" data-image-description=\"&lt;p&gt;Dormitorio reforma \u00e1tico en Madrid&lt;\/p&gt;\n\" data-medium-file=\"https:\/\/www.adryco.com\/wp-content\/uploads\/2015\/11\/1030_09-dormitorio-atico-300x225.jpg\" data-large-file=\"https:\/\/www.adryco.com\/wp-content\/uploads\/2015\/11\/1030_09-dormitorio-atico-1024x768.jpg\" src=\"https:\/\/www.adryco.com\/wp-content\/uploads\/2015\/11\/1030_09-dormitorio-atico-325x244.jpg\" width=\"325\" height=\"244\" align=\"left\" title=\"Dormitorio reforma \u00e1tico en Madrid\" \/><\/a><div class=\"tiled-gallery-caption\">Dormitorio reforma \u00e1tico en Madrid<\/div><\/div><\/div><\/div><div class=\"gallery-row\" style=\"width: 495px; height: 264px;\"><div class=\"gallery-group images-1\" style=\"width: 180px; height: 268px;\"><div class=\"tiled-gallery-item tiled-gallery-item-small\"><a href=\"https:\/\/www.adryco.com\/wp-content\/uploads\/2015\/11\/1051_24-dormitorio-juvenil-papel-decorativo-chalet-madrid.jpg\"><img loading=\"lazy\" decoding=\"async\" data-attachment-id=\"731\" data-orig-file=\"https:\/\/www.adryco.com\/wp-content\/uploads\/2015\/11\/1051_24-dormitorio-juvenil-papel-decorativo-chalet-madrid.jpg\" data-orig-size=\"1333,2000\" data-comments-opened=\"1\" data-image-meta=\"{&quot;aperture&quot;:&quot;0&quot;,&quot;credit&quot;:&quot;&quot;,&quot;camera&quot;:&quot;&quot;,&quot;caption&quot;:&quot;&quot;,&quot;created_timestamp&quot;:&quot;0&quot;,&quot;copyright&quot;:&quot;&quot;,&quot;focal_length&quot;:&quot;0&quot;,&quot;iso&quot;:&quot;0&quot;,&quot;shutter_speed&quot;:&quot;0&quot;,&quot;title&quot;:&quot;&quot;,&quot;orientation&quot;:&quot;0&quot;}\" data-image-title=\"Dormitorio juvenil con papel decorativo en chalet de Madrid\" data-image-description=\"&lt;p&gt;Dormitorio juvenil con papel decorativo en chalet de Madrid&lt;\/p&gt;\n\" data-medium-file=\"https:\/\/www.adryco.com\/wp-content\/uploads\/2015\/11\/1051_24-dormitorio-juvenil-papel-decorativo-chalet-madrid-200x300.jpg\" data-large-file=\"https:\/\/www.adryco.com\/wp-content\/uploads\/2015\/11\/1051_24-dormitorio-juvenil-papel-decorativo-chalet-madrid-682x1024.jpg\" src=\"https:\/\/www.adryco.com\/wp-content\/uploads\/2015\/11\/1051_24-dormitorio-juvenil-papel-decorativo-chalet-madrid-176x264.jpg\" width=\"176\" height=\"264\" align=\"left\" title=\"Dormitorio juvenil con papel decorativo en chalet de Madrid\" \/><\/a><div class=\"tiled-gallery-caption\">Dormitorio juvenil con papel decorativo en chalet de Madrid<\/div><\/div><\/div><div class=\"gallery-group images-1\" style=\"width: 315px; height: 268px;\"><div class=\"tiled-gallery-item tiled-gallery-item-large\"><a href=\"https:\/\/www.adryco.com\/wp-content\/uploads\/2015\/11\/1051_32-reforma-integral-dormitorio-cama-cabecero-integrado.jpg\"><img loading=\"lazy\" decoding=\"async\" data-attachment-id=\"732\" data-orig-file=\"https:\/\/www.adryco.com\/wp-content\/uploads\/2015\/11\/1051_32-reforma-integral-dormitorio-cama-cabecero-integrado.jpg\" data-orig-size=\"2000,1697\" data-comments-opened=\"1\" data-image-meta=\"{&quot;aperture&quot;:&quot;0&quot;,&quot;credit&quot;:&quot;&quot;,&quot;camera&quot;:&quot;&quot;,&quot;caption&quot;:&quot;&quot;,&quot;created_timestamp&quot;:&quot;0&quot;,&quot;copyright&quot;:&quot;&quot;,&quot;focal_length&quot;:&quot;0&quot;,&quot;iso&quot;:&quot;0&quot;,&quot;shutter_speed&quot;:&quot;0&quot;,&quot;title&quot;:&quot;&quot;,&quot;orientation&quot;:&quot;0&quot;}\" data-image-title=\"Dormitorio cabecero de cama integrado | Reforma integral\" data-image-description=\"&lt;p&gt;Dormitorio cabecero de cama integrado | Reforma integral&lt;\/p&gt;\n\" data-medium-file=\"https:\/\/www.adryco.com\/wp-content\/uploads\/2015\/11\/1051_32-reforma-integral-dormitorio-cama-cabecero-integrado-300x255.jpg\" data-large-file=\"https:\/\/www.adryco.com\/wp-content\/uploads\/2015\/11\/1051_32-reforma-integral-dormitorio-cama-cabecero-integrado-1024x869.jpg\" src=\"https:\/\/www.adryco.com\/wp-content\/uploads\/2015\/11\/1051_32-reforma-integral-dormitorio-cama-cabecero-integrado-311x264.jpg\" width=\"311\" height=\"264\" align=\"left\" title=\"Dormitorio cabecero de cama integrado | Reforma integral\" \/><\/a><div class=\"tiled-gallery-caption\">Dormitorio cabecero de cama integrado | Reforma integral<\/div><\/div><\/div><\/div><\/div>\n","protected":false},"excerpt":{"rendered":"<p>Una de las zonas de la casa que menos atenci\u00f3n suele requerir a la hora de reformar tu vivienda son los dormitorios. Aqu\u00ed os mostramos algunas ideas originales que pueden hacer del dormitorio una de las estancias m\u00e1s interesantes de tu reforma.<\/p>\n","protected":false},"author":1,"featured_media":112,"comment_status":"open","ping_status":"open","sticky":false,"template":"","format":"standard","meta":{"_monsterinsights_skip_tracking":false,"_monsterinsights_sitenote_active":false,"_monsterinsights_sitenote_note":"","_monsterinsights_sitenote_category":0,"footnotes":""},"categories":[2],"tags":[],"class_list":{"0":"post-37","1":"post","2":"type-post","3":"status-publish","4":"format-standard","5":"has-post-thumbnail","7":"category-fotos-de-trabajos-adryco","8":"entry"},"yoast_head":"<!-- This site is optimized with the Yoast SEO plugin v26.6 - https:\/\/yoast.com\/wordpress\/plugins\/seo\/ -->\n<title>Dormitorios - Reforma 3<\/title>\n<meta name=\"robots\" content=\"index, follow, max-snippet:-1, max-image-preview:large, max-video-preview:-1\" \/>\n<link rel=\"canonical\" href=\"http:\/\/www.adryco.com\/?p=37\" \/>\n<meta property=\"og:locale\" content=\"en_US\" \/>\n<meta property=\"og:type\" content=\"article\" \/>\n<meta property=\"og:title\" content=\"Dormitorios - Reforma 3\" \/>\n<meta property=\"og:description\" content=\"Una de las zonas de la casa que menos atenci\u00f3n suele requerir a la hora de reformar tu vivienda son los dormitorios. Aqu\u00ed os mostramos algunas ideas originales que pueden hacer del dormitorio una de las estancias m\u00e1s interesantes de tu reforma.\" \/>\n<meta property=\"og:url\" content=\"http:\/\/www.adryco.com\/?p=37\" \/>\n<meta property=\"og:site_name\" content=\"Reforma 3\" \/>\n<meta property=\"article:published_time\" content=\"2015-11-16T16:46:58+00:00\" \/>\n<meta property=\"article:modified_time\" content=\"2015-11-25T16:32:17+00:00\" \/>\n<meta property=\"og:image\" content=\"http:\/\/www.adryco.com\/wp-content\/uploads\/2015\/11\/featured_dormitorio_68558789_S.jpg\" \/>\n\t<meta property=\"og:image:width\" content=\"849\" \/>\n\t<meta property=\"og:image:height\" content=\"566\" \/>\n\t<meta property=\"og:image:type\" content=\"image\/jpeg\" \/>\n<meta name=\"author\" content=\"Reforma3\" \/>\n<meta name=\"twitter:card\" content=\"summary_large_image\" \/>\n<meta name=\"twitter:label1\" content=\"Written by\" \/>\n\t<meta name=\"twitter:data1\" content=\"Reforma3\" \/>\n<script type=\"application\/ld+json\" class=\"yoast-schema-graph\">{\"@context\":\"https:\/\/schema.org\",\"@graph\":[{\"@type\":\"WebPage\",\"@id\":\"http:\/\/www.adryco.com\/?p=37\",\"url\":\"http:\/\/www.adryco.com\/?p=37\",\"name\":\"Dormitorios - Reforma 3\",\"isPartOf\":{\"@id\":\"https:\/\/www.adryco.com\/#website\"},\"primaryImageOfPage\":{\"@id\":\"http:\/\/www.adryco.com\/?p=37#primaryimage\"},\"image\":{\"@id\":\"http:\/\/www.adryco.com\/?p=37#primaryimage\"},\"thumbnailUrl\":\"https:\/\/www.adryco.com\/wp-content\/uploads\/2015\/11\/featured_dormitorio_68558789_S.jpg\",\"datePublished\":\"2015-11-16T16:46:58+00:00\",\"dateModified\":\"2015-11-25T16:32:17+00:00\",\"author\":{\"@id\":\"https:\/\/www.adryco.com\/#\/schema\/person\/3c77fbe6f15c85a33638d67b3f9396ac\"},\"breadcrumb\":{\"@id\":\"http:\/\/www.adryco.com\/?p=37#breadcrumb\"},\"inLanguage\":\"en-US\",\"potentialAction\":[{\"@type\":\"ReadAction\",\"target\":[\"http:\/\/www.adryco.com\/?p=37\"]}]},{\"@type\":\"ImageObject\",\"inLanguage\":\"en-US\",\"@id\":\"http:\/\/www.adryco.com\/?p=37#primaryimage\",\"url\":\"https:\/\/www.adryco.com\/wp-content\/uploads\/2015\/11\/featured_dormitorio_68558789_S.jpg\",\"contentUrl\":\"https:\/\/www.adryco.com\/wp-content\/uploads\/2015\/11\/featured_dormitorio_68558789_S.jpg\",\"width\":849,\"height\":566,\"caption\":\"Dormitorios\"},{\"@type\":\"BreadcrumbList\",\"@id\":\"http:\/\/www.adryco.com\/?p=37#breadcrumb\",\"itemListElement\":[{\"@type\":\"ListItem\",\"position\":1,\"name\":\"Home\",\"item\":\"https:\/\/www.adryco.com\/\"},{\"@type\":\"ListItem\",\"position\":2,\"name\":\"Dormitorios\"}]},{\"@type\":\"WebSite\",\"@id\":\"https:\/\/www.adryco.com\/#website\",\"url\":\"https:\/\/www.adryco.com\/\",\"name\":\"Reforma 3\",\"description\":\"Reformas integrales de calidad\",\"potentialAction\":[{\"@type\":\"SearchAction\",\"target\":{\"@type\":\"EntryPoint\",\"urlTemplate\":\"https:\/\/www.adryco.com\/?s={search_term_string}\"},\"query-input\":{\"@type\":\"PropertyValueSpecification\",\"valueRequired\":true,\"valueName\":\"search_term_string\"}}],\"inLanguage\":\"en-US\"},{\"@type\":\"Person\",\"@id\":\"https:\/\/www.adryco.com\/#\/schema\/person\/3c77fbe6f15c85a33638d67b3f9396ac\",\"name\":\"Reforma3\",\"image\":{\"@type\":\"ImageObject\",\"inLanguage\":\"en-US\",\"@id\":\"https:\/\/www.adryco.com\/#\/schema\/person\/image\/\",\"url\":\"https:\/\/secure.gravatar.com\/avatar\/a348d475982855086635727202970dd01829aac6a683f18f180c8e305fc2118e?s=96&d=mm&r=g\",\"contentUrl\":\"https:\/\/secure.gravatar.com\/avatar\/a348d475982855086635727202970dd01829aac6a683f18f180c8e305fc2118e?s=96&d=mm&r=g\",\"caption\":\"Reforma3\"},\"url\":\"https:\/\/www.adryco.com\/?author=1\"}]}<\/script>\n<!-- \/ Yoast SEO plugin. -->","yoast_head_json":{"title":"Dormitorios - Reforma 3","robots":{"index":"index","follow":"follow","max-snippet":"max-snippet:-1","max-image-preview":"max-image-preview:large","max-video-preview":"max-video-preview:-1"},"canonical":"http:\/\/www.adryco.com\/?p=37","og_locale":"en_US","og_type":"article","og_title":"Dormitorios - Reforma 3","og_description":"Una de las zonas de la casa que menos atenci\u00f3n suele requerir a la hora de reformar tu vivienda son los dormitorios. Aqu\u00ed os mostramos algunas ideas originales que pueden hacer del dormitorio una de las estancias m\u00e1s interesantes de tu reforma.","og_url":"http:\/\/www.adryco.com\/?p=37","og_site_name":"Reforma 3","article_published_time":"2015-11-16T16:46:58+00:00","article_modified_time":"2015-11-25T16:32:17+00:00","og_image":[{"width":849,"height":566,"url":"http:\/\/www.adryco.com\/wp-content\/uploads\/2015\/11\/featured_dormitorio_68558789_S.jpg","type":"image\/jpeg"}],"author":"Reforma3","twitter_card":"summary_large_image","twitter_misc":{"Written by":"Reforma3"},"schema":{"@context":"https:\/\/schema.org","@graph":[{"@type":"WebPage","@id":"http:\/\/www.adryco.com\/?p=37","url":"http:\/\/www.adryco.com\/?p=37","name":"Dormitorios - Reforma 3","isPartOf":{"@id":"https:\/\/www.adryco.com\/#website"},"primaryImageOfPage":{"@id":"http:\/\/www.adryco.com\/?p=37#primaryimage"},"image":{"@id":"http:\/\/www.adryco.com\/?p=37#primaryimage"},"thumbnailUrl":"https:\/\/www.adryco.com\/wp-content\/uploads\/2015\/11\/featured_dormitorio_68558789_S.jpg","datePublished":"2015-11-16T16:46:58+00:00","dateModified":"2015-11-25T16:32:17+00:00","author":{"@id":"https:\/\/www.adryco.com\/#\/schema\/person\/3c77fbe6f15c85a33638d67b3f9396ac"},"breadcrumb":{"@id":"http:\/\/www.adryco.com\/?p=37#breadcrumb"},"inLanguage":"en-US","potentialAction":[{"@type":"ReadAction","target":["http:\/\/www.adryco.com\/?p=37"]}]},{"@type":"ImageObject","inLanguage":"en-US","@id":"http:\/\/www.adryco.com\/?p=37#primaryimage","url":"https:\/\/www.adryco.com\/wp-content\/uploads\/2015\/11\/featured_dormitorio_68558789_S.jpg","contentUrl":"https:\/\/www.adryco.com\/wp-content\/uploads\/2015\/11\/featured_dormitorio_68558789_S.jpg","width":849,"height":566,"caption":"Dormitorios"},{"@type":"BreadcrumbList","@id":"http:\/\/www.adryco.com\/?p=37#breadcrumb","itemListElement":[{"@type":"ListItem","position":1,"name":"Home","item":"https:\/\/www.adryco.com\/"},{"@type":"ListItem","position":2,"name":"Dormitorios"}]},{"@type":"WebSite","@id":"https:\/\/www.adryco.com\/#website","url":"https:\/\/www.adryco.com\/","name":"Reforma 3","description":"Reformas integrales de calidad","potentialAction":[{"@type":"SearchAction","target":{"@type":"EntryPoint","urlTemplate":"https:\/\/www.adryco.com\/?s={search_term_string}"},"query-input":{"@type":"PropertyValueSpecification","valueRequired":true,"valueName":"search_term_string"}}],"inLanguage":"en-US"},{"@type":"Person","@id":"https:\/\/www.adryco.com\/#\/schema\/person\/3c77fbe6f15c85a33638d67b3f9396ac","name":"Reforma3","image":{"@type":"ImageObject","inLanguage":"en-US","@id":"https:\/\/www.adryco.com\/#\/schema\/person\/image\/","url":"https:\/\/secure.gravatar.com\/avatar\/a348d475982855086635727202970dd01829aac6a683f18f180c8e305fc2118e?s=96&d=mm&r=g","contentUrl":"https:\/\/secure.gravatar.com\/avatar\/a348d475982855086635727202970dd01829aac6a683f18f180c8e305fc2118e?s=96&d=mm&r=g","caption":"Reforma3"},"url":"https:\/\/www.adryco.com\/?author=1"}]}},"_links":{"self":[{"href":"https:\/\/www.adryco.com\/index.php?rest_route=\/wp\/v2\/posts\/37","targetHints":{"allow":["GET"]}}],"collection":[{"href":"https:\/\/www.adryco.com\/index.php?rest_route=\/wp\/v2\/posts"}],"about":[{"href":"https:\/\/www.adryco.com\/index.php?rest_route=\/wp\/v2\/types\/post"}],"author":[{"embeddable":true,"href":"https:\/\/www.adryco.com\/index.php?rest_route=\/wp\/v2\/users\/1"}],"replies":[{"embeddable":true,"href":"https:\/\/www.adryco.com\/index.php?rest_route=%2Fwp%2Fv2%2Fcomments&post=37"}],"version-history":[{"count":5,"href":"https:\/\/www.adryco.com\/index.php?rest_route=\/wp\/v2\/posts\/37\/revisions"}],"predecessor-version":[{"id":733,"href":"https:\/\/www.adryco.com\/index.php?rest_route=\/wp\/v2\/posts\/37\/revisions\/733"}],"wp:featuredmedia":[{"embeddable":true,"href":"https:\/\/www.adryco.com\/index.php?rest_route=\/wp\/v2\/media\/112"}],"wp:attachment":[{"href":"https:\/\/www.adryco.com\/index.php?rest_route=%2Fwp%2Fv2%2Fmedia&parent=37"}],"wp:term":[{"taxonomy":"category","embeddable":true,"href":"https:\/\/www.adryco.com\/index.php?rest_route=%2Fwp%2Fv2%2Fcategories&post=37"},{"taxonomy":"post_tag","embeddable":true,"href":"https:\/\/www.adryco.com\/index.php?rest_route=%2Fwp%2Fv2%2Ftags&post=37"}],"curies":[{"name":"wp","href":"https:\/\/api.w.org\/{rel}","templated":true}]}}