{"id":41,"date":"2015-11-16T17:47:24","date_gmt":"2015-11-16T16:47:24","guid":{"rendered":"http:\/\/www.adryco.com\/?p=41"},"modified":"2015-11-25T17:23:20","modified_gmt":"2015-11-25T16:23:20","slug":"salones","status":"publish","type":"post","link":"https:\/\/www.adryco.com\/?p=41","title":{"rendered":"Salones"},"content":{"rendered":"<p>El sal\u00f3n es una de las estancias m\u00e1s importantes en la reforma de tu piso o chalet. No solo es\u00a0el sitio de nuestras viviendas en el que pasamos m\u00e1s tiempo a lo largo de nuestras vidas, sino que es tambi\u00e9n nuestra tarjeta de presentaci\u00f3n con familiares y amigos.<\/p>\n<p>Os ofrecemos en esta galer\u00eda de im\u00e1genes un mont\u00f3n de ideas para vuestras obras de reforma.<\/p>\n<div data-carousel-extra='{\"blog_id\":1,\"permalink\":\"https:\\\/\\\/www.adryco.com\\\/?p=41\"}' class=\"tiled-gallery type-rectangular\" data-original-width=\"500\"><div class=\"gallery-row\" style=\"width: 495px; height: 238px;\"><div class=\"gallery-group images-1\" style=\"width: 321px; height: 242px;\"><div class=\"tiled-gallery-item tiled-gallery-item-large\"><a href=\"https:\/\/www.adryco.com\/wp-content\/uploads\/2015\/11\/1030_17-sala-cine-en-casa-reforma-piso-madrid.jpg\"><img loading=\"lazy\" decoding=\"async\" data-attachment-id=\"712\" data-orig-file=\"https:\/\/www.adryco.com\/wp-content\/uploads\/2015\/11\/1030_17-sala-cine-en-casa-reforma-piso-madrid.jpg\" data-orig-size=\"2000,1500\" data-comments-opened=\"1\" data-image-meta=\"{&quot;aperture&quot;:&quot;0&quot;,&quot;credit&quot;:&quot;&quot;,&quot;camera&quot;:&quot;&quot;,&quot;caption&quot;:&quot;&quot;,&quot;created_timestamp&quot;:&quot;0&quot;,&quot;copyright&quot;:&quot;&quot;,&quot;focal_length&quot;:&quot;0&quot;,&quot;iso&quot;:&quot;0&quot;,&quot;shutter_speed&quot;:&quot;0&quot;,&quot;title&quot;:&quot;&quot;,&quot;orientation&quot;:&quot;0&quot;}\" data-image-title=\"Sala de cine en casa | Reforma piso Madrid\" data-image-description=\"&lt;p&gt;Sala de cine en casa | Reforma piso Madrid&lt;\/p&gt;\n\" data-medium-file=\"https:\/\/www.adryco.com\/wp-content\/uploads\/2015\/11\/1030_17-sala-cine-en-casa-reforma-piso-madrid-300x225.jpg\" data-large-file=\"https:\/\/www.adryco.com\/wp-content\/uploads\/2015\/11\/1030_17-sala-cine-en-casa-reforma-piso-madrid-1024x768.jpg\" src=\"https:\/\/www.adryco.com\/wp-content\/uploads\/2015\/11\/1030_17-sala-cine-en-casa-reforma-piso-madrid-317x238.jpg\" width=\"317\" height=\"238\" align=\"left\" title=\"Sala de cine en casa | Reforma piso Madrid\" \/><\/a><div class=\"tiled-gallery-caption\">Sala de cine en casa | Reforma piso Madrid<\/div><\/div><\/div><div class=\"gallery-group images-2\" style=\"width: 174px; height: 242px;\"><div class=\"tiled-gallery-item tiled-gallery-item-small\"><a href=\"https:\/\/www.adryco.com\/wp-content\/uploads\/2015\/11\/1030_35-salon-libreria-a-medida.jpg\"><img loading=\"lazy\" decoding=\"async\" data-attachment-id=\"713\" data-orig-file=\"https:\/\/www.adryco.com\/wp-content\/uploads\/2015\/11\/1030_35-salon-libreria-a-medida.jpg\" data-orig-size=\"1567,1112\" data-comments-opened=\"1\" data-image-meta=\"{&quot;aperture&quot;:&quot;0&quot;,&quot;credit&quot;:&quot;&quot;,&quot;camera&quot;:&quot;&quot;,&quot;caption&quot;:&quot;&quot;,&quot;created_timestamp&quot;:&quot;0&quot;,&quot;copyright&quot;:&quot;&quot;,&quot;focal_length&quot;:&quot;0&quot;,&quot;iso&quot;:&quot;0&quot;,&quot;shutter_speed&quot;:&quot;0&quot;,&quot;title&quot;:&quot;&quot;,&quot;orientation&quot;:&quot;0&quot;}\" data-image-title=\"Sal\u00f3n con librer\u00eda a medida | Reforma hogar\" data-image-description=\"&lt;p&gt;Sal\u00f3n con librer\u00eda a medida | Reforma hogar&lt;\/p&gt;\n\" data-medium-file=\"https:\/\/www.adryco.com\/wp-content\/uploads\/2015\/11\/1030_35-salon-libreria-a-medida-300x213.jpg\" data-large-file=\"https:\/\/www.adryco.com\/wp-content\/uploads\/2015\/11\/1030_35-salon-libreria-a-medida-1024x727.jpg\" src=\"https:\/\/www.adryco.com\/wp-content\/uploads\/2015\/11\/1030_35-salon-libreria-a-medida-170x121.jpg\" width=\"170\" height=\"121\" align=\"left\" title=\"Sal\u00f3n con librer\u00eda a medida | Reforma hogar\" \/><\/a><div class=\"tiled-gallery-caption\">Sal\u00f3n con librer\u00eda a medida | Reforma hogar<\/div><\/div><div class=\"tiled-gallery-item tiled-gallery-item-small\"><a href=\"https:\/\/www.adryco.com\/wp-content\/uploads\/2015\/11\/1037_08-salon-parquet-roble-reforma-casa.jpg\"><img loading=\"lazy\" decoding=\"async\" data-attachment-id=\"714\" data-orig-file=\"https:\/\/www.adryco.com\/wp-content\/uploads\/2015\/11\/1037_08-salon-parquet-roble-reforma-casa.jpg\" data-orig-size=\"1188,792\" data-comments-opened=\"1\" data-image-meta=\"{&quot;aperture&quot;:&quot;0&quot;,&quot;credit&quot;:&quot;&quot;,&quot;camera&quot;:&quot;&quot;,&quot;caption&quot;:&quot;&quot;,&quot;created_timestamp&quot;:&quot;0&quot;,&quot;copyright&quot;:&quot;&quot;,&quot;focal_length&quot;:&quot;0&quot;,&quot;iso&quot;:&quot;0&quot;,&quot;shutter_speed&quot;:&quot;0&quot;,&quot;title&quot;:&quot;&quot;,&quot;orientation&quot;:&quot;0&quot;}\" data-image-title=\"Sal\u00f3n en parquet de roble | Reforma casa\" data-image-description=\"&lt;p&gt;Sal\u00f3n en parquet de roble | Reforma casa&lt;\/p&gt;\n\" data-medium-file=\"https:\/\/www.adryco.com\/wp-content\/uploads\/2015\/11\/1037_08-salon-parquet-roble-reforma-casa-300x200.jpg\" data-large-file=\"https:\/\/www.adryco.com\/wp-content\/uploads\/2015\/11\/1037_08-salon-parquet-roble-reforma-casa-1024x683.jpg\" src=\"https:\/\/www.adryco.com\/wp-content\/uploads\/2015\/11\/1037_08-salon-parquet-roble-reforma-casa-170x113.jpg\" width=\"170\" height=\"113\" align=\"left\" title=\"Sal\u00f3n en parquet de roble | Reforma casa\" \/><\/a><div class=\"tiled-gallery-caption\">Sal\u00f3n en parquet de roble | Reforma casa<\/div><\/div><\/div><\/div><div class=\"gallery-row\" style=\"width: 495px; height: 301px;\"><div class=\"gallery-group images-2\" style=\"width: 290px; height: 305px;\"><div class=\"tiled-gallery-item tiled-gallery-item-large\"><a href=\"https:\/\/www.adryco.com\/wp-content\/uploads\/2015\/11\/1054_02-reforma-ampliacion-salon-con-terraza-madrid.jpg\"><img loading=\"lazy\" decoding=\"async\" data-attachment-id=\"715\" data-orig-file=\"https:\/\/www.adryco.com\/wp-content\/uploads\/2015\/11\/1054_02-reforma-ampliacion-salon-con-terraza-madrid.jpg\" data-orig-size=\"1269,474\" data-comments-opened=\"1\" data-image-meta=\"{&quot;aperture&quot;:&quot;0&quot;,&quot;credit&quot;:&quot;&quot;,&quot;camera&quot;:&quot;&quot;,&quot;caption&quot;:&quot;&quot;,&quot;created_timestamp&quot;:&quot;0&quot;,&quot;copyright&quot;:&quot;&quot;,&quot;focal_length&quot;:&quot;0&quot;,&quot;iso&quot;:&quot;0&quot;,&quot;shutter_speed&quot;:&quot;0&quot;,&quot;title&quot;:&quot;&quot;,&quot;orientation&quot;:&quot;0&quot;}\" data-image-title=\"Reforma ampliaci\u00f3n sal\u00f3n con terraza en Madrid\" data-image-description=\"&lt;p&gt;Reforma ampliaci\u00f3n sal\u00f3n con terraza en Madrid&lt;\/p&gt;\n\" data-medium-file=\"https:\/\/www.adryco.com\/wp-content\/uploads\/2015\/11\/1054_02-reforma-ampliacion-salon-con-terraza-madrid-300x112.jpg\" data-large-file=\"https:\/\/www.adryco.com\/wp-content\/uploads\/2015\/11\/1054_02-reforma-ampliacion-salon-con-terraza-madrid-1024x382.jpg\" src=\"https:\/\/www.adryco.com\/wp-content\/uploads\/2015\/11\/1054_02-reforma-ampliacion-salon-con-terraza-madrid-286x107.jpg\" width=\"286\" height=\"107\" align=\"left\" title=\"Reforma ampliaci\u00f3n sal\u00f3n con terraza en Madrid\" \/><\/a><div class=\"tiled-gallery-caption\">Reforma ampliaci\u00f3n sal\u00f3n con terraza en Madrid<\/div><\/div><div class=\"tiled-gallery-item tiled-gallery-item-large\"><a href=\"https:\/\/www.adryco.com\/wp-content\/uploads\/2015\/11\/1069_18-reforma-salon-libreria-a-medida.jpg\"><img loading=\"lazy\" decoding=\"async\" data-attachment-id=\"716\" data-orig-file=\"https:\/\/www.adryco.com\/wp-content\/uploads\/2015\/11\/1069_18-reforma-salon-libreria-a-medida.jpg\" data-orig-size=\"2000,1328\" data-comments-opened=\"1\" data-image-meta=\"{&quot;aperture&quot;:&quot;0&quot;,&quot;credit&quot;:&quot;&quot;,&quot;camera&quot;:&quot;&quot;,&quot;caption&quot;:&quot;&quot;,&quot;created_timestamp&quot;:&quot;0&quot;,&quot;copyright&quot;:&quot;&quot;,&quot;focal_length&quot;:&quot;0&quot;,&quot;iso&quot;:&quot;0&quot;,&quot;shutter_speed&quot;:&quot;0&quot;,&quot;title&quot;:&quot;&quot;,&quot;orientation&quot;:&quot;0&quot;}\" data-image-title=\"Reforma sal\u00f3n con librer\u00eda a medida | Madrid\" data-image-description=\"&lt;p&gt;Reforma sal\u00f3n con librer\u00eda a medida | Madrid&lt;\/p&gt;\n\" data-medium-file=\"https:\/\/www.adryco.com\/wp-content\/uploads\/2015\/11\/1069_18-reforma-salon-libreria-a-medida-300x199.jpg\" data-large-file=\"https:\/\/www.adryco.com\/wp-content\/uploads\/2015\/11\/1069_18-reforma-salon-libreria-a-medida-1024x680.jpg\" src=\"https:\/\/www.adryco.com\/wp-content\/uploads\/2015\/11\/1069_18-reforma-salon-libreria-a-medida-286x190.jpg\" width=\"286\" height=\"190\" align=\"left\" title=\"Reforma sal\u00f3n con librer\u00eda a medida | Madrid\" \/><\/a><div class=\"tiled-gallery-caption\">Reforma sal\u00f3n con librer\u00eda a medida | Madrid<\/div><\/div><\/div><div class=\"gallery-group images-1\" style=\"width: 205px; height: 305px;\"><div class=\"tiled-gallery-item tiled-gallery-item-small\"><a href=\"https:\/\/www.adryco.com\/wp-content\/uploads\/2015\/11\/1088_13-salon-puerta-paso-reforma-vivienda-madrid.jpg\"><img loading=\"lazy\" decoding=\"async\" data-attachment-id=\"717\" data-orig-file=\"https:\/\/www.adryco.com\/wp-content\/uploads\/2015\/11\/1088_13-salon-puerta-paso-reforma-vivienda-madrid.jpg\" data-orig-size=\"1333,2000\" data-comments-opened=\"1\" data-image-meta=\"{&quot;aperture&quot;:&quot;0&quot;,&quot;credit&quot;:&quot;&quot;,&quot;camera&quot;:&quot;&quot;,&quot;caption&quot;:&quot;&quot;,&quot;created_timestamp&quot;:&quot;0&quot;,&quot;copyright&quot;:&quot;&quot;,&quot;focal_length&quot;:&quot;0&quot;,&quot;iso&quot;:&quot;0&quot;,&quot;shutter_speed&quot;:&quot;0&quot;,&quot;title&quot;:&quot;&quot;,&quot;orientation&quot;:&quot;0&quot;}\" data-image-title=\"Reforma de sal\u00f3n | Detalle puerta paso reforma en Madrid\" data-image-description=\"&lt;p&gt;Reforma de sal\u00f3n | Detalle puerta paso reforma en Madrid&lt;\/p&gt;\n\" data-medium-file=\"https:\/\/www.adryco.com\/wp-content\/uploads\/2015\/11\/1088_13-salon-puerta-paso-reforma-vivienda-madrid-200x300.jpg\" data-large-file=\"https:\/\/www.adryco.com\/wp-content\/uploads\/2015\/11\/1088_13-salon-puerta-paso-reforma-vivienda-madrid-682x1024.jpg\" src=\"https:\/\/www.adryco.com\/wp-content\/uploads\/2015\/11\/1088_13-salon-puerta-paso-reforma-vivienda-madrid-201x301.jpg\" width=\"201\" height=\"301\" align=\"left\" title=\"Reforma de sal\u00f3n | Detalle puerta paso reforma en Madrid\" \/><\/a><div class=\"tiled-gallery-caption\">Reforma de sal\u00f3n | Detalle puerta paso reforma en Madrid<\/div><\/div><\/div><\/div><div class=\"gallery-row\" style=\"width: 495px; height: 213px;\"><div class=\"gallery-group images-1\" style=\"width: 172px; height: 217px;\"><div class=\"tiled-gallery-item tiled-gallery-item-small\"><a href=\"https:\/\/www.adryco.com\/wp-content\/uploads\/2015\/11\/1110_21-liberia-madera-lacada-salon.jpg\"><img loading=\"lazy\" decoding=\"async\" data-attachment-id=\"718\" data-orig-file=\"https:\/\/www.adryco.com\/wp-content\/uploads\/2015\/11\/1110_21-liberia-madera-lacada-salon.jpg\" data-orig-size=\"1580,2000\" data-comments-opened=\"1\" data-image-meta=\"{&quot;aperture&quot;:&quot;0&quot;,&quot;credit&quot;:&quot;&quot;,&quot;camera&quot;:&quot;&quot;,&quot;caption&quot;:&quot;&quot;,&quot;created_timestamp&quot;:&quot;0&quot;,&quot;copyright&quot;:&quot;&quot;,&quot;focal_length&quot;:&quot;0&quot;,&quot;iso&quot;:&quot;0&quot;,&quot;shutter_speed&quot;:&quot;0&quot;,&quot;title&quot;:&quot;&quot;,&quot;orientation&quot;:&quot;0&quot;}\" data-image-title=\"Librer\u00eda madera lacada en sal\u00f3n | Reforma casa en Madrid\" data-image-description=\"&lt;p&gt;Librer\u00eda madera lacada en sal\u00f3n | Reforma casa en Madrid&lt;\/p&gt;\n\" data-medium-file=\"https:\/\/www.adryco.com\/wp-content\/uploads\/2015\/11\/1110_21-liberia-madera-lacada-salon-237x300.jpg\" data-large-file=\"https:\/\/www.adryco.com\/wp-content\/uploads\/2015\/11\/1110_21-liberia-madera-lacada-salon-809x1024.jpg\" src=\"https:\/\/www.adryco.com\/wp-content\/uploads\/2015\/11\/1110_21-liberia-madera-lacada-salon-168x213.jpg\" width=\"168\" height=\"213\" align=\"left\" title=\"Librer\u00eda madera lacada en sal\u00f3n | Reforma casa en Madrid\" \/><\/a><div class=\"tiled-gallery-caption\">Librer\u00eda madera lacada en sal\u00f3n | Reforma casa en Madrid<\/div><\/div><\/div><div class=\"gallery-group images-1\" style=\"width: 323px; height: 217px;\"><div class=\"tiled-gallery-item tiled-gallery-item-large\"><a href=\"https:\/\/www.adryco.com\/wp-content\/uploads\/2015\/11\/1128_19-libreria-pladur-salon-reforma-piso.jpg\"><img loading=\"lazy\" decoding=\"async\" data-attachment-id=\"719\" data-orig-file=\"https:\/\/www.adryco.com\/wp-content\/uploads\/2015\/11\/1128_19-libreria-pladur-salon-reforma-piso.jpg\" data-orig-size=\"2000,1333\" data-comments-opened=\"1\" data-image-meta=\"{&quot;aperture&quot;:&quot;0&quot;,&quot;credit&quot;:&quot;&quot;,&quot;camera&quot;:&quot;&quot;,&quot;caption&quot;:&quot;&quot;,&quot;created_timestamp&quot;:&quot;0&quot;,&quot;copyright&quot;:&quot;&quot;,&quot;focal_length&quot;:&quot;0&quot;,&quot;iso&quot;:&quot;0&quot;,&quot;shutter_speed&quot;:&quot;0&quot;,&quot;title&quot;:&quot;&quot;,&quot;orientation&quot;:&quot;0&quot;}\" data-image-title=\"Librer\u00eda Pladur en sal\u00f3n\" data-image-description=\"&lt;p&gt;Librer\u00eda Pladur en sal\u00f3n&lt;\/p&gt;\n\" data-medium-file=\"https:\/\/www.adryco.com\/wp-content\/uploads\/2015\/11\/1128_19-libreria-pladur-salon-reforma-piso-300x200.jpg\" data-large-file=\"https:\/\/www.adryco.com\/wp-content\/uploads\/2015\/11\/1128_19-libreria-pladur-salon-reforma-piso-1024x682.jpg\" src=\"https:\/\/www.adryco.com\/wp-content\/uploads\/2015\/11\/1128_19-libreria-pladur-salon-reforma-piso-319x213.jpg\" width=\"319\" height=\"213\" align=\"left\" title=\"Librer\u00eda Pladur en sal\u00f3n\" \/><\/a><div class=\"tiled-gallery-caption\">Librer\u00eda Pladur en sal\u00f3n<\/div><\/div><\/div><\/div><div class=\"gallery-row\" style=\"width: 495px; height: 392px;\"><div class=\"gallery-group images-1\" style=\"width: 191px; height: 396px;\"><div class=\"tiled-gallery-item tiled-gallery-item-small\"><a href=\"https:\/\/www.adryco.com\/wp-content\/uploads\/2015\/11\/1128_20-reforma-salon-libreria-pladur.jpg\"><img loading=\"lazy\" decoding=\"async\" data-attachment-id=\"720\" data-orig-file=\"https:\/\/www.adryco.com\/wp-content\/uploads\/2015\/11\/1128_20-reforma-salon-libreria-pladur.jpg\" data-orig-size=\"954,2000\" data-comments-opened=\"1\" data-image-meta=\"{&quot;aperture&quot;:&quot;0&quot;,&quot;credit&quot;:&quot;&quot;,&quot;camera&quot;:&quot;&quot;,&quot;caption&quot;:&quot;&quot;,&quot;created_timestamp&quot;:&quot;0&quot;,&quot;copyright&quot;:&quot;&quot;,&quot;focal_length&quot;:&quot;0&quot;,&quot;iso&quot;:&quot;0&quot;,&quot;shutter_speed&quot;:&quot;0&quot;,&quot;title&quot;:&quot;&quot;,&quot;orientation&quot;:&quot;0&quot;}\" data-image-title=\"Librer\u00eda de Pladur en reforma salon en Madrid\" data-image-description=\"&lt;p&gt;Librer\u00eda de Pladur en reforma salon en Madrid&lt;\/p&gt;\n\" data-medium-file=\"https:\/\/www.adryco.com\/wp-content\/uploads\/2015\/11\/1128_20-reforma-salon-libreria-pladur-143x300.jpg\" data-large-file=\"https:\/\/www.adryco.com\/wp-content\/uploads\/2015\/11\/1128_20-reforma-salon-libreria-pladur-488x1024.jpg\" src=\"https:\/\/www.adryco.com\/wp-content\/uploads\/2015\/11\/1128_20-reforma-salon-libreria-pladur-187x392.jpg\" width=\"187\" height=\"392\" align=\"left\" title=\"Librer\u00eda de Pladur en reforma salon en Madrid\" \/><\/a><div class=\"tiled-gallery-caption\">Librer\u00eda de Pladur en reforma salon en Madrid<\/div><\/div><\/div><div class=\"gallery-group images-1\" style=\"width: 304px; height: 396px;\"><div class=\"tiled-gallery-item tiled-gallery-item-large\"><a href=\"https:\/\/www.adryco.com\/wp-content\/uploads\/2015\/11\/1133_31-ampliacion-ventanas-luz-salon-reforma-chalet.jpg\"><img loading=\"lazy\" decoding=\"async\" data-attachment-id=\"721\" data-orig-file=\"https:\/\/www.adryco.com\/wp-content\/uploads\/2015\/11\/1133_31-ampliacion-ventanas-luz-salon-reforma-chalet.jpg\" data-orig-size=\"1531,2000\" data-comments-opened=\"1\" data-image-meta=\"{&quot;aperture&quot;:&quot;0&quot;,&quot;credit&quot;:&quot;&quot;,&quot;camera&quot;:&quot;&quot;,&quot;caption&quot;:&quot;&quot;,&quot;created_timestamp&quot;:&quot;0&quot;,&quot;copyright&quot;:&quot;&quot;,&quot;focal_length&quot;:&quot;0&quot;,&quot;iso&quot;:&quot;0&quot;,&quot;shutter_speed&quot;:&quot;0&quot;,&quot;title&quot;:&quot;&quot;,&quot;orientation&quot;:&quot;0&quot;}\" data-image-title=\"Ampliaci\u00f3n de ventanas y luz en sal\u00f3n | Reforma chalet\" data-image-description=\"&lt;p&gt;Ampliaci\u00f3n de ventanas y luz en sal\u00f3n | Reforma chalet&lt;\/p&gt;\n\" data-medium-file=\"https:\/\/www.adryco.com\/wp-content\/uploads\/2015\/11\/1133_31-ampliacion-ventanas-luz-salon-reforma-chalet-230x300.jpg\" data-large-file=\"https:\/\/www.adryco.com\/wp-content\/uploads\/2015\/11\/1133_31-ampliacion-ventanas-luz-salon-reforma-chalet-784x1024.jpg\" src=\"https:\/\/www.adryco.com\/wp-content\/uploads\/2015\/11\/1133_31-ampliacion-ventanas-luz-salon-reforma-chalet-300x392.jpg\" width=\"300\" height=\"392\" align=\"left\" title=\"Ampliaci\u00f3n de ventanas y luz en sal\u00f3n | Reforma chalet\" \/><\/a><div class=\"tiled-gallery-caption\">Ampliaci\u00f3n de ventanas y luz en sal\u00f3n | Reforma chalet<\/div><\/div><\/div><\/div><\/div>\n","protected":false},"excerpt":{"rendered":"<p>El sal\u00f3n es una de las estancias m\u00e1s importantes en la reforma de tu piso o chalet. No solo es\u00a0el sitio de nuestras viviendas en el que pasamos m\u00e1s tiempo a lo largo de nuestras vidas, sino que es tambi\u00e9n nuestra tarjeta de presentaci\u00f3n con familiares y amigos. Os ofrecemos en esta galer\u00eda de im\u00e1genes [&hellip;]<\/p>\n","protected":false},"author":1,"featured_media":119,"comment_status":"open","ping_status":"open","sticky":false,"template":"","format":"standard","meta":{"_monsterinsights_skip_tracking":false,"_monsterinsights_sitenote_active":false,"_monsterinsights_sitenote_note":"","_monsterinsights_sitenote_category":0,"footnotes":""},"categories":[2],"tags":[],"class_list":{"0":"post-41","1":"post","2":"type-post","3":"status-publish","4":"format-standard","5":"has-post-thumbnail","7":"category-fotos-de-trabajos-adryco","8":"entry"},"yoast_head":"<!-- This site is optimized with the Yoast SEO plugin v26.6 - https:\/\/yoast.com\/wordpress\/plugins\/seo\/ -->\n<title>Salones - Reforma 3<\/title>\n<meta name=\"robots\" content=\"index, follow, max-snippet:-1, max-image-preview:large, max-video-preview:-1\" \/>\n<link rel=\"canonical\" href=\"http:\/\/www.adryco.com\/?p=41\" \/>\n<meta property=\"og:locale\" content=\"en_US\" \/>\n<meta property=\"og:type\" content=\"article\" \/>\n<meta property=\"og:title\" content=\"Salones - Reforma 3\" \/>\n<meta property=\"og:description\" content=\"El sal\u00f3n es una de las estancias m\u00e1s importantes en la reforma de tu piso o chalet. No solo es\u00a0el sitio de nuestras viviendas en el que pasamos m\u00e1s tiempo a lo largo de nuestras vidas, sino que es tambi\u00e9n nuestra tarjeta de presentaci\u00f3n con familiares y amigos. Os ofrecemos en esta galer\u00eda de im\u00e1genes [&hellip;]\" \/>\n<meta property=\"og:url\" content=\"http:\/\/www.adryco.com\/?p=41\" \/>\n<meta property=\"og:site_name\" content=\"Reforma 3\" \/>\n<meta property=\"article:published_time\" content=\"2015-11-16T16:47:24+00:00\" \/>\n<meta property=\"article:modified_time\" content=\"2015-11-25T16:23:20+00:00\" \/>\n<meta property=\"og:image\" content=\"http:\/\/www.adryco.com\/wp-content\/uploads\/2015\/11\/featured_salones_65755204_S.jpg\" \/>\n\t<meta property=\"og:image:width\" content=\"894\" \/>\n\t<meta property=\"og:image:height\" content=\"537\" \/>\n\t<meta property=\"og:image:type\" content=\"image\/jpeg\" \/>\n<meta name=\"author\" content=\"Reforma3\" \/>\n<meta name=\"twitter:card\" content=\"summary_large_image\" \/>\n<meta name=\"twitter:label1\" content=\"Written by\" \/>\n\t<meta name=\"twitter:data1\" content=\"Reforma3\" \/>\n<script type=\"application\/ld+json\" class=\"yoast-schema-graph\">{\"@context\":\"https:\/\/schema.org\",\"@graph\":[{\"@type\":\"WebPage\",\"@id\":\"http:\/\/www.adryco.com\/?p=41\",\"url\":\"http:\/\/www.adryco.com\/?p=41\",\"name\":\"Salones - Reforma 3\",\"isPartOf\":{\"@id\":\"https:\/\/www.adryco.com\/#website\"},\"primaryImageOfPage\":{\"@id\":\"http:\/\/www.adryco.com\/?p=41#primaryimage\"},\"image\":{\"@id\":\"http:\/\/www.adryco.com\/?p=41#primaryimage\"},\"thumbnailUrl\":\"https:\/\/www.adryco.com\/wp-content\/uploads\/2015\/11\/featured_salones_65755204_S.jpg\",\"datePublished\":\"2015-11-16T16:47:24+00:00\",\"dateModified\":\"2015-11-25T16:23:20+00:00\",\"author\":{\"@id\":\"https:\/\/www.adryco.com\/#\/schema\/person\/3c77fbe6f15c85a33638d67b3f9396ac\"},\"breadcrumb\":{\"@id\":\"http:\/\/www.adryco.com\/?p=41#breadcrumb\"},\"inLanguage\":\"en-US\",\"potentialAction\":[{\"@type\":\"ReadAction\",\"target\":[\"http:\/\/www.adryco.com\/?p=41\"]}]},{\"@type\":\"ImageObject\",\"inLanguage\":\"en-US\",\"@id\":\"http:\/\/www.adryco.com\/?p=41#primaryimage\",\"url\":\"https:\/\/www.adryco.com\/wp-content\/uploads\/2015\/11\/featured_salones_65755204_S.jpg\",\"contentUrl\":\"https:\/\/www.adryco.com\/wp-content\/uploads\/2015\/11\/featured_salones_65755204_S.jpg\",\"width\":894,\"height\":537,\"caption\":\"Salones\"},{\"@type\":\"BreadcrumbList\",\"@id\":\"http:\/\/www.adryco.com\/?p=41#breadcrumb\",\"itemListElement\":[{\"@type\":\"ListItem\",\"position\":1,\"name\":\"Home\",\"item\":\"https:\/\/www.adryco.com\/\"},{\"@type\":\"ListItem\",\"position\":2,\"name\":\"Salones\"}]},{\"@type\":\"WebSite\",\"@id\":\"https:\/\/www.adryco.com\/#website\",\"url\":\"https:\/\/www.adryco.com\/\",\"name\":\"Reforma 3\",\"description\":\"Reformas integrales de calidad\",\"potentialAction\":[{\"@type\":\"SearchAction\",\"target\":{\"@type\":\"EntryPoint\",\"urlTemplate\":\"https:\/\/www.adryco.com\/?s={search_term_string}\"},\"query-input\":{\"@type\":\"PropertyValueSpecification\",\"valueRequired\":true,\"valueName\":\"search_term_string\"}}],\"inLanguage\":\"en-US\"},{\"@type\":\"Person\",\"@id\":\"https:\/\/www.adryco.com\/#\/schema\/person\/3c77fbe6f15c85a33638d67b3f9396ac\",\"name\":\"Reforma3\",\"image\":{\"@type\":\"ImageObject\",\"inLanguage\":\"en-US\",\"@id\":\"https:\/\/www.adryco.com\/#\/schema\/person\/image\/\",\"url\":\"https:\/\/secure.gravatar.com\/avatar\/a348d475982855086635727202970dd01829aac6a683f18f180c8e305fc2118e?s=96&d=mm&r=g\",\"contentUrl\":\"https:\/\/secure.gravatar.com\/avatar\/a348d475982855086635727202970dd01829aac6a683f18f180c8e305fc2118e?s=96&d=mm&r=g\",\"caption\":\"Reforma3\"},\"url\":\"https:\/\/www.adryco.com\/?author=1\"}]}<\/script>\n<!-- \/ Yoast SEO plugin. -->","yoast_head_json":{"title":"Salones - Reforma 3","robots":{"index":"index","follow":"follow","max-snippet":"max-snippet:-1","max-image-preview":"max-image-preview:large","max-video-preview":"max-video-preview:-1"},"canonical":"http:\/\/www.adryco.com\/?p=41","og_locale":"en_US","og_type":"article","og_title":"Salones - Reforma 3","og_description":"El sal\u00f3n es una de las estancias m\u00e1s importantes en la reforma de tu piso o chalet. No solo es\u00a0el sitio de nuestras viviendas en el que pasamos m\u00e1s tiempo a lo largo de nuestras vidas, sino que es tambi\u00e9n nuestra tarjeta de presentaci\u00f3n con familiares y amigos. Os ofrecemos en esta galer\u00eda de im\u00e1genes [&hellip;]","og_url":"http:\/\/www.adryco.com\/?p=41","og_site_name":"Reforma 3","article_published_time":"2015-11-16T16:47:24+00:00","article_modified_time":"2015-11-25T16:23:20+00:00","og_image":[{"width":894,"height":537,"url":"http:\/\/www.adryco.com\/wp-content\/uploads\/2015\/11\/featured_salones_65755204_S.jpg","type":"image\/jpeg"}],"author":"Reforma3","twitter_card":"summary_large_image","twitter_misc":{"Written by":"Reforma3"},"schema":{"@context":"https:\/\/schema.org","@graph":[{"@type":"WebPage","@id":"http:\/\/www.adryco.com\/?p=41","url":"http:\/\/www.adryco.com\/?p=41","name":"Salones - Reforma 3","isPartOf":{"@id":"https:\/\/www.adryco.com\/#website"},"primaryImageOfPage":{"@id":"http:\/\/www.adryco.com\/?p=41#primaryimage"},"image":{"@id":"http:\/\/www.adryco.com\/?p=41#primaryimage"},"thumbnailUrl":"https:\/\/www.adryco.com\/wp-content\/uploads\/2015\/11\/featured_salones_65755204_S.jpg","datePublished":"2015-11-16T16:47:24+00:00","dateModified":"2015-11-25T16:23:20+00:00","author":{"@id":"https:\/\/www.adryco.com\/#\/schema\/person\/3c77fbe6f15c85a33638d67b3f9396ac"},"breadcrumb":{"@id":"http:\/\/www.adryco.com\/?p=41#breadcrumb"},"inLanguage":"en-US","potentialAction":[{"@type":"ReadAction","target":["http:\/\/www.adryco.com\/?p=41"]}]},{"@type":"ImageObject","inLanguage":"en-US","@id":"http:\/\/www.adryco.com\/?p=41#primaryimage","url":"https:\/\/www.adryco.com\/wp-content\/uploads\/2015\/11\/featured_salones_65755204_S.jpg","contentUrl":"https:\/\/www.adryco.com\/wp-content\/uploads\/2015\/11\/featured_salones_65755204_S.jpg","width":894,"height":537,"caption":"Salones"},{"@type":"BreadcrumbList","@id":"http:\/\/www.adryco.com\/?p=41#breadcrumb","itemListElement":[{"@type":"ListItem","position":1,"name":"Home","item":"https:\/\/www.adryco.com\/"},{"@type":"ListItem","position":2,"name":"Salones"}]},{"@type":"WebSite","@id":"https:\/\/www.adryco.com\/#website","url":"https:\/\/www.adryco.com\/","name":"Reforma 3","description":"Reformas integrales de calidad","potentialAction":[{"@type":"SearchAction","target":{"@type":"EntryPoint","urlTemplate":"https:\/\/www.adryco.com\/?s={search_term_string}"},"query-input":{"@type":"PropertyValueSpecification","valueRequired":true,"valueName":"search_term_string"}}],"inLanguage":"en-US"},{"@type":"Person","@id":"https:\/\/www.adryco.com\/#\/schema\/person\/3c77fbe6f15c85a33638d67b3f9396ac","name":"Reforma3","image":{"@type":"ImageObject","inLanguage":"en-US","@id":"https:\/\/www.adryco.com\/#\/schema\/person\/image\/","url":"https:\/\/secure.gravatar.com\/avatar\/a348d475982855086635727202970dd01829aac6a683f18f180c8e305fc2118e?s=96&d=mm&r=g","contentUrl":"https:\/\/secure.gravatar.com\/avatar\/a348d475982855086635727202970dd01829aac6a683f18f180c8e305fc2118e?s=96&d=mm&r=g","caption":"Reforma3"},"url":"https:\/\/www.adryco.com\/?author=1"}]}},"_links":{"self":[{"href":"https:\/\/www.adryco.com\/index.php?rest_route=\/wp\/v2\/posts\/41","targetHints":{"allow":["GET"]}}],"collection":[{"href":"https:\/\/www.adryco.com\/index.php?rest_route=\/wp\/v2\/posts"}],"about":[{"href":"https:\/\/www.adryco.com\/index.php?rest_route=\/wp\/v2\/types\/post"}],"author":[{"embeddable":true,"href":"https:\/\/www.adryco.com\/index.php?rest_route=\/wp\/v2\/users\/1"}],"replies":[{"embeddable":true,"href":"https:\/\/www.adryco.com\/index.php?rest_route=%2Fwp%2Fv2%2Fcomments&post=41"}],"version-history":[{"count":6,"href":"https:\/\/www.adryco.com\/index.php?rest_route=\/wp\/v2\/posts\/41\/revisions"}],"predecessor-version":[{"id":722,"href":"https:\/\/www.adryco.com\/index.php?rest_route=\/wp\/v2\/posts\/41\/revisions\/722"}],"wp:featuredmedia":[{"embeddable":true,"href":"https:\/\/www.adryco.com\/index.php?rest_route=\/wp\/v2\/media\/119"}],"wp:attachment":[{"href":"https:\/\/www.adryco.com\/index.php?rest_route=%2Fwp%2Fv2%2Fmedia&parent=41"}],"wp:term":[{"taxonomy":"category","embeddable":true,"href":"https:\/\/www.adryco.com\/index.php?rest_route=%2Fwp%2Fv2%2Fcategories&post=41"},{"taxonomy":"post_tag","embeddable":true,"href":"https:\/\/www.adryco.com\/index.php?rest_route=%2Fwp%2Fv2%2Ftags&post=41"}],"curies":[{"name":"wp","href":"https:\/\/api.w.org\/{rel}","templated":true}]}}