{"id":49,"date":"2015-11-16T17:48:32","date_gmt":"2015-11-16T16:48:32","guid":{"rendered":"http:\/\/www.adryco.com\/?p=49"},"modified":"2015-11-25T16:39:04","modified_gmt":"2015-11-25T15:39:04","slug":"escaleras","status":"publish","type":"post","link":"https:\/\/www.adryco.com\/?p=49","title":{"rendered":"Escaleras"},"content":{"rendered":"<p>Si hay un elemento arquitect\u00f3nico que marca la diferencia en una obra\u00a0este es la escalera.<\/p>\n<p>A pesar de ser una simple zona de tr\u00e1nsito, el impacto visual que supone es muy importante por lo que hay que prestarle especial atenci\u00f3n a la hora de reformar tu vivienda o negocio.<\/p>\n<p>Os dejamos una colecci\u00f3n de fotograf\u00edas de escaleras para que sep\u00e1is elegir que acabado os interesa m\u00e1s.<\/p>\n<div data-carousel-extra='{\"blog_id\":1,\"permalink\":\"https:\\\/\\\/www.adryco.com\\\/?p=49\"}' class=\"tiled-gallery type-rectangular\" data-original-width=\"500\"><div class=\"gallery-row\" style=\"width: 495px; height: 439px;\"><div class=\"gallery-group images-1\" style=\"width: 297px; height: 443px;\"><div class=\"tiled-gallery-item tiled-gallery-item-large\"><a href=\"https:\/\/www.adryco.com\/wp-content\/uploads\/2015\/11\/0003_06-reforma-chalet-madrid-escalera-roble-clasica.jpg\"><img loading=\"lazy\" decoding=\"async\" data-attachment-id=\"662\" data-orig-file=\"https:\/\/www.adryco.com\/wp-content\/uploads\/2015\/11\/0003_06-reforma-chalet-madrid-escalera-roble-clasica.jpg\" data-orig-size=\"1333,2000\" data-comments-opened=\"1\" data-image-meta=\"{&quot;aperture&quot;:&quot;0&quot;,&quot;credit&quot;:&quot;&quot;,&quot;camera&quot;:&quot;&quot;,&quot;caption&quot;:&quot;&quot;,&quot;created_timestamp&quot;:&quot;0&quot;,&quot;copyright&quot;:&quot;&quot;,&quot;focal_length&quot;:&quot;0&quot;,&quot;iso&quot;:&quot;0&quot;,&quot;shutter_speed&quot;:&quot;0&quot;,&quot;title&quot;:&quot;&quot;,&quot;orientation&quot;:&quot;0&quot;}\" data-image-title=\"Escalera roble cl\u00e1sica un pieza | Reforma de chalet en Madrid\" data-image-description=\"&lt;p&gt;Escalera roble cl\u00e1sica un pieza | Reforma de chalet en Madrid&lt;\/p&gt;\n\" data-medium-file=\"https:\/\/www.adryco.com\/wp-content\/uploads\/2015\/11\/0003_06-reforma-chalet-madrid-escalera-roble-clasica-200x300.jpg\" data-large-file=\"https:\/\/www.adryco.com\/wp-content\/uploads\/2015\/11\/0003_06-reforma-chalet-madrid-escalera-roble-clasica-682x1024.jpg\" src=\"https:\/\/www.adryco.com\/wp-content\/uploads\/2015\/11\/0003_06-reforma-chalet-madrid-escalera-roble-clasica-293x439.jpg\" width=\"293\" height=\"439\" align=\"left\" title=\"Escalera roble cl\u00e1sica un pieza | Reforma de chalet en Madrid\" \/><\/a><div class=\"tiled-gallery-caption\">Escalera roble cl\u00e1sica un pieza | Reforma de chalet en Madrid<\/div><\/div><\/div><div class=\"gallery-group images-3\" style=\"width: 198px; height: 443px;\"><div class=\"tiled-gallery-item tiled-gallery-item-small\"><a href=\"https:\/\/www.adryco.com\/wp-content\/uploads\/2015\/11\/0004_01-escalera-exterior-pizarra.jpg\"><img loading=\"lazy\" decoding=\"async\" data-attachment-id=\"663\" data-orig-file=\"https:\/\/www.adryco.com\/wp-content\/uploads\/2015\/11\/0004_01-escalera-exterior-pizarra.jpg\" data-orig-size=\"2000,1500\" data-comments-opened=\"1\" data-image-meta=\"{&quot;aperture&quot;:&quot;0&quot;,&quot;credit&quot;:&quot;&quot;,&quot;camera&quot;:&quot;&quot;,&quot;caption&quot;:&quot;&quot;,&quot;created_timestamp&quot;:&quot;0&quot;,&quot;copyright&quot;:&quot;&quot;,&quot;focal_length&quot;:&quot;0&quot;,&quot;iso&quot;:&quot;0&quot;,&quot;shutter_speed&quot;:&quot;0&quot;,&quot;title&quot;:&quot;&quot;,&quot;orientation&quot;:&quot;0&quot;}\" data-image-title=\"Escalera de exterior en pizarra |Chalet de finca\" data-image-description=\"&lt;p&gt;Escalera de exterior en pizarra |Chalet de finca&lt;\/p&gt;\n\" data-medium-file=\"https:\/\/www.adryco.com\/wp-content\/uploads\/2015\/11\/0004_01-escalera-exterior-pizarra-300x225.jpg\" data-large-file=\"https:\/\/www.adryco.com\/wp-content\/uploads\/2015\/11\/0004_01-escalera-exterior-pizarra-1024x768.jpg\" src=\"https:\/\/www.adryco.com\/wp-content\/uploads\/2015\/11\/0004_01-escalera-exterior-pizarra-194x146.jpg\" width=\"194\" height=\"146\" align=\"left\" title=\"Escalera de exterior en pizarra |Chalet de finca\" \/><\/a><div class=\"tiled-gallery-caption\">Escalera de exterior en pizarra |Chalet de finca<\/div><\/div><div class=\"tiled-gallery-item tiled-gallery-item-small\"><a href=\"https:\/\/www.adryco.com\/wp-content\/uploads\/2015\/11\/0004_02-escalera-piedra-natural-rustica.jpg\"><img loading=\"lazy\" decoding=\"async\" data-attachment-id=\"664\" data-orig-file=\"https:\/\/www.adryco.com\/wp-content\/uploads\/2015\/11\/0004_02-escalera-piedra-natural-rustica.jpg\" data-orig-size=\"2000,1328\" data-comments-opened=\"1\" data-image-meta=\"{&quot;aperture&quot;:&quot;0&quot;,&quot;credit&quot;:&quot;&quot;,&quot;camera&quot;:&quot;&quot;,&quot;caption&quot;:&quot;&quot;,&quot;created_timestamp&quot;:&quot;0&quot;,&quot;copyright&quot;:&quot;&quot;,&quot;focal_length&quot;:&quot;0&quot;,&quot;iso&quot;:&quot;0&quot;,&quot;shutter_speed&quot;:&quot;0&quot;,&quot;title&quot;:&quot;&quot;,&quot;orientation&quot;:&quot;0&quot;}\" data-image-title=\"Escalera piedra natural r\u00fastica | Reforma casa de campo\" data-image-description=\"&lt;p&gt;Escalera piedra natural r\u00fastica | Reforma casa de campo&lt;\/p&gt;\n\" data-medium-file=\"https:\/\/www.adryco.com\/wp-content\/uploads\/2015\/11\/0004_02-escalera-piedra-natural-rustica-300x199.jpg\" data-large-file=\"https:\/\/www.adryco.com\/wp-content\/uploads\/2015\/11\/0004_02-escalera-piedra-natural-rustica-1024x680.jpg\" src=\"https:\/\/www.adryco.com\/wp-content\/uploads\/2015\/11\/0004_02-escalera-piedra-natural-rustica-194x129.jpg\" width=\"194\" height=\"129\" align=\"left\" title=\"Escalera piedra natural r\u00fastica | Reforma casa de campo\" \/><\/a><div class=\"tiled-gallery-caption\">Escalera piedra natural r\u00fastica | Reforma casa de campo<\/div><\/div><div class=\"tiled-gallery-item tiled-gallery-item-small\"><a href=\"https:\/\/www.adryco.com\/wp-content\/uploads\/2015\/11\/0006_03-escalera-oficinas-granito-reforma-oficinas-madrid.jpg\"><img loading=\"lazy\" decoding=\"async\" data-attachment-id=\"665\" data-orig-file=\"https:\/\/www.adryco.com\/wp-content\/uploads\/2015\/11\/0006_03-escalera-oficinas-granito-reforma-oficinas-madrid.jpg\" data-orig-size=\"2000,1613\" data-comments-opened=\"1\" data-image-meta=\"{&quot;aperture&quot;:&quot;0&quot;,&quot;credit&quot;:&quot;&quot;,&quot;camera&quot;:&quot;&quot;,&quot;caption&quot;:&quot;&quot;,&quot;created_timestamp&quot;:&quot;0&quot;,&quot;copyright&quot;:&quot;&quot;,&quot;focal_length&quot;:&quot;0&quot;,&quot;iso&quot;:&quot;0&quot;,&quot;shutter_speed&quot;:&quot;0&quot;,&quot;title&quot;:&quot;&quot;,&quot;orientation&quot;:&quot;0&quot;}\" data-image-title=\"Escalera granito y acero en reforma de oficina\" data-image-description=\"&lt;p&gt;Escalera granito y acero en reforma de oficina&lt;\/p&gt;\n\" data-medium-file=\"https:\/\/www.adryco.com\/wp-content\/uploads\/2015\/11\/0006_03-escalera-oficinas-granito-reforma-oficinas-madrid-300x242.jpg\" data-large-file=\"https:\/\/www.adryco.com\/wp-content\/uploads\/2015\/11\/0006_03-escalera-oficinas-granito-reforma-oficinas-madrid-1024x826.jpg\" src=\"https:\/\/www.adryco.com\/wp-content\/uploads\/2015\/11\/0006_03-escalera-oficinas-granito-reforma-oficinas-madrid-194x156.jpg\" width=\"194\" height=\"156\" align=\"left\" title=\"Escalera granito y acero en reforma de oficina\" \/><\/a><div class=\"tiled-gallery-caption\">Escalera granito y acero en reforma de oficina<\/div><\/div><\/div><\/div><div class=\"gallery-row\" style=\"width: 495px; height: 319px;\"><div class=\"gallery-group images-1\" style=\"width: 252px; height: 323px;\"><div class=\"tiled-gallery-item tiled-gallery-item-small\"><a href=\"https:\/\/www.adryco.com\/wp-content\/uploads\/2015\/11\/0006_04-escalera-roble-moderna.jpg\"><img loading=\"lazy\" decoding=\"async\" data-attachment-id=\"666\" data-orig-file=\"https:\/\/www.adryco.com\/wp-content\/uploads\/2015\/11\/0006_04-escalera-roble-moderna.jpg\" data-orig-size=\"1552,2000\" data-comments-opened=\"1\" data-image-meta=\"{&quot;aperture&quot;:&quot;0&quot;,&quot;credit&quot;:&quot;&quot;,&quot;camera&quot;:&quot;&quot;,&quot;caption&quot;:&quot;&quot;,&quot;created_timestamp&quot;:&quot;0&quot;,&quot;copyright&quot;:&quot;&quot;,&quot;focal_length&quot;:&quot;0&quot;,&quot;iso&quot;:&quot;0&quot;,&quot;shutter_speed&quot;:&quot;0&quot;,&quot;title&quot;:&quot;&quot;,&quot;orientation&quot;:&quot;0&quot;}\" data-image-title=\"Escalera moderna en roble\" data-image-description=\"&lt;p&gt;Escalera moderna en roble&lt;\/p&gt;\n\" data-medium-file=\"https:\/\/www.adryco.com\/wp-content\/uploads\/2015\/11\/0006_04-escalera-roble-moderna-233x300.jpg\" data-large-file=\"https:\/\/www.adryco.com\/wp-content\/uploads\/2015\/11\/0006_04-escalera-roble-moderna-795x1024.jpg\" src=\"https:\/\/www.adryco.com\/wp-content\/uploads\/2015\/11\/0006_04-escalera-roble-moderna-248x319.jpg\" width=\"248\" height=\"319\" align=\"left\" title=\"Escalera moderna en roble\" \/><\/a><div class=\"tiled-gallery-caption\">Escalera moderna en roble<\/div><\/div><\/div><div class=\"gallery-group images-1\" style=\"width: 243px; height: 323px;\"><div class=\"tiled-gallery-item tiled-gallery-item-small\"><a href=\"https:\/\/www.adryco.com\/wp-content\/uploads\/2015\/11\/1030_11-barandilla-vidrio-escalera-reforma-piso.jpg\"><img loading=\"lazy\" decoding=\"async\" data-attachment-id=\"667\" data-orig-file=\"https:\/\/www.adryco.com\/wp-content\/uploads\/2015\/11\/1030_11-barandilla-vidrio-escalera-reforma-piso.jpg\" data-orig-size=\"1500,2000\" data-comments-opened=\"1\" data-image-meta=\"{&quot;aperture&quot;:&quot;0&quot;,&quot;credit&quot;:&quot;&quot;,&quot;camera&quot;:&quot;&quot;,&quot;caption&quot;:&quot;&quot;,&quot;created_timestamp&quot;:&quot;0&quot;,&quot;copyright&quot;:&quot;&quot;,&quot;focal_length&quot;:&quot;0&quot;,&quot;iso&quot;:&quot;0&quot;,&quot;shutter_speed&quot;:&quot;0&quot;,&quot;title&quot;:&quot;&quot;,&quot;orientation&quot;:&quot;0&quot;}\" data-image-title=\"Barandilla escalera vidrio | Reforma piso Madrid\" data-image-description=\"&lt;p&gt;Barandilla escalera vidrio | Reforma piso Madrid&lt;\/p&gt;\n\" data-medium-file=\"https:\/\/www.adryco.com\/wp-content\/uploads\/2015\/11\/1030_11-barandilla-vidrio-escalera-reforma-piso-225x300.jpg\" data-large-file=\"https:\/\/www.adryco.com\/wp-content\/uploads\/2015\/11\/1030_11-barandilla-vidrio-escalera-reforma-piso-768x1024.jpg\" src=\"https:\/\/www.adryco.com\/wp-content\/uploads\/2015\/11\/1030_11-barandilla-vidrio-escalera-reforma-piso-239x319.jpg\" width=\"239\" height=\"319\" align=\"left\" title=\"Barandilla escalera vidrio | Reforma piso Madrid\" \/><\/a><div class=\"tiled-gallery-caption\">Barandilla escalera vidrio | Reforma piso Madrid<\/div><\/div><\/div><\/div><div class=\"gallery-row\" style=\"width: 495px; height: 307px;\"><div class=\"gallery-group images-2\" style=\"width: 261px; height: 311px;\"><div class=\"tiled-gallery-item tiled-gallery-item-large\"><a href=\"https:\/\/www.adryco.com\/wp-content\/uploads\/2015\/11\/1030_13-reforma-escalera-piso-duplex.jpg\"><img loading=\"lazy\" decoding=\"async\" data-attachment-id=\"668\" data-orig-file=\"https:\/\/www.adryco.com\/wp-content\/uploads\/2015\/11\/1030_13-reforma-escalera-piso-duplex.jpg\" data-orig-size=\"2000,1028\" data-comments-opened=\"1\" data-image-meta=\"{&quot;aperture&quot;:&quot;0&quot;,&quot;credit&quot;:&quot;&quot;,&quot;camera&quot;:&quot;&quot;,&quot;caption&quot;:&quot;&quot;,&quot;created_timestamp&quot;:&quot;0&quot;,&quot;copyright&quot;:&quot;&quot;,&quot;focal_length&quot;:&quot;0&quot;,&quot;iso&quot;:&quot;0&quot;,&quot;shutter_speed&quot;:&quot;0&quot;,&quot;title&quot;:&quot;&quot;,&quot;orientation&quot;:&quot;0&quot;}\" data-image-title=\"Reforma de escalera en piso duplex\" data-image-description=\"&lt;p&gt;Reforma de escalera en piso duplex&lt;\/p&gt;\n\" data-medium-file=\"https:\/\/www.adryco.com\/wp-content\/uploads\/2015\/11\/1030_13-reforma-escalera-piso-duplex-300x154.jpg\" data-large-file=\"https:\/\/www.adryco.com\/wp-content\/uploads\/2015\/11\/1030_13-reforma-escalera-piso-duplex-1024x526.jpg\" src=\"https:\/\/www.adryco.com\/wp-content\/uploads\/2015\/11\/1030_13-reforma-escalera-piso-duplex-257x132.jpg\" width=\"257\" height=\"132\" align=\"left\" title=\"Reforma de escalera en piso duplex\" \/><\/a><div class=\"tiled-gallery-caption\">Reforma de escalera en piso duplex<\/div><\/div><div class=\"tiled-gallery-item tiled-gallery-item-large\"><a href=\"https:\/\/www.adryco.com\/wp-content\/uploads\/2015\/11\/1037_06-escalera-marmol-natural-piso-madrid.jpg\"><img loading=\"lazy\" decoding=\"async\" data-attachment-id=\"669\" data-orig-file=\"https:\/\/www.adryco.com\/wp-content\/uploads\/2015\/11\/1037_06-escalera-marmol-natural-piso-madrid.jpg\" data-orig-size=\"1188,792\" data-comments-opened=\"1\" data-image-meta=\"{&quot;aperture&quot;:&quot;0&quot;,&quot;credit&quot;:&quot;&quot;,&quot;camera&quot;:&quot;&quot;,&quot;caption&quot;:&quot;&quot;,&quot;created_timestamp&quot;:&quot;0&quot;,&quot;copyright&quot;:&quot;&quot;,&quot;focal_length&quot;:&quot;0&quot;,&quot;iso&quot;:&quot;0&quot;,&quot;shutter_speed&quot;:&quot;0&quot;,&quot;title&quot;:&quot;&quot;,&quot;orientation&quot;:&quot;0&quot;}\" data-image-title=\"Escalera m\u00e1rmol natural | Reforma piso\" data-image-description=\"&lt;p&gt;Escalera m\u00e1rmol natural | Reforma piso&lt;\/p&gt;\n\" data-medium-file=\"https:\/\/www.adryco.com\/wp-content\/uploads\/2015\/11\/1037_06-escalera-marmol-natural-piso-madrid-300x200.jpg\" data-large-file=\"https:\/\/www.adryco.com\/wp-content\/uploads\/2015\/11\/1037_06-escalera-marmol-natural-piso-madrid-1024x683.jpg\" src=\"https:\/\/www.adryco.com\/wp-content\/uploads\/2015\/11\/1037_06-escalera-marmol-natural-piso-madrid-257x171.jpg\" width=\"257\" height=\"171\" align=\"left\" title=\"Escalera m\u00e1rmol natural | Reforma piso\" \/><\/a><div class=\"tiled-gallery-caption\">Escalera m\u00e1rmol natural | Reforma piso<\/div><\/div><\/div><div class=\"gallery-group images-1\" style=\"width: 234px; height: 311px;\"><div class=\"tiled-gallery-item tiled-gallery-item-small\"><a href=\"https:\/\/www.adryco.com\/wp-content\/uploads\/2015\/11\/1059_01-escalera-pavimento-vinilico.jpg\"><img loading=\"lazy\" decoding=\"async\" data-attachment-id=\"670\" data-orig-file=\"https:\/\/www.adryco.com\/wp-content\/uploads\/2015\/11\/1059_01-escalera-pavimento-vinilico.jpg\" data-orig-size=\"1500,2000\" data-comments-opened=\"1\" data-image-meta=\"{&quot;aperture&quot;:&quot;0&quot;,&quot;credit&quot;:&quot;&quot;,&quot;camera&quot;:&quot;&quot;,&quot;caption&quot;:&quot;&quot;,&quot;created_timestamp&quot;:&quot;0&quot;,&quot;copyright&quot;:&quot;&quot;,&quot;focal_length&quot;:&quot;0&quot;,&quot;iso&quot;:&quot;0&quot;,&quot;shutter_speed&quot;:&quot;0&quot;,&quot;title&quot;:&quot;&quot;,&quot;orientation&quot;:&quot;0&quot;}\" data-image-title=\"Escalera pavimento vin\u00edlico | Reforma oficinas en Madrid\" data-image-description=\"&lt;p&gt;Escalera pavimento vin\u00edlico | Reforma oficinas en Madrid&lt;\/p&gt;\n\" data-medium-file=\"https:\/\/www.adryco.com\/wp-content\/uploads\/2015\/11\/1059_01-escalera-pavimento-vinilico-225x300.jpg\" data-large-file=\"https:\/\/www.adryco.com\/wp-content\/uploads\/2015\/11\/1059_01-escalera-pavimento-vinilico-768x1024.jpg\" src=\"https:\/\/www.adryco.com\/wp-content\/uploads\/2015\/11\/1059_01-escalera-pavimento-vinilico-230x307.jpg\" width=\"230\" height=\"307\" align=\"left\" title=\"Escalera pavimento vin\u00edlico | Reforma oficinas en Madrid\" \/><\/a><div class=\"tiled-gallery-caption\">Escalera pavimento vin\u00edlico | Reforma oficinas en Madrid<\/div><\/div><\/div><\/div><div class=\"gallery-row\" style=\"width: 495px; height: 172px;\"><div class=\"gallery-group images-1\" style=\"width: 262px; height: 176px;\"><div class=\"tiled-gallery-item tiled-gallery-item-large\"><a href=\"https:\/\/www.adryco.com\/wp-content\/uploads\/2015\/11\/1093_07-escalera-roble-rodapie-blanco-reforma-chalet.jpg\"><img loading=\"lazy\" decoding=\"async\" data-attachment-id=\"671\" data-orig-file=\"https:\/\/www.adryco.com\/wp-content\/uploads\/2015\/11\/1093_07-escalera-roble-rodapie-blanco-reforma-chalet.jpg\" data-orig-size=\"2000,1328\" data-comments-opened=\"1\" data-image-meta=\"{&quot;aperture&quot;:&quot;0&quot;,&quot;credit&quot;:&quot;&quot;,&quot;camera&quot;:&quot;&quot;,&quot;caption&quot;:&quot;&quot;,&quot;created_timestamp&quot;:&quot;0&quot;,&quot;copyright&quot;:&quot;&quot;,&quot;focal_length&quot;:&quot;0&quot;,&quot;iso&quot;:&quot;0&quot;,&quot;shutter_speed&quot;:&quot;0&quot;,&quot;title&quot;:&quot;&quot;,&quot;orientation&quot;:&quot;0&quot;}\" data-image-title=\"Escalera roble con rodapi\u00e9 blanco | Reforma chalet en Madrid\" data-image-description=\"&lt;p&gt;Escalera roble con rodapi\u00e9 blanco | Reforma chalet en Madrid&lt;\/p&gt;\n\" data-medium-file=\"https:\/\/www.adryco.com\/wp-content\/uploads\/2015\/11\/1093_07-escalera-roble-rodapie-blanco-reforma-chalet-300x199.jpg\" data-large-file=\"https:\/\/www.adryco.com\/wp-content\/uploads\/2015\/11\/1093_07-escalera-roble-rodapie-blanco-reforma-chalet-1024x680.jpg\" src=\"https:\/\/www.adryco.com\/wp-content\/uploads\/2015\/11\/1093_07-escalera-roble-rodapie-blanco-reforma-chalet-258x172.jpg\" width=\"258\" height=\"172\" align=\"left\" title=\"Escalera roble con rodapi\u00e9 blanco | Reforma chalet en Madrid\" \/><\/a><div class=\"tiled-gallery-caption\">Escalera roble con rodapi\u00e9 blanco | Reforma chalet en Madrid<\/div><\/div><\/div><div class=\"gallery-group images-1\" style=\"width: 233px; height: 176px;\"><div class=\"tiled-gallery-item tiled-gallery-item-small\"><a href=\"https:\/\/www.adryco.com\/wp-content\/uploads\/2015\/11\/1100_01-escalera-roble-chalet.jpg\"><img loading=\"lazy\" decoding=\"async\" data-attachment-id=\"672\" data-orig-file=\"https:\/\/www.adryco.com\/wp-content\/uploads\/2015\/11\/1100_01-escalera-roble-chalet.jpg\" data-orig-size=\"2000,1500\" data-comments-opened=\"1\" data-image-meta=\"{&quot;aperture&quot;:&quot;0&quot;,&quot;credit&quot;:&quot;&quot;,&quot;camera&quot;:&quot;&quot;,&quot;caption&quot;:&quot;&quot;,&quot;created_timestamp&quot;:&quot;0&quot;,&quot;copyright&quot;:&quot;&quot;,&quot;focal_length&quot;:&quot;0&quot;,&quot;iso&quot;:&quot;0&quot;,&quot;shutter_speed&quot;:&quot;0&quot;,&quot;title&quot;:&quot;&quot;,&quot;orientation&quot;:&quot;0&quot;}\" data-image-title=\"Escalera en roble tablilla | Reforma chalet\" data-image-description=\"&lt;p&gt;Escalera en roble tablilla | Reforma chalet&lt;\/p&gt;\n\" data-medium-file=\"https:\/\/www.adryco.com\/wp-content\/uploads\/2015\/11\/1100_01-escalera-roble-chalet-300x225.jpg\" data-large-file=\"https:\/\/www.adryco.com\/wp-content\/uploads\/2015\/11\/1100_01-escalera-roble-chalet-1024x768.jpg\" src=\"https:\/\/www.adryco.com\/wp-content\/uploads\/2015\/11\/1100_01-escalera-roble-chalet-229x172.jpg\" width=\"229\" height=\"172\" align=\"left\" title=\"Escalera en roble tablilla | Reforma chalet\" \/><\/a><div class=\"tiled-gallery-caption\">Escalera en roble tablilla | Reforma chalet<\/div><\/div><\/div><\/div><div class=\"gallery-row\" style=\"width: 495px; height: 737px;\"><div class=\"gallery-group images-1\" style=\"width: 495px; height: 741px;\"><div class=\"tiled-gallery-item tiled-gallery-item-large\"><a href=\"https:\/\/www.adryco.com\/wp-content\/uploads\/2015\/11\/1133_17-escalera-acero-y-gres.jpg\"><img loading=\"lazy\" decoding=\"async\" data-attachment-id=\"673\" data-orig-file=\"https:\/\/www.adryco.com\/wp-content\/uploads\/2015\/11\/1133_17-escalera-acero-y-gres.jpg\" data-orig-size=\"1333,2000\" data-comments-opened=\"1\" data-image-meta=\"{&quot;aperture&quot;:&quot;0&quot;,&quot;credit&quot;:&quot;&quot;,&quot;camera&quot;:&quot;&quot;,&quot;caption&quot;:&quot;&quot;,&quot;created_timestamp&quot;:&quot;0&quot;,&quot;copyright&quot;:&quot;&quot;,&quot;focal_length&quot;:&quot;0&quot;,&quot;iso&quot;:&quot;0&quot;,&quot;shutter_speed&quot;:&quot;0&quot;,&quot;title&quot;:&quot;&quot;,&quot;orientation&quot;:&quot;0&quot;}\" data-image-title=\"Escalera en acero y gres exteriores\" data-image-description=\"&lt;p&gt;Escalera en acero y gres exteriores&lt;\/p&gt;\n\" data-medium-file=\"https:\/\/www.adryco.com\/wp-content\/uploads\/2015\/11\/1133_17-escalera-acero-y-gres-200x300.jpg\" data-large-file=\"https:\/\/www.adryco.com\/wp-content\/uploads\/2015\/11\/1133_17-escalera-acero-y-gres-682x1024.jpg\" src=\"https:\/\/www.adryco.com\/wp-content\/uploads\/2015\/11\/1133_17-escalera-acero-y-gres-491x737.jpg\" width=\"491\" height=\"737\" align=\"left\" title=\"Escalera en acero y gres exteriores\" \/><\/a><div class=\"tiled-gallery-caption\">Escalera en acero y gres exteriores<\/div><\/div><\/div><\/div><\/div>\n","protected":false},"excerpt":{"rendered":"<p>Si hay un elemento arquitect\u00f3nico que marca la diferencia en una obra\u00a0este es la escalera. A pesar de ser una simple zona de tr\u00e1nsito, el impacto visual que supone es muy importante por lo que hay que prestarle especial atenci\u00f3n a la hora de reformar tu vivienda o negocio. Os dejamos una colecci\u00f3n de fotograf\u00edas [&hellip;]<\/p>\n","protected":false},"author":1,"featured_media":113,"comment_status":"open","ping_status":"open","sticky":false,"template":"","format":"standard","meta":{"_monsterinsights_skip_tracking":false,"_monsterinsights_sitenote_active":false,"_monsterinsights_sitenote_note":"","_monsterinsights_sitenote_category":0,"footnotes":""},"categories":[2],"tags":[],"class_list":{"0":"post-49","1":"post","2":"type-post","3":"status-publish","4":"format-standard","5":"has-post-thumbnail","7":"category-fotos-de-trabajos-adryco","8":"entry"},"yoast_head":"<!-- This site is optimized with the Yoast SEO plugin v26.6 - https:\/\/yoast.com\/wordpress\/plugins\/seo\/ -->\n<title>Escaleras - Reforma 3<\/title>\n<meta name=\"robots\" content=\"index, follow, max-snippet:-1, max-image-preview:large, max-video-preview:-1\" \/>\n<link rel=\"canonical\" href=\"https:\/\/www.adryco.com\/?p=49\" \/>\n<meta property=\"og:locale\" content=\"en_US\" \/>\n<meta property=\"og:type\" content=\"article\" \/>\n<meta property=\"og:title\" content=\"Escaleras - Reforma 3\" \/>\n<meta property=\"og:description\" content=\"Si hay un elemento arquitect\u00f3nico que marca la diferencia en una obra\u00a0este es la escalera. A pesar de ser una simple zona de tr\u00e1nsito, el impacto visual que supone es muy importante por lo que hay que prestarle especial atenci\u00f3n a la hora de reformar tu vivienda o negocio. Os dejamos una colecci\u00f3n de fotograf\u00edas [&hellip;]\" \/>\n<meta property=\"og:url\" content=\"https:\/\/www.adryco.com\/?p=49\" \/>\n<meta property=\"og:site_name\" content=\"Reforma 3\" \/>\n<meta property=\"article:published_time\" content=\"2015-11-16T16:48:32+00:00\" \/>\n<meta property=\"article:modified_time\" content=\"2015-11-25T15:39:04+00:00\" \/>\n<meta property=\"og:image\" content=\"https:\/\/www.adryco.com\/wp-content\/uploads\/2015\/11\/featured_escaleras__63549121_S.jpg\" \/>\n\t<meta property=\"og:image:width\" content=\"566\" \/>\n\t<meta property=\"og:image:height\" content=\"849\" \/>\n\t<meta property=\"og:image:type\" content=\"image\/jpeg\" \/>\n<meta name=\"author\" content=\"Reforma3\" \/>\n<meta name=\"twitter:card\" content=\"summary_large_image\" \/>\n<meta name=\"twitter:label1\" content=\"Written by\" \/>\n\t<meta name=\"twitter:data1\" content=\"Reforma3\" \/>\n<script type=\"application\/ld+json\" class=\"yoast-schema-graph\">{\"@context\":\"https:\/\/schema.org\",\"@graph\":[{\"@type\":\"WebPage\",\"@id\":\"https:\/\/www.adryco.com\/?p=49\",\"url\":\"https:\/\/www.adryco.com\/?p=49\",\"name\":\"Escaleras - Reforma 3\",\"isPartOf\":{\"@id\":\"https:\/\/www.adryco.com\/#website\"},\"primaryImageOfPage\":{\"@id\":\"https:\/\/www.adryco.com\/?p=49#primaryimage\"},\"image\":{\"@id\":\"https:\/\/www.adryco.com\/?p=49#primaryimage\"},\"thumbnailUrl\":\"https:\/\/www.adryco.com\/wp-content\/uploads\/2015\/11\/featured_escaleras__63549121_S.jpg\",\"datePublished\":\"2015-11-16T16:48:32+00:00\",\"dateModified\":\"2015-11-25T15:39:04+00:00\",\"author\":{\"@id\":\"https:\/\/www.adryco.com\/#\/schema\/person\/3c77fbe6f15c85a33638d67b3f9396ac\"},\"breadcrumb\":{\"@id\":\"https:\/\/www.adryco.com\/?p=49#breadcrumb\"},\"inLanguage\":\"en-US\",\"potentialAction\":[{\"@type\":\"ReadAction\",\"target\":[\"https:\/\/www.adryco.com\/?p=49\"]}]},{\"@type\":\"ImageObject\",\"inLanguage\":\"en-US\",\"@id\":\"https:\/\/www.adryco.com\/?p=49#primaryimage\",\"url\":\"https:\/\/www.adryco.com\/wp-content\/uploads\/2015\/11\/featured_escaleras__63549121_S.jpg\",\"contentUrl\":\"https:\/\/www.adryco.com\/wp-content\/uploads\/2015\/11\/featured_escaleras__63549121_S.jpg\",\"width\":566,\"height\":849,\"caption\":\"Escaleras\"},{\"@type\":\"BreadcrumbList\",\"@id\":\"https:\/\/www.adryco.com\/?p=49#breadcrumb\",\"itemListElement\":[{\"@type\":\"ListItem\",\"position\":1,\"name\":\"Home\",\"item\":\"https:\/\/www.adryco.com\/\"},{\"@type\":\"ListItem\",\"position\":2,\"name\":\"Escaleras\"}]},{\"@type\":\"WebSite\",\"@id\":\"https:\/\/www.adryco.com\/#website\",\"url\":\"https:\/\/www.adryco.com\/\",\"name\":\"Reforma 3\",\"description\":\"Reformas integrales de calidad\",\"potentialAction\":[{\"@type\":\"SearchAction\",\"target\":{\"@type\":\"EntryPoint\",\"urlTemplate\":\"https:\/\/www.adryco.com\/?s={search_term_string}\"},\"query-input\":{\"@type\":\"PropertyValueSpecification\",\"valueRequired\":true,\"valueName\":\"search_term_string\"}}],\"inLanguage\":\"en-US\"},{\"@type\":\"Person\",\"@id\":\"https:\/\/www.adryco.com\/#\/schema\/person\/3c77fbe6f15c85a33638d67b3f9396ac\",\"name\":\"Reforma3\",\"image\":{\"@type\":\"ImageObject\",\"inLanguage\":\"en-US\",\"@id\":\"https:\/\/www.adryco.com\/#\/schema\/person\/image\/\",\"url\":\"https:\/\/secure.gravatar.com\/avatar\/a348d475982855086635727202970dd01829aac6a683f18f180c8e305fc2118e?s=96&d=mm&r=g\",\"contentUrl\":\"https:\/\/secure.gravatar.com\/avatar\/a348d475982855086635727202970dd01829aac6a683f18f180c8e305fc2118e?s=96&d=mm&r=g\",\"caption\":\"Reforma3\"},\"url\":\"https:\/\/www.adryco.com\/?author=1\"}]}<\/script>\n<!-- \/ Yoast SEO plugin. -->","yoast_head_json":{"title":"Escaleras - Reforma 3","robots":{"index":"index","follow":"follow","max-snippet":"max-snippet:-1","max-image-preview":"max-image-preview:large","max-video-preview":"max-video-preview:-1"},"canonical":"https:\/\/www.adryco.com\/?p=49","og_locale":"en_US","og_type":"article","og_title":"Escaleras - Reforma 3","og_description":"Si hay un elemento arquitect\u00f3nico que marca la diferencia en una obra\u00a0este es la escalera. A pesar de ser una simple zona de tr\u00e1nsito, el impacto visual que supone es muy importante por lo que hay que prestarle especial atenci\u00f3n a la hora de reformar tu vivienda o negocio. Os dejamos una colecci\u00f3n de fotograf\u00edas [&hellip;]","og_url":"https:\/\/www.adryco.com\/?p=49","og_site_name":"Reforma 3","article_published_time":"2015-11-16T16:48:32+00:00","article_modified_time":"2015-11-25T15:39:04+00:00","og_image":[{"width":566,"height":849,"url":"https:\/\/www.adryco.com\/wp-content\/uploads\/2015\/11\/featured_escaleras__63549121_S.jpg","type":"image\/jpeg"}],"author":"Reforma3","twitter_card":"summary_large_image","twitter_misc":{"Written by":"Reforma3"},"schema":{"@context":"https:\/\/schema.org","@graph":[{"@type":"WebPage","@id":"https:\/\/www.adryco.com\/?p=49","url":"https:\/\/www.adryco.com\/?p=49","name":"Escaleras - Reforma 3","isPartOf":{"@id":"https:\/\/www.adryco.com\/#website"},"primaryImageOfPage":{"@id":"https:\/\/www.adryco.com\/?p=49#primaryimage"},"image":{"@id":"https:\/\/www.adryco.com\/?p=49#primaryimage"},"thumbnailUrl":"https:\/\/www.adryco.com\/wp-content\/uploads\/2015\/11\/featured_escaleras__63549121_S.jpg","datePublished":"2015-11-16T16:48:32+00:00","dateModified":"2015-11-25T15:39:04+00:00","author":{"@id":"https:\/\/www.adryco.com\/#\/schema\/person\/3c77fbe6f15c85a33638d67b3f9396ac"},"breadcrumb":{"@id":"https:\/\/www.adryco.com\/?p=49#breadcrumb"},"inLanguage":"en-US","potentialAction":[{"@type":"ReadAction","target":["https:\/\/www.adryco.com\/?p=49"]}]},{"@type":"ImageObject","inLanguage":"en-US","@id":"https:\/\/www.adryco.com\/?p=49#primaryimage","url":"https:\/\/www.adryco.com\/wp-content\/uploads\/2015\/11\/featured_escaleras__63549121_S.jpg","contentUrl":"https:\/\/www.adryco.com\/wp-content\/uploads\/2015\/11\/featured_escaleras__63549121_S.jpg","width":566,"height":849,"caption":"Escaleras"},{"@type":"BreadcrumbList","@id":"https:\/\/www.adryco.com\/?p=49#breadcrumb","itemListElement":[{"@type":"ListItem","position":1,"name":"Home","item":"https:\/\/www.adryco.com\/"},{"@type":"ListItem","position":2,"name":"Escaleras"}]},{"@type":"WebSite","@id":"https:\/\/www.adryco.com\/#website","url":"https:\/\/www.adryco.com\/","name":"Reforma 3","description":"Reformas integrales de calidad","potentialAction":[{"@type":"SearchAction","target":{"@type":"EntryPoint","urlTemplate":"https:\/\/www.adryco.com\/?s={search_term_string}"},"query-input":{"@type":"PropertyValueSpecification","valueRequired":true,"valueName":"search_term_string"}}],"inLanguage":"en-US"},{"@type":"Person","@id":"https:\/\/www.adryco.com\/#\/schema\/person\/3c77fbe6f15c85a33638d67b3f9396ac","name":"Reforma3","image":{"@type":"ImageObject","inLanguage":"en-US","@id":"https:\/\/www.adryco.com\/#\/schema\/person\/image\/","url":"https:\/\/secure.gravatar.com\/avatar\/a348d475982855086635727202970dd01829aac6a683f18f180c8e305fc2118e?s=96&d=mm&r=g","contentUrl":"https:\/\/secure.gravatar.com\/avatar\/a348d475982855086635727202970dd01829aac6a683f18f180c8e305fc2118e?s=96&d=mm&r=g","caption":"Reforma3"},"url":"https:\/\/www.adryco.com\/?author=1"}]}},"_links":{"self":[{"href":"https:\/\/www.adryco.com\/index.php?rest_route=\/wp\/v2\/posts\/49","targetHints":{"allow":["GET"]}}],"collection":[{"href":"https:\/\/www.adryco.com\/index.php?rest_route=\/wp\/v2\/posts"}],"about":[{"href":"https:\/\/www.adryco.com\/index.php?rest_route=\/wp\/v2\/types\/post"}],"author":[{"embeddable":true,"href":"https:\/\/www.adryco.com\/index.php?rest_route=\/wp\/v2\/users\/1"}],"replies":[{"embeddable":true,"href":"https:\/\/www.adryco.com\/index.php?rest_route=%2Fwp%2Fv2%2Fcomments&post=49"}],"version-history":[{"count":7,"href":"https:\/\/www.adryco.com\/index.php?rest_route=\/wp\/v2\/posts\/49\/revisions"}],"predecessor-version":[{"id":674,"href":"https:\/\/www.adryco.com\/index.php?rest_route=\/wp\/v2\/posts\/49\/revisions\/674"}],"wp:featuredmedia":[{"embeddable":true,"href":"https:\/\/www.adryco.com\/index.php?rest_route=\/wp\/v2\/media\/113"}],"wp:attachment":[{"href":"https:\/\/www.adryco.com\/index.php?rest_route=%2Fwp%2Fv2%2Fmedia&parent=49"}],"wp:term":[{"taxonomy":"category","embeddable":true,"href":"https:\/\/www.adryco.com\/index.php?rest_route=%2Fwp%2Fv2%2Fcategories&post=49"},{"taxonomy":"post_tag","embeddable":true,"href":"https:\/\/www.adryco.com\/index.php?rest_route=%2Fwp%2Fv2%2Ftags&post=49"}],"curies":[{"name":"wp","href":"https:\/\/api.w.org\/{rel}","templated":true}]}}