{"id":53,"date":"2015-11-16T17:48:55","date_gmt":"2015-11-16T16:48:55","guid":{"rendered":"http:\/\/www.adryco.com\/?p=53"},"modified":"2015-11-25T16:31:58","modified_gmt":"2015-11-25T15:31:58","slug":"oficinas","status":"publish","type":"post","link":"https:\/\/www.adryco.com\/?p=53","title":{"rendered":"Oficinas"},"content":{"rendered":"<p>La reforma de oficinas es un tipo de obra con unas caracter\u00edsticas muy singulares.<\/p>\n<p>Los materiales y acabados habituales son distintos a los de otros tipos de reforma.<\/p>\n<p>Aqu\u00ed pod\u00e9is ver ejemplos de este tipo de obras.<\/p>\n<div data-carousel-extra='{\"blog_id\":1,\"permalink\":\"https:\\\/\\\/www.adryco.com\\\/?p=53\"}' class=\"tiled-gallery type-rectangular\" data-original-width=\"500\"><div class=\"gallery-row\" style=\"width: 495px; height: 239px;\"><div class=\"gallery-group images-1\" style=\"width: 300px; height: 243px;\"><div class=\"tiled-gallery-item tiled-gallery-item-large\"><a href=\"https:\/\/www.adryco.com\/wp-content\/uploads\/2015\/11\/0006_05-frente-ascensores-reforma-oficinas.jpg\"><img loading=\"lazy\" decoding=\"async\" data-attachment-id=\"649\" data-orig-file=\"https:\/\/www.adryco.com\/wp-content\/uploads\/2015\/11\/0006_05-frente-ascensores-reforma-oficinas.jpg\" data-orig-size=\"2000,1613\" data-comments-opened=\"1\" data-image-meta=\"{&quot;aperture&quot;:&quot;0&quot;,&quot;credit&quot;:&quot;&quot;,&quot;camera&quot;:&quot;&quot;,&quot;caption&quot;:&quot;&quot;,&quot;created_timestamp&quot;:&quot;0&quot;,&quot;copyright&quot;:&quot;&quot;,&quot;focal_length&quot;:&quot;0&quot;,&quot;iso&quot;:&quot;0&quot;,&quot;shutter_speed&quot;:&quot;0&quot;,&quot;title&quot;:&quot;&quot;,&quot;orientation&quot;:&quot;0&quot;}\" data-image-title=\"Frente ascensores en granito | Reforma de oficinas\" data-image-description=\"&lt;p&gt;Frente ascensores en granito | Reforma de oficinas&lt;\/p&gt;\n\" data-medium-file=\"https:\/\/www.adryco.com\/wp-content\/uploads\/2015\/11\/0006_05-frente-ascensores-reforma-oficinas-300x242.jpg\" data-large-file=\"https:\/\/www.adryco.com\/wp-content\/uploads\/2015\/11\/0006_05-frente-ascensores-reforma-oficinas-1024x826.jpg\" src=\"https:\/\/www.adryco.com\/wp-content\/uploads\/2015\/11\/0006_05-frente-ascensores-reforma-oficinas-296x239.jpg\" width=\"296\" height=\"239\" align=\"left\" title=\"Frente ascensores en granito | Reforma de oficinas\" \/><\/a><div class=\"tiled-gallery-caption\">Frente ascensores en granito | Reforma de oficinas<\/div><\/div><\/div><div class=\"gallery-group images-1\" style=\"width: 195px; height: 243px;\"><div class=\"tiled-gallery-item tiled-gallery-item-small\"><a href=\"https:\/\/www.adryco.com\/wp-content\/uploads\/2015\/11\/0006_06-reforma-loft-doble-altura.jpg\"><img loading=\"lazy\" decoding=\"async\" data-attachment-id=\"650\" data-orig-file=\"https:\/\/www.adryco.com\/wp-content\/uploads\/2015\/11\/0006_06-reforma-loft-doble-altura.jpg\" data-orig-size=\"1598,2000\" data-comments-opened=\"1\" data-image-meta=\"{&quot;aperture&quot;:&quot;0&quot;,&quot;credit&quot;:&quot;&quot;,&quot;camera&quot;:&quot;&quot;,&quot;caption&quot;:&quot;&quot;,&quot;created_timestamp&quot;:&quot;0&quot;,&quot;copyright&quot;:&quot;&quot;,&quot;focal_length&quot;:&quot;0&quot;,&quot;iso&quot;:&quot;0&quot;,&quot;shutter_speed&quot;:&quot;0&quot;,&quot;title&quot;:&quot;&quot;,&quot;orientation&quot;:&quot;0&quot;}\" data-image-title=\"Reforma Loft con doble altura\" data-image-description=\"&lt;p&gt;Reforma Loft con doble altura&lt;\/p&gt;\n\" data-medium-file=\"https:\/\/www.adryco.com\/wp-content\/uploads\/2015\/11\/0006_06-reforma-loft-doble-altura-240x300.jpg\" data-large-file=\"https:\/\/www.adryco.com\/wp-content\/uploads\/2015\/11\/0006_06-reforma-loft-doble-altura-818x1024.jpg\" src=\"https:\/\/www.adryco.com\/wp-content\/uploads\/2015\/11\/0006_06-reforma-loft-doble-altura-191x239.jpg\" width=\"191\" height=\"239\" align=\"left\" title=\"Reforma Loft con doble altura\" \/><\/a><div class=\"tiled-gallery-caption\">Reforma Loft con doble altura<\/div><\/div><\/div><\/div><div class=\"gallery-row\" style=\"width: 495px; height: 236px;\"><div class=\"gallery-group images-1\" style=\"width: 302px; height: 240px;\"><div class=\"tiled-gallery-item tiled-gallery-item-large\"><a href=\"https:\/\/www.adryco.com\/wp-content\/uploads\/2015\/11\/0006_07-reforma-recepcion-oficinas.jpg\"><img loading=\"lazy\" decoding=\"async\" data-attachment-id=\"651\" data-orig-file=\"https:\/\/www.adryco.com\/wp-content\/uploads\/2015\/11\/0006_07-reforma-recepcion-oficinas.jpg\" data-orig-size=\"2000,1584\" data-comments-opened=\"1\" data-image-meta=\"{&quot;aperture&quot;:&quot;0&quot;,&quot;credit&quot;:&quot;&quot;,&quot;camera&quot;:&quot;&quot;,&quot;caption&quot;:&quot;&quot;,&quot;created_timestamp&quot;:&quot;0&quot;,&quot;copyright&quot;:&quot;&quot;,&quot;focal_length&quot;:&quot;0&quot;,&quot;iso&quot;:&quot;0&quot;,&quot;shutter_speed&quot;:&quot;0&quot;,&quot;title&quot;:&quot;&quot;,&quot;orientation&quot;:&quot;0&quot;}\" data-image-title=\"Reforma recepci\u00f3n edificio oficinas\" data-image-description=\"&lt;p&gt;Reforma recepci\u00f3n edificio oficinas&lt;\/p&gt;\n\" data-medium-file=\"https:\/\/www.adryco.com\/wp-content\/uploads\/2015\/11\/0006_07-reforma-recepcion-oficinas-300x238.jpg\" data-large-file=\"https:\/\/www.adryco.com\/wp-content\/uploads\/2015\/11\/0006_07-reforma-recepcion-oficinas-1024x811.jpg\" src=\"https:\/\/www.adryco.com\/wp-content\/uploads\/2015\/11\/0006_07-reforma-recepcion-oficinas-298x236.jpg\" width=\"298\" height=\"236\" align=\"left\" title=\"Reforma recepci\u00f3n edificio oficinas\" \/><\/a><div class=\"tiled-gallery-caption\">Reforma recepci\u00f3n edificio oficinas<\/div><\/div><\/div><div class=\"gallery-group images-1\" style=\"width: 193px; height: 240px;\"><div class=\"tiled-gallery-item tiled-gallery-item-small\"><a href=\"https:\/\/www.adryco.com\/wp-content\/uploads\/2015\/11\/0006_08-reforma-loft-madrid.jpg\"><img loading=\"lazy\" decoding=\"async\" data-attachment-id=\"652\" data-orig-file=\"https:\/\/www.adryco.com\/wp-content\/uploads\/2015\/11\/0006_08-reforma-loft-madrid.jpg\" data-orig-size=\"1601,2000\" data-comments-opened=\"1\" data-image-meta=\"{&quot;aperture&quot;:&quot;0&quot;,&quot;credit&quot;:&quot;&quot;,&quot;camera&quot;:&quot;&quot;,&quot;caption&quot;:&quot;&quot;,&quot;created_timestamp&quot;:&quot;0&quot;,&quot;copyright&quot;:&quot;&quot;,&quot;focal_length&quot;:&quot;0&quot;,&quot;iso&quot;:&quot;0&quot;,&quot;shutter_speed&quot;:&quot;0&quot;,&quot;title&quot;:&quot;&quot;,&quot;orientation&quot;:&quot;0&quot;}\" data-image-title=\"Reforma Loft en Madrid\" data-image-description=\"&lt;p&gt;Reforma Loft en Madrid&lt;\/p&gt;\n\" data-medium-file=\"https:\/\/www.adryco.com\/wp-content\/uploads\/2015\/11\/0006_08-reforma-loft-madrid-240x300.jpg\" data-large-file=\"https:\/\/www.adryco.com\/wp-content\/uploads\/2015\/11\/0006_08-reforma-loft-madrid-820x1024.jpg\" src=\"https:\/\/www.adryco.com\/wp-content\/uploads\/2015\/11\/0006_08-reforma-loft-madrid-189x236.jpg\" width=\"189\" height=\"236\" align=\"left\" title=\"Reforma Loft en Madrid\" \/><\/a><div class=\"tiled-gallery-caption\">Reforma Loft en Madrid<\/div><\/div><\/div><\/div><div class=\"gallery-row\" style=\"width: 495px; height: 241px;\"><div class=\"gallery-group images-1\" style=\"width: 366px; height: 245px;\"><div class=\"tiled-gallery-item tiled-gallery-item-large\"><a href=\"https:\/\/www.adryco.com\/wp-content\/uploads\/2015\/11\/0006_10-decoracion-despacho-tipo-loft.jpg\"><img loading=\"lazy\" decoding=\"async\" data-attachment-id=\"653\" data-orig-file=\"https:\/\/www.adryco.com\/wp-content\/uploads\/2015\/11\/0006_10-decoracion-despacho-tipo-loft.jpg\" data-orig-size=\"2000,1330\" data-comments-opened=\"1\" data-image-meta=\"{&quot;aperture&quot;:&quot;0&quot;,&quot;credit&quot;:&quot;&quot;,&quot;camera&quot;:&quot;&quot;,&quot;caption&quot;:&quot;&quot;,&quot;created_timestamp&quot;:&quot;0&quot;,&quot;copyright&quot;:&quot;&quot;,&quot;focal_length&quot;:&quot;0&quot;,&quot;iso&quot;:&quot;0&quot;,&quot;shutter_speed&quot;:&quot;0&quot;,&quot;title&quot;:&quot;&quot;,&quot;orientation&quot;:&quot;0&quot;}\" data-image-title=\"Reforma y decoraci\u00f3n despacho Loft Madrid\" data-image-description=\"&lt;p&gt;Reforma y decoraci\u00f3n despacho Loft Madrid&lt;\/p&gt;\n\" data-medium-file=\"https:\/\/www.adryco.com\/wp-content\/uploads\/2015\/11\/0006_10-decoracion-despacho-tipo-loft-300x200.jpg\" data-large-file=\"https:\/\/www.adryco.com\/wp-content\/uploads\/2015\/11\/0006_10-decoracion-despacho-tipo-loft-1024x681.jpg\" src=\"https:\/\/www.adryco.com\/wp-content\/uploads\/2015\/11\/0006_10-decoracion-despacho-tipo-loft-362x241.jpg\" width=\"362\" height=\"241\" align=\"left\" title=\"Reforma y decoraci\u00f3n despacho Loft Madrid\" \/><\/a><div class=\"tiled-gallery-caption\">Reforma y decoraci\u00f3n despacho Loft Madrid<\/div><\/div><\/div><div class=\"gallery-group images-2\" style=\"width: 129px; height: 245px;\"><div class=\"tiled-gallery-item tiled-gallery-item-small\"><a href=\"https:\/\/www.adryco.com\/wp-content\/uploads\/2015\/11\/0006_13-decoracion-reforma-oficina-madrid.jpg\"><img loading=\"lazy\" decoding=\"async\" data-attachment-id=\"654\" data-orig-file=\"https:\/\/www.adryco.com\/wp-content\/uploads\/2015\/11\/0006_13-decoracion-reforma-oficina-madrid.jpg\" data-orig-size=\"1983,2000\" data-comments-opened=\"1\" data-image-meta=\"{&quot;aperture&quot;:&quot;0&quot;,&quot;credit&quot;:&quot;&quot;,&quot;camera&quot;:&quot;&quot;,&quot;caption&quot;:&quot;&quot;,&quot;created_timestamp&quot;:&quot;0&quot;,&quot;copyright&quot;:&quot;&quot;,&quot;focal_length&quot;:&quot;0&quot;,&quot;iso&quot;:&quot;0&quot;,&quot;shutter_speed&quot;:&quot;0&quot;,&quot;title&quot;:&quot;&quot;,&quot;orientation&quot;:&quot;0&quot;}\" data-image-title=\"Decoraci\u00f3n oficina\" data-image-description=\"&lt;p&gt;Decoraci\u00f3n oficina&lt;\/p&gt;\n\" data-medium-file=\"https:\/\/www.adryco.com\/wp-content\/uploads\/2015\/11\/0006_13-decoracion-reforma-oficina-madrid-297x300.jpg\" data-large-file=\"https:\/\/www.adryco.com\/wp-content\/uploads\/2015\/11\/0006_13-decoracion-reforma-oficina-madrid-1015x1024.jpg\" src=\"https:\/\/www.adryco.com\/wp-content\/uploads\/2015\/11\/0006_13-decoracion-reforma-oficina-madrid-125x126.jpg\" width=\"125\" height=\"126\" align=\"left\" title=\"Decoraci\u00f3n oficina\" \/><\/a><div class=\"tiled-gallery-caption\">Decoraci\u00f3n oficina<\/div><\/div><div class=\"tiled-gallery-item tiled-gallery-item-small\"><a href=\"https:\/\/www.adryco.com\/wp-content\/uploads\/2015\/11\/1062_02-reforma-integral-oficina-diafana.jpg\"><img loading=\"lazy\" decoding=\"async\" data-attachment-id=\"655\" data-orig-file=\"https:\/\/www.adryco.com\/wp-content\/uploads\/2015\/11\/1062_02-reforma-integral-oficina-diafana.jpg\" data-orig-size=\"2000,1784\" data-comments-opened=\"1\" data-image-meta=\"{&quot;aperture&quot;:&quot;0&quot;,&quot;credit&quot;:&quot;&quot;,&quot;camera&quot;:&quot;&quot;,&quot;caption&quot;:&quot;&quot;,&quot;created_timestamp&quot;:&quot;0&quot;,&quot;copyright&quot;:&quot;&quot;,&quot;focal_length&quot;:&quot;0&quot;,&quot;iso&quot;:&quot;0&quot;,&quot;shutter_speed&quot;:&quot;0&quot;,&quot;title&quot;:&quot;&quot;,&quot;orientation&quot;:&quot;0&quot;}\" data-image-title=\"Reforma integral oficina di\u00e1fana en Madrid\" data-image-description=\"&lt;p&gt;Reforma integral oficina di\u00e1fana en Madrid&lt;\/p&gt;\n\" data-medium-file=\"https:\/\/www.adryco.com\/wp-content\/uploads\/2015\/11\/1062_02-reforma-integral-oficina-diafana-300x268.jpg\" data-large-file=\"https:\/\/www.adryco.com\/wp-content\/uploads\/2015\/11\/1062_02-reforma-integral-oficina-diafana-1024x913.jpg\" src=\"https:\/\/www.adryco.com\/wp-content\/uploads\/2015\/11\/1062_02-reforma-integral-oficina-diafana-125x111.jpg\" width=\"125\" height=\"111\" align=\"left\" title=\"Reforma integral oficina di\u00e1fana en Madrid\" \/><\/a><div class=\"tiled-gallery-caption\">Reforma integral oficina di\u00e1fana en Madrid<\/div><\/div><\/div><\/div><div class=\"gallery-row\" style=\"width: 495px; height: 222px;\"><div class=\"gallery-group images-2\" style=\"width: 189px; height: 226px;\"><div class=\"tiled-gallery-item tiled-gallery-item-small\"><a href=\"https:\/\/www.adryco.com\/wp-content\/uploads\/2015\/11\/1062_04-reforma-oficina-mamparas-divisorias-madrid.jpg\"><img loading=\"lazy\" decoding=\"async\" data-attachment-id=\"656\" data-orig-file=\"https:\/\/www.adryco.com\/wp-content\/uploads\/2015\/11\/1062_04-reforma-oficina-mamparas-divisorias-madrid.jpg\" data-orig-size=\"2000,1090\" data-comments-opened=\"1\" data-image-meta=\"{&quot;aperture&quot;:&quot;0&quot;,&quot;credit&quot;:&quot;&quot;,&quot;camera&quot;:&quot;&quot;,&quot;caption&quot;:&quot;&quot;,&quot;created_timestamp&quot;:&quot;0&quot;,&quot;copyright&quot;:&quot;&quot;,&quot;focal_length&quot;:&quot;0&quot;,&quot;iso&quot;:&quot;0&quot;,&quot;shutter_speed&quot;:&quot;0&quot;,&quot;title&quot;:&quot;&quot;,&quot;orientation&quot;:&quot;0&quot;}\" data-image-title=\"Reforma oficina con mamparas divisorias\" data-image-description=\"&lt;p&gt;Reforma oficina con mamparas divisorias&lt;\/p&gt;\n\" data-medium-file=\"https:\/\/www.adryco.com\/wp-content\/uploads\/2015\/11\/1062_04-reforma-oficina-mamparas-divisorias-madrid-300x164.jpg\" data-large-file=\"https:\/\/www.adryco.com\/wp-content\/uploads\/2015\/11\/1062_04-reforma-oficina-mamparas-divisorias-madrid-1024x558.jpg\" src=\"https:\/\/www.adryco.com\/wp-content\/uploads\/2015\/11\/1062_04-reforma-oficina-mamparas-divisorias-madrid-185x101.jpg\" width=\"185\" height=\"101\" align=\"left\" title=\"Reforma oficina con mamparas divisorias\" \/><\/a><div class=\"tiled-gallery-caption\">Reforma oficina con mamparas divisorias<\/div><\/div><div class=\"tiled-gallery-item tiled-gallery-item-small\"><a href=\"https:\/\/www.adryco.com\/wp-content\/uploads\/2015\/11\/1081_07-recepcion-oficinas-panelado-azul-corporativo.jpg\"><img loading=\"lazy\" decoding=\"async\" data-attachment-id=\"657\" data-orig-file=\"https:\/\/www.adryco.com\/wp-content\/uploads\/2015\/11\/1081_07-recepcion-oficinas-panelado-azul-corporativo.jpg\" data-orig-size=\"2000,1270\" data-comments-opened=\"1\" data-image-meta=\"{&quot;aperture&quot;:&quot;0&quot;,&quot;credit&quot;:&quot;&quot;,&quot;camera&quot;:&quot;&quot;,&quot;caption&quot;:&quot;&quot;,&quot;created_timestamp&quot;:&quot;0&quot;,&quot;copyright&quot;:&quot;&quot;,&quot;focal_length&quot;:&quot;0&quot;,&quot;iso&quot;:&quot;0&quot;,&quot;shutter_speed&quot;:&quot;0&quot;,&quot;title&quot;:&quot;&quot;,&quot;orientation&quot;:&quot;0&quot;}\" data-image-title=\"Recepci\u00f3n panelado madera azul corporativo | Reforma oficina Madrid\" data-image-description=\"&lt;p&gt;Recepci\u00f3n panelado madera azul corporativo | Reforma oficina Madrid&lt;\/p&gt;\n\" data-medium-file=\"https:\/\/www.adryco.com\/wp-content\/uploads\/2015\/11\/1081_07-recepcion-oficinas-panelado-azul-corporativo-300x191.jpg\" data-large-file=\"https:\/\/www.adryco.com\/wp-content\/uploads\/2015\/11\/1081_07-recepcion-oficinas-panelado-azul-corporativo-1024x650.jpg\" src=\"https:\/\/www.adryco.com\/wp-content\/uploads\/2015\/11\/1081_07-recepcion-oficinas-panelado-azul-corporativo-185x117.jpg\" width=\"185\" height=\"117\" align=\"left\" title=\"Recepci\u00f3n panelado madera azul corporativo | Reforma oficina Madrid\" \/><\/a><div class=\"tiled-gallery-caption\">Recepci\u00f3n panelado madera azul corporativo | Reforma oficina Madrid<\/div><\/div><\/div><div class=\"gallery-group images-1\" style=\"width: 306px; height: 226px;\"><div class=\"tiled-gallery-item tiled-gallery-item-large\"><a href=\"https:\/\/www.adryco.com\/wp-content\/uploads\/2015\/11\/1081_09-reforma-recepcion-oficinas.jpg\"><img loading=\"lazy\" decoding=\"async\" data-attachment-id=\"658\" data-orig-file=\"https:\/\/www.adryco.com\/wp-content\/uploads\/2015\/11\/1081_09-reforma-recepcion-oficinas.jpg\" data-orig-size=\"2000,1471\" data-comments-opened=\"1\" data-image-meta=\"{&quot;aperture&quot;:&quot;0&quot;,&quot;credit&quot;:&quot;&quot;,&quot;camera&quot;:&quot;&quot;,&quot;caption&quot;:&quot;&quot;,&quot;created_timestamp&quot;:&quot;0&quot;,&quot;copyright&quot;:&quot;&quot;,&quot;focal_length&quot;:&quot;0&quot;,&quot;iso&quot;:&quot;0&quot;,&quot;shutter_speed&quot;:&quot;0&quot;,&quot;title&quot;:&quot;&quot;,&quot;orientation&quot;:&quot;0&quot;}\" data-image-title=\"Recepci\u00f3n edificio | Reforma oficina Madrid\" data-image-description=\"&lt;p&gt;Recepci\u00f3n edificio | Reforma oficina Madrid&lt;\/p&gt;\n\" data-medium-file=\"https:\/\/www.adryco.com\/wp-content\/uploads\/2015\/11\/1081_09-reforma-recepcion-oficinas-300x221.jpg\" data-large-file=\"https:\/\/www.adryco.com\/wp-content\/uploads\/2015\/11\/1081_09-reforma-recepcion-oficinas-1024x753.jpg\" src=\"https:\/\/www.adryco.com\/wp-content\/uploads\/2015\/11\/1081_09-reforma-recepcion-oficinas-302x222.jpg\" width=\"302\" height=\"222\" align=\"left\" title=\"Recepci\u00f3n edificio | Reforma oficina Madrid\" \/><\/a><div class=\"tiled-gallery-caption\">Recepci\u00f3n edificio | Reforma oficina Madrid<\/div><\/div><\/div><\/div><div class=\"gallery-row\" style=\"width: 495px; height: 162px;\"><div class=\"gallery-group images-1\" style=\"width: 248px; height: 166px;\"><div class=\"tiled-gallery-item tiled-gallery-item-small\"><a href=\"https:\/\/www.adryco.com\/wp-content\/uploads\/2015\/11\/1152_02-reforma-techos-oficina.jpg\"><img loading=\"lazy\" decoding=\"async\" data-attachment-id=\"659\" data-orig-file=\"https:\/\/www.adryco.com\/wp-content\/uploads\/2015\/11\/1152_02-reforma-techos-oficina.jpg\" data-orig-size=\"2000,1333\" data-comments-opened=\"1\" data-image-meta=\"{&quot;aperture&quot;:&quot;0&quot;,&quot;credit&quot;:&quot;&quot;,&quot;camera&quot;:&quot;&quot;,&quot;caption&quot;:&quot;&quot;,&quot;created_timestamp&quot;:&quot;0&quot;,&quot;copyright&quot;:&quot;&quot;,&quot;focal_length&quot;:&quot;0&quot;,&quot;iso&quot;:&quot;0&quot;,&quot;shutter_speed&quot;:&quot;0&quot;,&quot;title&quot;:&quot;&quot;,&quot;orientation&quot;:&quot;0&quot;}\" data-image-title=\"Reforma de techos de oficina\" data-image-description=\"&lt;p&gt;Reforma de techos de oficina&lt;\/p&gt;\n\" data-medium-file=\"https:\/\/www.adryco.com\/wp-content\/uploads\/2015\/11\/1152_02-reforma-techos-oficina-300x200.jpg\" data-large-file=\"https:\/\/www.adryco.com\/wp-content\/uploads\/2015\/11\/1152_02-reforma-techos-oficina-1024x682.jpg\" src=\"https:\/\/www.adryco.com\/wp-content\/uploads\/2015\/11\/1152_02-reforma-techos-oficina-244x162.jpg\" width=\"244\" height=\"162\" align=\"left\" title=\"Reforma de techos de oficina\" \/><\/a><div class=\"tiled-gallery-caption\">Reforma de techos de oficina<\/div><\/div><\/div><div class=\"gallery-group images-1\" style=\"width: 247px; height: 166px;\"><div class=\"tiled-gallery-item tiled-gallery-item-small\"><a href=\"https:\/\/www.adryco.com\/wp-content\/uploads\/2015\/11\/1152_05-reforma-integral-oficina.jpg\"><img loading=\"lazy\" decoding=\"async\" data-attachment-id=\"660\" data-orig-file=\"https:\/\/www.adryco.com\/wp-content\/uploads\/2015\/11\/1152_05-reforma-integral-oficina.jpg\" data-orig-size=\"2000,1333\" data-comments-opened=\"1\" data-image-meta=\"{&quot;aperture&quot;:&quot;0&quot;,&quot;credit&quot;:&quot;&quot;,&quot;camera&quot;:&quot;&quot;,&quot;caption&quot;:&quot;&quot;,&quot;created_timestamp&quot;:&quot;0&quot;,&quot;copyright&quot;:&quot;&quot;,&quot;focal_length&quot;:&quot;0&quot;,&quot;iso&quot;:&quot;0&quot;,&quot;shutter_speed&quot;:&quot;0&quot;,&quot;title&quot;:&quot;&quot;,&quot;orientation&quot;:&quot;0&quot;}\" data-image-title=\"Reforma integral oficina en Madrid\" data-image-description=\"&lt;p&gt;Reforma integral oficina en Madrid&lt;\/p&gt;\n\" data-medium-file=\"https:\/\/www.adryco.com\/wp-content\/uploads\/2015\/11\/1152_05-reforma-integral-oficina-300x200.jpg\" data-large-file=\"https:\/\/www.adryco.com\/wp-content\/uploads\/2015\/11\/1152_05-reforma-integral-oficina-1024x682.jpg\" src=\"https:\/\/www.adryco.com\/wp-content\/uploads\/2015\/11\/1152_05-reforma-integral-oficina-243x162.jpg\" width=\"243\" height=\"162\" align=\"left\" title=\"Reforma integral oficina en Madrid\" \/><\/a><div class=\"tiled-gallery-caption\">Reforma integral oficina en Madrid<\/div><\/div><\/div><\/div><\/div>\n<p>&nbsp;<\/p>\n","protected":false},"excerpt":{"rendered":"<p>La reforma de oficinas es un tipo de obra con unas caracter\u00edsticas muy singulares. Los materiales y acabados habituales son distintos a los de otros tipos de reforma. Aqu\u00ed pod\u00e9is ver ejemplos de este tipo de obras. &nbsp;<\/p>\n","protected":false},"author":1,"featured_media":121,"comment_status":"open","ping_status":"open","sticky":false,"template":"","format":"standard","meta":{"_monsterinsights_skip_tracking":false,"_monsterinsights_sitenote_active":false,"_monsterinsights_sitenote_note":"","_monsterinsights_sitenote_category":0,"footnotes":""},"categories":[2],"tags":[],"class_list":{"0":"post-53","1":"post","2":"type-post","3":"status-publish","4":"format-standard","5":"has-post-thumbnail","7":"category-fotos-de-trabajos-adryco","8":"entry"},"yoast_head":"<!-- This site is optimized with the Yoast SEO plugin v26.6 - https:\/\/yoast.com\/wordpress\/plugins\/seo\/ -->\n<title>Oficinas - Reforma 3<\/title>\n<meta name=\"robots\" content=\"index, follow, max-snippet:-1, max-image-preview:large, max-video-preview:-1\" \/>\n<link rel=\"canonical\" href=\"http:\/\/www.adryco.com\/?p=53\" \/>\n<meta property=\"og:locale\" content=\"en_US\" \/>\n<meta property=\"og:type\" content=\"article\" \/>\n<meta property=\"og:title\" content=\"Oficinas - Reforma 3\" \/>\n<meta property=\"og:description\" content=\"La reforma de oficinas es un tipo de obra con unas caracter\u00edsticas muy singulares. Los materiales y acabados habituales son distintos a los de otros tipos de reforma. Aqu\u00ed pod\u00e9is ver ejemplos de este tipo de obras. &nbsp;\" \/>\n<meta property=\"og:url\" content=\"http:\/\/www.adryco.com\/?p=53\" \/>\n<meta property=\"og:site_name\" content=\"Reforma 3\" \/>\n<meta property=\"article:published_time\" content=\"2015-11-16T16:48:55+00:00\" \/>\n<meta property=\"article:modified_time\" content=\"2015-11-25T15:31:58+00:00\" \/>\n<meta property=\"og:image\" content=\"http:\/\/www.adryco.com\/wp-content\/uploads\/2015\/11\/featured_oficinas_65396910_S.jpg\" \/>\n\t<meta property=\"og:image:width\" content=\"862\" \/>\n\t<meta property=\"og:image:height\" content=\"557\" \/>\n\t<meta property=\"og:image:type\" content=\"image\/jpeg\" \/>\n<meta name=\"author\" content=\"Reforma3\" \/>\n<meta name=\"twitter:card\" content=\"summary_large_image\" \/>\n<meta name=\"twitter:label1\" content=\"Written by\" \/>\n\t<meta name=\"twitter:data1\" content=\"Reforma3\" \/>\n<script type=\"application\/ld+json\" class=\"yoast-schema-graph\">{\"@context\":\"https:\/\/schema.org\",\"@graph\":[{\"@type\":\"WebPage\",\"@id\":\"http:\/\/www.adryco.com\/?p=53\",\"url\":\"http:\/\/www.adryco.com\/?p=53\",\"name\":\"Oficinas - Reforma 3\",\"isPartOf\":{\"@id\":\"https:\/\/www.adryco.com\/#website\"},\"primaryImageOfPage\":{\"@id\":\"http:\/\/www.adryco.com\/?p=53#primaryimage\"},\"image\":{\"@id\":\"http:\/\/www.adryco.com\/?p=53#primaryimage\"},\"thumbnailUrl\":\"https:\/\/www.adryco.com\/wp-content\/uploads\/2015\/11\/featured_oficinas_65396910_S.jpg\",\"datePublished\":\"2015-11-16T16:48:55+00:00\",\"dateModified\":\"2015-11-25T15:31:58+00:00\",\"author\":{\"@id\":\"https:\/\/www.adryco.com\/#\/schema\/person\/3c77fbe6f15c85a33638d67b3f9396ac\"},\"breadcrumb\":{\"@id\":\"http:\/\/www.adryco.com\/?p=53#breadcrumb\"},\"inLanguage\":\"en-US\",\"potentialAction\":[{\"@type\":\"ReadAction\",\"target\":[\"http:\/\/www.adryco.com\/?p=53\"]}]},{\"@type\":\"ImageObject\",\"inLanguage\":\"en-US\",\"@id\":\"http:\/\/www.adryco.com\/?p=53#primaryimage\",\"url\":\"https:\/\/www.adryco.com\/wp-content\/uploads\/2015\/11\/featured_oficinas_65396910_S.jpg\",\"contentUrl\":\"https:\/\/www.adryco.com\/wp-content\/uploads\/2015\/11\/featured_oficinas_65396910_S.jpg\",\"width\":862,\"height\":557,\"caption\":\"Oficinas y despachos\"},{\"@type\":\"BreadcrumbList\",\"@id\":\"http:\/\/www.adryco.com\/?p=53#breadcrumb\",\"itemListElement\":[{\"@type\":\"ListItem\",\"position\":1,\"name\":\"Home\",\"item\":\"https:\/\/www.adryco.com\/\"},{\"@type\":\"ListItem\",\"position\":2,\"name\":\"Oficinas\"}]},{\"@type\":\"WebSite\",\"@id\":\"https:\/\/www.adryco.com\/#website\",\"url\":\"https:\/\/www.adryco.com\/\",\"name\":\"Reforma 3\",\"description\":\"Reformas integrales de calidad\",\"potentialAction\":[{\"@type\":\"SearchAction\",\"target\":{\"@type\":\"EntryPoint\",\"urlTemplate\":\"https:\/\/www.adryco.com\/?s={search_term_string}\"},\"query-input\":{\"@type\":\"PropertyValueSpecification\",\"valueRequired\":true,\"valueName\":\"search_term_string\"}}],\"inLanguage\":\"en-US\"},{\"@type\":\"Person\",\"@id\":\"https:\/\/www.adryco.com\/#\/schema\/person\/3c77fbe6f15c85a33638d67b3f9396ac\",\"name\":\"Reforma3\",\"image\":{\"@type\":\"ImageObject\",\"inLanguage\":\"en-US\",\"@id\":\"https:\/\/www.adryco.com\/#\/schema\/person\/image\/\",\"url\":\"https:\/\/secure.gravatar.com\/avatar\/a348d475982855086635727202970dd01829aac6a683f18f180c8e305fc2118e?s=96&d=mm&r=g\",\"contentUrl\":\"https:\/\/secure.gravatar.com\/avatar\/a348d475982855086635727202970dd01829aac6a683f18f180c8e305fc2118e?s=96&d=mm&r=g\",\"caption\":\"Reforma3\"},\"url\":\"https:\/\/www.adryco.com\/?author=1\"}]}<\/script>\n<!-- \/ Yoast SEO plugin. -->","yoast_head_json":{"title":"Oficinas - Reforma 3","robots":{"index":"index","follow":"follow","max-snippet":"max-snippet:-1","max-image-preview":"max-image-preview:large","max-video-preview":"max-video-preview:-1"},"canonical":"http:\/\/www.adryco.com\/?p=53","og_locale":"en_US","og_type":"article","og_title":"Oficinas - Reforma 3","og_description":"La reforma de oficinas es un tipo de obra con unas caracter\u00edsticas muy singulares. Los materiales y acabados habituales son distintos a los de otros tipos de reforma. Aqu\u00ed pod\u00e9is ver ejemplos de este tipo de obras. &nbsp;","og_url":"http:\/\/www.adryco.com\/?p=53","og_site_name":"Reforma 3","article_published_time":"2015-11-16T16:48:55+00:00","article_modified_time":"2015-11-25T15:31:58+00:00","og_image":[{"width":862,"height":557,"url":"http:\/\/www.adryco.com\/wp-content\/uploads\/2015\/11\/featured_oficinas_65396910_S.jpg","type":"image\/jpeg"}],"author":"Reforma3","twitter_card":"summary_large_image","twitter_misc":{"Written by":"Reforma3"},"schema":{"@context":"https:\/\/schema.org","@graph":[{"@type":"WebPage","@id":"http:\/\/www.adryco.com\/?p=53","url":"http:\/\/www.adryco.com\/?p=53","name":"Oficinas - Reforma 3","isPartOf":{"@id":"https:\/\/www.adryco.com\/#website"},"primaryImageOfPage":{"@id":"http:\/\/www.adryco.com\/?p=53#primaryimage"},"image":{"@id":"http:\/\/www.adryco.com\/?p=53#primaryimage"},"thumbnailUrl":"https:\/\/www.adryco.com\/wp-content\/uploads\/2015\/11\/featured_oficinas_65396910_S.jpg","datePublished":"2015-11-16T16:48:55+00:00","dateModified":"2015-11-25T15:31:58+00:00","author":{"@id":"https:\/\/www.adryco.com\/#\/schema\/person\/3c77fbe6f15c85a33638d67b3f9396ac"},"breadcrumb":{"@id":"http:\/\/www.adryco.com\/?p=53#breadcrumb"},"inLanguage":"en-US","potentialAction":[{"@type":"ReadAction","target":["http:\/\/www.adryco.com\/?p=53"]}]},{"@type":"ImageObject","inLanguage":"en-US","@id":"http:\/\/www.adryco.com\/?p=53#primaryimage","url":"https:\/\/www.adryco.com\/wp-content\/uploads\/2015\/11\/featured_oficinas_65396910_S.jpg","contentUrl":"https:\/\/www.adryco.com\/wp-content\/uploads\/2015\/11\/featured_oficinas_65396910_S.jpg","width":862,"height":557,"caption":"Oficinas y despachos"},{"@type":"BreadcrumbList","@id":"http:\/\/www.adryco.com\/?p=53#breadcrumb","itemListElement":[{"@type":"ListItem","position":1,"name":"Home","item":"https:\/\/www.adryco.com\/"},{"@type":"ListItem","position":2,"name":"Oficinas"}]},{"@type":"WebSite","@id":"https:\/\/www.adryco.com\/#website","url":"https:\/\/www.adryco.com\/","name":"Reforma 3","description":"Reformas integrales de calidad","potentialAction":[{"@type":"SearchAction","target":{"@type":"EntryPoint","urlTemplate":"https:\/\/www.adryco.com\/?s={search_term_string}"},"query-input":{"@type":"PropertyValueSpecification","valueRequired":true,"valueName":"search_term_string"}}],"inLanguage":"en-US"},{"@type":"Person","@id":"https:\/\/www.adryco.com\/#\/schema\/person\/3c77fbe6f15c85a33638d67b3f9396ac","name":"Reforma3","image":{"@type":"ImageObject","inLanguage":"en-US","@id":"https:\/\/www.adryco.com\/#\/schema\/person\/image\/","url":"https:\/\/secure.gravatar.com\/avatar\/a348d475982855086635727202970dd01829aac6a683f18f180c8e305fc2118e?s=96&d=mm&r=g","contentUrl":"https:\/\/secure.gravatar.com\/avatar\/a348d475982855086635727202970dd01829aac6a683f18f180c8e305fc2118e?s=96&d=mm&r=g","caption":"Reforma3"},"url":"https:\/\/www.adryco.com\/?author=1"}]}},"_links":{"self":[{"href":"https:\/\/www.adryco.com\/index.php?rest_route=\/wp\/v2\/posts\/53","targetHints":{"allow":["GET"]}}],"collection":[{"href":"https:\/\/www.adryco.com\/index.php?rest_route=\/wp\/v2\/posts"}],"about":[{"href":"https:\/\/www.adryco.com\/index.php?rest_route=\/wp\/v2\/types\/post"}],"author":[{"embeddable":true,"href":"https:\/\/www.adryco.com\/index.php?rest_route=\/wp\/v2\/users\/1"}],"replies":[{"embeddable":true,"href":"https:\/\/www.adryco.com\/index.php?rest_route=%2Fwp%2Fv2%2Fcomments&post=53"}],"version-history":[{"count":5,"href":"https:\/\/www.adryco.com\/index.php?rest_route=\/wp\/v2\/posts\/53\/revisions"}],"predecessor-version":[{"id":661,"href":"https:\/\/www.adryco.com\/index.php?rest_route=\/wp\/v2\/posts\/53\/revisions\/661"}],"wp:featuredmedia":[{"embeddable":true,"href":"https:\/\/www.adryco.com\/index.php?rest_route=\/wp\/v2\/media\/121"}],"wp:attachment":[{"href":"https:\/\/www.adryco.com\/index.php?rest_route=%2Fwp%2Fv2%2Fmedia&parent=53"}],"wp:term":[{"taxonomy":"category","embeddable":true,"href":"https:\/\/www.adryco.com\/index.php?rest_route=%2Fwp%2Fv2%2Fcategories&post=53"},{"taxonomy":"post_tag","embeddable":true,"href":"https:\/\/www.adryco.com\/index.php?rest_route=%2Fwp%2Fv2%2Ftags&post=53"}],"curies":[{"name":"wp","href":"https:\/\/api.w.org\/{rel}","templated":true}]}}