{"id":978,"date":"2015-12-18T12:52:07","date_gmt":"2015-12-18T11:52:07","guid":{"rendered":"http:\/\/www.adryco.com\/?p=978"},"modified":"2016-04-25T18:46:35","modified_gmt":"2016-04-25T16:46:35","slug":"ampliacion-de-chalet-con-porche-y-piscina","status":"publish","type":"post","link":"https:\/\/www.adryco.com\/?p=978","title":{"rendered":"Caso real: Ampliaci\u00f3n de chalet con porche y piscina"},"content":{"rendered":"<p>Francisco tiene una fant\u00e1stica casa unifamiliar con parcela. Sin embargo echaba de menos el poder sacar m\u00e1s partido a su parcela y disfrutar de la vida al aire libre.<\/p>\n<p>Por ese motivo decidi\u00f3 acometer la construcci\u00f3n de una piscina en la parcela. Para disfrutar al m\u00e1ximo durante los meses de verano era casi imprescindible construir un porche adosado a la casa donde poder refugiarse del calor entre ba\u00f1o y ba\u00f1o as\u00ed como disfrutar de comidas y cenas al aire libre.<\/p>\n<figure id=\"attachment_995\" aria-describedby=\"caption-attachment-995\" style=\"width: 440px\" class=\"wp-caption aligncenter\"><img loading=\"lazy\" decoding=\"async\" class=\"size-full wp-image-995\" src=\"http:\/\/www.adryco.com\/wp-content\/uploads\/2016\/04\/01-ampli.jpg\" alt=\"Ampliaci\u00f3n porche y cubierta de chalet unifamiliar\" width=\"440\" height=\"329\" srcset=\"https:\/\/www.adryco.com\/wp-content\/uploads\/2016\/04\/01-ampli.jpg 440w, https:\/\/www.adryco.com\/wp-content\/uploads\/2016\/04\/01-ampli-300x224.jpg 300w\" sizes=\"auto, (max-width: 440px) 100vw, 440px\" \/><figcaption id=\"caption-attachment-995\" class=\"wp-caption-text\">Ampliaci\u00f3n porche y cubierta de chalet unifamiliar<\/figcaption><\/figure>\n<p><img loading=\"lazy\" decoding=\"async\" class=\"aligncenter size-full wp-image-998\" src=\"http:\/\/www.adryco.com\/wp-content\/uploads\/2015\/12\/02-ampli.jpg\" alt=\"Obras de piscina en chalet\" width=\"440\" height=\"329\" srcset=\"https:\/\/www.adryco.com\/wp-content\/uploads\/2015\/12\/02-ampli.jpg 440w, https:\/\/www.adryco.com\/wp-content\/uploads\/2015\/12\/02-ampli-300x224.jpg 300w\" sizes=\"auto, (max-width: 440px) 100vw, 440px\" \/><\/p>\n<p>Dada la magnitud de la obra y que la construcci\u00f3n del porche requer\u00eda hacer una ampliaci\u00f3n de la vivienda Francisco ten\u00eda algunas inquietudes:<\/p>\n<ul>\n<li>Para construir el porche ten\u00eda que ampliar la estructura de la casa y no quer\u00eda que dichas obras pudieran afectar peligrosamente a su vivienda. Hab\u00eda o\u00eddo hablar de casos en los que por hacer una ampliaci\u00f3n una estructura luego hab\u00edan aparecido grietas en la propia vivienda.<\/li>\n<li>Ten\u00eda dudas sobre si el terreno sobre el que hab\u00eda que construir la ampliaci\u00f3n era lo suficientemente s\u00f3lido como para hacerla o no.<\/li>\n<li>Por otro lado no sab\u00eda si para la obra que ten\u00eda que acometer ten\u00eda que pedir una Licencia en el Ayuntamiento o no era necesario.<\/li>\n<\/ul>\n<p>Por encima de todo Francisco quer\u00eda estar tranquilo en todo el proceso. No quer\u00eda que lo que ten\u00eda que ser un disfrute se convirtiera en una pesadilla. Por ese motivo tomo la determinaci\u00f3n de ponerse en manos de una empresa profesional que le ofreciera el soporte t\u00e9cnico, asesoramiento y las garant\u00edas que un trabajo de dicha dificultad requer\u00eda. Francisco se puso en manos de los profesionales de Adryco.<\/p>\n<p>Previo a la construcci\u00f3n Adryco aport\u00f3 todos los c\u00e1lculos necesarios para el dise\u00f1o del porche e hizo los an\u00e1lisis requeridos en el terreno para asegurarse de que era adecuado para la construcci\u00f3n que se iba a realizar.<\/p>\n<p>Durante la fase de construcci\u00f3n Francisco descans\u00f3 tranquilo. La profesionalidad en la manera de actuar de Adryco no le dejaba la m\u00e1s m\u00ednima duda. Los t\u00e9cnicos de Adryco supervisaban los trabajos peri\u00f3dicamente.<\/p>\n<p>El resultado final fue espectacular. Francisco y su familia disfrutan ahora de una fant\u00e1stica piscina tipo Munich, unida mediante un solado perimetral a la ampliaci\u00f3n del porche de su vivienda, y durante los meses de primavera y verano disfrutan diariamente de hacer vida al aire libre.<\/p>\n<p><img loading=\"lazy\" decoding=\"async\" class=\"aligncenter size-full wp-image-996\" src=\"http:\/\/www.adryco.com\/wp-content\/uploads\/2016\/04\/03-ampli.jpg\" alt=\"Piscina en chalet unifamiliar en Madrid\" width=\"440\" height=\"329\" srcset=\"https:\/\/www.adryco.com\/wp-content\/uploads\/2016\/04\/03-ampli.jpg 440w, https:\/\/www.adryco.com\/wp-content\/uploads\/2016\/04\/03-ampli-300x224.jpg 300w\" sizes=\"auto, (max-width: 440px) 100vw, 440px\" \/><\/p>\n<figure id=\"attachment_999\" aria-describedby=\"caption-attachment-999\" style=\"width: 440px\" class=\"wp-caption aligncenter\"><img loading=\"lazy\" decoding=\"async\" class=\"size-full wp-image-999\" src=\"http:\/\/www.adryco.com\/wp-content\/uploads\/2015\/12\/04-ampli.jpg\" alt=\"Reforma de porche y piscina en chalet unifamiliar Madrid\" width=\"440\" height=\"329\" srcset=\"https:\/\/www.adryco.com\/wp-content\/uploads\/2015\/12\/04-ampli.jpg 440w, https:\/\/www.adryco.com\/wp-content\/uploads\/2015\/12\/04-ampli-300x224.jpg 300w\" sizes=\"auto, (max-width: 440px) 100vw, 440px\" \/><figcaption id=\"caption-attachment-999\" class=\"wp-caption-text\">Reforma de porche y piscina en chalet unifamiliar Madrid<\/figcaption><\/figure>\n<p>Gracias a los c\u00e1lculos y estudios previos realizados por los t\u00e9cnicos de Adryco y al esmerado seguimiento y control de calidad de la ejecuci\u00f3n de los trabajos, la construcci\u00f3n se asienta firmemente sobre el terreno y permite a Francisco disfrutarla sin miedos ni preocupaciones.<\/p>\n","protected":false},"excerpt":{"rendered":"<p>Francisco tiene una fant\u00e1stica casa unifamiliar con parcela. Sin embargo echaba de menos el poder sacar m\u00e1s partido a su parcela y disfrutar de la vida al aire libre. Por ese motivo decidi\u00f3 acometer la construcci\u00f3n de una piscina en la parcela. Para disfrutar al m\u00e1ximo durante los meses de verano era casi imprescindible construir [&hellip;]<\/p>\n","protected":false},"author":1,"featured_media":0,"comment_status":"open","ping_status":"open","sticky":false,"template":"","format":"standard","meta":{"_monsterinsights_skip_tracking":false,"_monsterinsights_sitenote_active":false,"_monsterinsights_sitenote_note":"","_monsterinsights_sitenote_category":0,"footnotes":""},"categories":[3],"tags":[],"class_list":{"0":"post-978","1":"post","2":"type-post","3":"status-publish","4":"format-standard","6":"category-ideas-para-tu-reforma","7":"entry","8":"has-post-thumbnail"},"yoast_head":"<!-- This site is optimized with the Yoast SEO plugin v26.6 - https:\/\/yoast.com\/wordpress\/plugins\/seo\/ -->\n<title>Caso real: Ampliaci\u00f3n de chalet con porche y piscina - Reforma 3<\/title>\n<meta name=\"robots\" content=\"index, follow, max-snippet:-1, max-image-preview:large, max-video-preview:-1\" \/>\n<link rel=\"canonical\" href=\"https:\/\/www.adryco.com\/?p=978\" \/>\n<meta property=\"og:locale\" content=\"en_US\" \/>\n<meta property=\"og:type\" content=\"article\" \/>\n<meta property=\"og:title\" content=\"Caso real: Ampliaci\u00f3n de chalet con porche y piscina - Reforma 3\" \/>\n<meta property=\"og:description\" content=\"Francisco tiene una fant\u00e1stica casa unifamiliar con parcela. Sin embargo echaba de menos el poder sacar m\u00e1s partido a su parcela y disfrutar de la vida al aire libre. Por ese motivo decidi\u00f3 acometer la construcci\u00f3n de una piscina en la parcela. Para disfrutar al m\u00e1ximo durante los meses de verano era casi imprescindible construir [&hellip;]\" \/>\n<meta property=\"og:url\" content=\"https:\/\/www.adryco.com\/?p=978\" \/>\n<meta property=\"og:site_name\" content=\"Reforma 3\" \/>\n<meta property=\"article:published_time\" content=\"2015-12-18T11:52:07+00:00\" \/>\n<meta property=\"article:modified_time\" content=\"2016-04-25T16:46:35+00:00\" \/>\n<meta property=\"og:image\" content=\"http:\/\/www.adryco.com\/wp-content\/uploads\/2016\/04\/01-ampli.jpg\" \/>\n<meta name=\"author\" content=\"Reforma3\" \/>\n<meta name=\"twitter:card\" content=\"summary_large_image\" \/>\n<meta name=\"twitter:label1\" content=\"Written by\" \/>\n\t<meta name=\"twitter:data1\" content=\"Reforma3\" \/>\n\t<meta name=\"twitter:label2\" content=\"Est. reading time\" \/>\n\t<meta name=\"twitter:data2\" content=\"3 minutes\" \/>\n<script type=\"application\/ld+json\" class=\"yoast-schema-graph\">{\"@context\":\"https:\/\/schema.org\",\"@graph\":[{\"@type\":\"WebPage\",\"@id\":\"https:\/\/www.adryco.com\/?p=978\",\"url\":\"https:\/\/www.adryco.com\/?p=978\",\"name\":\"Caso real: Ampliaci\u00f3n de chalet con porche y piscina - Reforma 3\",\"isPartOf\":{\"@id\":\"https:\/\/www.adryco.com\/#website\"},\"primaryImageOfPage\":{\"@id\":\"https:\/\/www.adryco.com\/?p=978#primaryimage\"},\"image\":{\"@id\":\"https:\/\/www.adryco.com\/?p=978#primaryimage\"},\"thumbnailUrl\":\"http:\/\/www.adryco.com\/wp-content\/uploads\/2016\/04\/01-ampli.jpg\",\"datePublished\":\"2015-12-18T11:52:07+00:00\",\"dateModified\":\"2016-04-25T16:46:35+00:00\",\"author\":{\"@id\":\"https:\/\/www.adryco.com\/#\/schema\/person\/3c77fbe6f15c85a33638d67b3f9396ac\"},\"breadcrumb\":{\"@id\":\"https:\/\/www.adryco.com\/?p=978#breadcrumb\"},\"inLanguage\":\"en-US\",\"potentialAction\":[{\"@type\":\"ReadAction\",\"target\":[\"https:\/\/www.adryco.com\/?p=978\"]}]},{\"@type\":\"ImageObject\",\"inLanguage\":\"en-US\",\"@id\":\"https:\/\/www.adryco.com\/?p=978#primaryimage\",\"url\":\"https:\/\/www.adryco.com\/wp-content\/uploads\/2016\/04\/01-ampli.jpg\",\"contentUrl\":\"https:\/\/www.adryco.com\/wp-content\/uploads\/2016\/04\/01-ampli.jpg\",\"width\":440,\"height\":329,\"caption\":\"Ampliaci\u00f3n porche y cubierta de chalet unifamiliar\"},{\"@type\":\"BreadcrumbList\",\"@id\":\"https:\/\/www.adryco.com\/?p=978#breadcrumb\",\"itemListElement\":[{\"@type\":\"ListItem\",\"position\":1,\"name\":\"Home\",\"item\":\"https:\/\/www.adryco.com\/\"},{\"@type\":\"ListItem\",\"position\":2,\"name\":\"Caso real: Ampliaci\u00f3n de chalet con porche y piscina\"}]},{\"@type\":\"WebSite\",\"@id\":\"https:\/\/www.adryco.com\/#website\",\"url\":\"https:\/\/www.adryco.com\/\",\"name\":\"Reforma 3\",\"description\":\"Reformas integrales de calidad\",\"potentialAction\":[{\"@type\":\"SearchAction\",\"target\":{\"@type\":\"EntryPoint\",\"urlTemplate\":\"https:\/\/www.adryco.com\/?s={search_term_string}\"},\"query-input\":{\"@type\":\"PropertyValueSpecification\",\"valueRequired\":true,\"valueName\":\"search_term_string\"}}],\"inLanguage\":\"en-US\"},{\"@type\":\"Person\",\"@id\":\"https:\/\/www.adryco.com\/#\/schema\/person\/3c77fbe6f15c85a33638d67b3f9396ac\",\"name\":\"Reforma3\",\"image\":{\"@type\":\"ImageObject\",\"inLanguage\":\"en-US\",\"@id\":\"https:\/\/www.adryco.com\/#\/schema\/person\/image\/\",\"url\":\"https:\/\/secure.gravatar.com\/avatar\/a348d475982855086635727202970dd01829aac6a683f18f180c8e305fc2118e?s=96&d=mm&r=g\",\"contentUrl\":\"https:\/\/secure.gravatar.com\/avatar\/a348d475982855086635727202970dd01829aac6a683f18f180c8e305fc2118e?s=96&d=mm&r=g\",\"caption\":\"Reforma3\"},\"url\":\"https:\/\/www.adryco.com\/?author=1\"}]}<\/script>\n<!-- \/ Yoast SEO plugin. -->","yoast_head_json":{"title":"Caso real: Ampliaci\u00f3n de chalet con porche y piscina - Reforma 3","robots":{"index":"index","follow":"follow","max-snippet":"max-snippet:-1","max-image-preview":"max-image-preview:large","max-video-preview":"max-video-preview:-1"},"canonical":"https:\/\/www.adryco.com\/?p=978","og_locale":"en_US","og_type":"article","og_title":"Caso real: Ampliaci\u00f3n de chalet con porche y piscina - Reforma 3","og_description":"Francisco tiene una fant\u00e1stica casa unifamiliar con parcela. Sin embargo echaba de menos el poder sacar m\u00e1s partido a su parcela y disfrutar de la vida al aire libre. Por ese motivo decidi\u00f3 acometer la construcci\u00f3n de una piscina en la parcela. Para disfrutar al m\u00e1ximo durante los meses de verano era casi imprescindible construir [&hellip;]","og_url":"https:\/\/www.adryco.com\/?p=978","og_site_name":"Reforma 3","article_published_time":"2015-12-18T11:52:07+00:00","article_modified_time":"2016-04-25T16:46:35+00:00","og_image":[{"url":"http:\/\/www.adryco.com\/wp-content\/uploads\/2016\/04\/01-ampli.jpg","type":"","width":"","height":""}],"author":"Reforma3","twitter_card":"summary_large_image","twitter_misc":{"Written by":"Reforma3","Est. reading time":"3 minutes"},"schema":{"@context":"https:\/\/schema.org","@graph":[{"@type":"WebPage","@id":"https:\/\/www.adryco.com\/?p=978","url":"https:\/\/www.adryco.com\/?p=978","name":"Caso real: Ampliaci\u00f3n de chalet con porche y piscina - Reforma 3","isPartOf":{"@id":"https:\/\/www.adryco.com\/#website"},"primaryImageOfPage":{"@id":"https:\/\/www.adryco.com\/?p=978#primaryimage"},"image":{"@id":"https:\/\/www.adryco.com\/?p=978#primaryimage"},"thumbnailUrl":"http:\/\/www.adryco.com\/wp-content\/uploads\/2016\/04\/01-ampli.jpg","datePublished":"2015-12-18T11:52:07+00:00","dateModified":"2016-04-25T16:46:35+00:00","author":{"@id":"https:\/\/www.adryco.com\/#\/schema\/person\/3c77fbe6f15c85a33638d67b3f9396ac"},"breadcrumb":{"@id":"https:\/\/www.adryco.com\/?p=978#breadcrumb"},"inLanguage":"en-US","potentialAction":[{"@type":"ReadAction","target":["https:\/\/www.adryco.com\/?p=978"]}]},{"@type":"ImageObject","inLanguage":"en-US","@id":"https:\/\/www.adryco.com\/?p=978#primaryimage","url":"https:\/\/www.adryco.com\/wp-content\/uploads\/2016\/04\/01-ampli.jpg","contentUrl":"https:\/\/www.adryco.com\/wp-content\/uploads\/2016\/04\/01-ampli.jpg","width":440,"height":329,"caption":"Ampliaci\u00f3n porche y cubierta de chalet unifamiliar"},{"@type":"BreadcrumbList","@id":"https:\/\/www.adryco.com\/?p=978#breadcrumb","itemListElement":[{"@type":"ListItem","position":1,"name":"Home","item":"https:\/\/www.adryco.com\/"},{"@type":"ListItem","position":2,"name":"Caso real: Ampliaci\u00f3n de chalet con porche y piscina"}]},{"@type":"WebSite","@id":"https:\/\/www.adryco.com\/#website","url":"https:\/\/www.adryco.com\/","name":"Reforma 3","description":"Reformas integrales de calidad","potentialAction":[{"@type":"SearchAction","target":{"@type":"EntryPoint","urlTemplate":"https:\/\/www.adryco.com\/?s={search_term_string}"},"query-input":{"@type":"PropertyValueSpecification","valueRequired":true,"valueName":"search_term_string"}}],"inLanguage":"en-US"},{"@type":"Person","@id":"https:\/\/www.adryco.com\/#\/schema\/person\/3c77fbe6f15c85a33638d67b3f9396ac","name":"Reforma3","image":{"@type":"ImageObject","inLanguage":"en-US","@id":"https:\/\/www.adryco.com\/#\/schema\/person\/image\/","url":"https:\/\/secure.gravatar.com\/avatar\/a348d475982855086635727202970dd01829aac6a683f18f180c8e305fc2118e?s=96&d=mm&r=g","contentUrl":"https:\/\/secure.gravatar.com\/avatar\/a348d475982855086635727202970dd01829aac6a683f18f180c8e305fc2118e?s=96&d=mm&r=g","caption":"Reforma3"},"url":"https:\/\/www.adryco.com\/?author=1"}]}},"_links":{"self":[{"href":"https:\/\/www.adryco.com\/index.php?rest_route=\/wp\/v2\/posts\/978","targetHints":{"allow":["GET"]}}],"collection":[{"href":"https:\/\/www.adryco.com\/index.php?rest_route=\/wp\/v2\/posts"}],"about":[{"href":"https:\/\/www.adryco.com\/index.php?rest_route=\/wp\/v2\/types\/post"}],"author":[{"embeddable":true,"href":"https:\/\/www.adryco.com\/index.php?rest_route=\/wp\/v2\/users\/1"}],"replies":[{"embeddable":true,"href":"https:\/\/www.adryco.com\/index.php?rest_route=%2Fwp%2Fv2%2Fcomments&post=978"}],"version-history":[{"count":5,"href":"https:\/\/www.adryco.com\/index.php?rest_route=\/wp\/v2\/posts\/978\/revisions"}],"predecessor-version":[{"id":1000,"href":"https:\/\/www.adryco.com\/index.php?rest_route=\/wp\/v2\/posts\/978\/revisions\/1000"}],"wp:attachment":[{"href":"https:\/\/www.adryco.com\/index.php?rest_route=%2Fwp%2Fv2%2Fmedia&parent=978"}],"wp:term":[{"taxonomy":"category","embeddable":true,"href":"https:\/\/www.adryco.com\/index.php?rest_route=%2Fwp%2Fv2%2Fcategories&post=978"},{"taxonomy":"post_tag","embeddable":true,"href":"https:\/\/www.adryco.com\/index.php?rest_route=%2Fwp%2Fv2%2Ftags&post=978"}],"curies":[{"name":"wp","href":"https:\/\/api.w.org\/{rel}","templated":true}]}}