{"id":981,"date":"2015-12-18T12:53:19","date_gmt":"2015-12-18T11:53:19","guid":{"rendered":"http:\/\/www.adryco.com\/?p=981"},"modified":"2016-04-25T18:40:56","modified_gmt":"2016-04-25T16:40:56","slug":"caso-real-da-mas-luz-tu-vivienda","status":"publish","type":"post","link":"https:\/\/www.adryco.com\/?p=981","title":{"rendered":"Caso real: Da m\u00e1s luz a tu vivienda"},"content":{"rendered":"<p>Carolina vive en un chalet pareado y su sal\u00f3n da a la parte trasera de su parcela. Siempre quiso vivir en una casa luminosa en la que pudiera disfrutar de la vida que ofrece la luz natural a las viviendas.<\/p>\n<p>Ten\u00eda una idea. Si ampliaba considerablemente los huecos de las ventanas de su cocina, comedor y sal\u00f3n podr\u00eda disfrutar de m\u00e1s luz natural y por supuesto de la fant\u00e1stica vista de la parte de atr\u00e1s de su parcela.<br \/>\nImaginaba lo confortable que pod\u00eda ser estar dentro de su casa, con el confort de la climatizaci\u00f3n pero sin renunciar a una iluminaci\u00f3n 100% natural durante el d\u00eda.<\/p>\n<figure id=\"attachment_991\" aria-describedby=\"caption-attachment-991\" style=\"width: 440px\" class=\"wp-caption aligncenter\"><img loading=\"lazy\" decoding=\"async\" class=\"wp-image-991 size-full\" src=\"http:\/\/www.adryco.com\/wp-content\/uploads\/2016\/04\/panorama6_440px.jpg\" alt=\"Ampliaci\u00f3n ventanal sal\u00f3n\" width=\"440\" height=\"575\" srcset=\"https:\/\/www.adryco.com\/wp-content\/uploads\/2016\/04\/panorama6_440px.jpg 440w, https:\/\/www.adryco.com\/wp-content\/uploads\/2016\/04\/panorama6_440px-230x300.jpg 230w\" sizes=\"auto, (max-width: 440px) 100vw, 440px\" \/><figcaption id=\"caption-attachment-991\" class=\"wp-caption-text\">Ampliaci\u00f3n ventanal sal\u00f3n<\/figcaption><\/figure>\n<p>Desde que compr\u00f3 su casa la idea de hacer su sue\u00f1o realidad le hab\u00eda pasado por la cabeza y aunque no ten\u00eda mucha idea de obras, imaginaba que lo que quer\u00eda hacer no era cosa f\u00e1cil:<\/p>\n<ul>\n<li>Dudaba si las paredes que quer\u00eda tirar para agrandar las ventanas eran paredes de carga o no.<\/li>\n<li>Si la obra no se hac\u00eda bien pod\u00eda derrumbarse parte de la fachada de su casa desde la planta m\u00e1s baja hasta la m\u00e1s alta.<\/li>\n<li>\u00bfSer\u00eda posible hacer los huecos de ventanas tan grandes sin afectar al resto de la estructura o la fachada de su casa?. \u00bfY c\u00f3mo se hace?<\/li>\n<\/ul>\n<p>Carolina no quer\u00eda arriesgar el bienestar suyo y de su familia. Quer\u00eda estar tranquila. Por ese motivo tomo la determinaci\u00f3n de ponerse en manos de una empresa profesional que le ofreciera el soporte t\u00e9cnico, asesoramiento y las garant\u00edas que un trabajo de dicha dificultad requer\u00eda. Carolina se puso en manos de los profesionales de Adryco.<\/p>\n<p>Antes de empezar las obras varios t\u00e9cnicos de Adryco visitaron la vivienda e hicieron las inspecciones de fachada y pruebas necesarias para asegurarse de que la idea de Carolina se pod\u00eda materializar. Analizaron la estructura de la vivienda y estudiaron cual era la soluci\u00f3n m\u00e1s adecuada para realizar los trabajos.<\/p>\n<figure id=\"attachment_990\" aria-describedby=\"caption-attachment-990\" style=\"width: 440px\" class=\"wp-caption aligncenter\"><img loading=\"lazy\" decoding=\"async\" class=\"size-full wp-image-990\" src=\"http:\/\/www.adryco.com\/wp-content\/uploads\/2016\/04\/panorama7_440px.jpg\" alt=\"Reforma ventanas sal\u00f3n chalet\" width=\"440\" height=\"508\" srcset=\"https:\/\/www.adryco.com\/wp-content\/uploads\/2016\/04\/panorama7_440px.jpg 440w, https:\/\/www.adryco.com\/wp-content\/uploads\/2016\/04\/panorama7_440px-260x300.jpg 260w\" sizes=\"auto, (max-width: 440px) 100vw, 440px\" \/><figcaption id=\"caption-attachment-990\" class=\"wp-caption-text\">Reforma ventanas sal\u00f3n chalet<\/figcaption><\/figure>\n<p>Carolina disfrut\u00f3 de ver como se ejecutaban los trabajos d\u00eda a d\u00eda. Los t\u00e9cnicos de Adryco supervisaban los trabajos con la frecuencia que era necesaria y estaba claro que sab\u00edan lo que hac\u00edan.<\/p>\n<p>Tras finalizar los trabajos el resultado fue mejor incluso de lo que hab\u00eda imaginado. En invierno la luz del sol entraba por sus nuevos ventanales del comedor d\u00e1ndole una agradable sensaci\u00f3n de confort. Por las noches pod\u00eda incluso ver las estrellas desde su sal\u00f3n.<\/p>\n<figure id=\"attachment_989\" aria-describedby=\"caption-attachment-989\" style=\"width: 440px\" class=\"wp-caption aligncenter\"><img loading=\"lazy\" decoding=\"async\" class=\"size-full wp-image-989\" src=\"http:\/\/www.adryco.com\/wp-content\/uploads\/2016\/04\/fachada1_440px.jpg\" alt=\"Ampliaci\u00f3n huecos fachada chalet en Madrid\" width=\"440\" height=\"581\" srcset=\"https:\/\/www.adryco.com\/wp-content\/uploads\/2016\/04\/fachada1_440px.jpg 440w, https:\/\/www.adryco.com\/wp-content\/uploads\/2016\/04\/fachada1_440px-227x300.jpg 227w\" sizes=\"auto, (max-width: 440px) 100vw, 440px\" \/><figcaption id=\"caption-attachment-989\" class=\"wp-caption-text\">Ampliaci\u00f3n huecos fachada chalet en Madrid<\/figcaption><\/figure>\n<p>Gracias al esmerado trabajo de los t\u00e9cnicos de Adryco y al exquisito control durante la obra, la fachada se apoya firmemente sobre la estructura de la casa y permite disfrutar a Carolina y a su familia de grandes ventanales con vistas a su jard\u00edn.<\/p>\n","protected":false},"excerpt":{"rendered":"<p>Carolina vive en un chalet pareado y su sal\u00f3n da a la parte trasera de su parcela. Siempre quiso vivir en una casa luminosa en la que pudiera disfrutar de la vida que ofrece la luz natural a las viviendas. Ten\u00eda una idea. Si ampliaba considerablemente los huecos de las ventanas de su cocina, comedor [&hellip;]<\/p>\n","protected":false},"author":1,"featured_media":0,"comment_status":"open","ping_status":"open","sticky":false,"template":"","format":"standard","meta":{"_monsterinsights_skip_tracking":false,"_monsterinsights_sitenote_active":false,"_monsterinsights_sitenote_note":"","_monsterinsights_sitenote_category":0,"footnotes":""},"categories":[3],"tags":[],"class_list":{"0":"post-981","1":"post","2":"type-post","3":"status-publish","4":"format-standard","6":"category-ideas-para-tu-reforma","7":"entry","8":"has-post-thumbnail"},"yoast_head":"<!-- This site is optimized with the Yoast SEO plugin v26.6 - https:\/\/yoast.com\/wordpress\/plugins\/seo\/ -->\n<title>Caso real: Da m\u00e1s luz a tu vivienda - Reforma 3<\/title>\n<meta name=\"robots\" content=\"index, follow, max-snippet:-1, max-image-preview:large, max-video-preview:-1\" \/>\n<link rel=\"canonical\" href=\"http:\/\/www.adryco.com\/?p=981\" \/>\n<meta property=\"og:locale\" content=\"en_US\" \/>\n<meta property=\"og:type\" content=\"article\" \/>\n<meta property=\"og:title\" content=\"Caso real: Da m\u00e1s luz a tu vivienda - Reforma 3\" \/>\n<meta property=\"og:description\" content=\"Carolina vive en un chalet pareado y su sal\u00f3n da a la parte trasera de su parcela. Siempre quiso vivir en una casa luminosa en la que pudiera disfrutar de la vida que ofrece la luz natural a las viviendas. Ten\u00eda una idea. Si ampliaba considerablemente los huecos de las ventanas de su cocina, comedor [&hellip;]\" \/>\n<meta property=\"og:url\" content=\"http:\/\/www.adryco.com\/?p=981\" \/>\n<meta property=\"og:site_name\" content=\"Reforma 3\" \/>\n<meta property=\"article:published_time\" content=\"2015-12-18T11:53:19+00:00\" \/>\n<meta property=\"article:modified_time\" content=\"2016-04-25T16:40:56+00:00\" \/>\n<meta property=\"og:image\" content=\"http:\/\/www.adryco.com\/wp-content\/uploads\/2016\/04\/panorama6_440px.jpg\" \/>\n<meta name=\"author\" content=\"Reforma3\" \/>\n<meta name=\"twitter:card\" content=\"summary_large_image\" \/>\n<meta name=\"twitter:label1\" content=\"Written by\" \/>\n\t<meta name=\"twitter:data1\" content=\"Reforma3\" \/>\n\t<meta name=\"twitter:label2\" content=\"Est. reading time\" \/>\n\t<meta name=\"twitter:data2\" content=\"3 minutes\" \/>\n<script type=\"application\/ld+json\" class=\"yoast-schema-graph\">{\"@context\":\"https:\/\/schema.org\",\"@graph\":[{\"@type\":\"WebPage\",\"@id\":\"http:\/\/www.adryco.com\/?p=981\",\"url\":\"http:\/\/www.adryco.com\/?p=981\",\"name\":\"Caso real: Da m\u00e1s luz a tu vivienda - Reforma 3\",\"isPartOf\":{\"@id\":\"https:\/\/www.adryco.com\/#website\"},\"primaryImageOfPage\":{\"@id\":\"http:\/\/www.adryco.com\/?p=981#primaryimage\"},\"image\":{\"@id\":\"http:\/\/www.adryco.com\/?p=981#primaryimage\"},\"thumbnailUrl\":\"http:\/\/www.adryco.com\/wp-content\/uploads\/2016\/04\/panorama6_440px.jpg\",\"datePublished\":\"2015-12-18T11:53:19+00:00\",\"dateModified\":\"2016-04-25T16:40:56+00:00\",\"author\":{\"@id\":\"https:\/\/www.adryco.com\/#\/schema\/person\/3c77fbe6f15c85a33638d67b3f9396ac\"},\"breadcrumb\":{\"@id\":\"http:\/\/www.adryco.com\/?p=981#breadcrumb\"},\"inLanguage\":\"en-US\",\"potentialAction\":[{\"@type\":\"ReadAction\",\"target\":[\"http:\/\/www.adryco.com\/?p=981\"]}]},{\"@type\":\"ImageObject\",\"inLanguage\":\"en-US\",\"@id\":\"http:\/\/www.adryco.com\/?p=981#primaryimage\",\"url\":\"https:\/\/www.adryco.com\/wp-content\/uploads\/2016\/04\/panorama6_440px.jpg\",\"contentUrl\":\"https:\/\/www.adryco.com\/wp-content\/uploads\/2016\/04\/panorama6_440px.jpg\",\"width\":440,\"height\":575,\"caption\":\"Ampliaci\u00f3n ventanal sal\u00f3n\"},{\"@type\":\"BreadcrumbList\",\"@id\":\"http:\/\/www.adryco.com\/?p=981#breadcrumb\",\"itemListElement\":[{\"@type\":\"ListItem\",\"position\":1,\"name\":\"Home\",\"item\":\"https:\/\/www.adryco.com\/\"},{\"@type\":\"ListItem\",\"position\":2,\"name\":\"Caso real: Da m\u00e1s luz a tu vivienda\"}]},{\"@type\":\"WebSite\",\"@id\":\"https:\/\/www.adryco.com\/#website\",\"url\":\"https:\/\/www.adryco.com\/\",\"name\":\"Reforma 3\",\"description\":\"Reformas integrales de calidad\",\"potentialAction\":[{\"@type\":\"SearchAction\",\"target\":{\"@type\":\"EntryPoint\",\"urlTemplate\":\"https:\/\/www.adryco.com\/?s={search_term_string}\"},\"query-input\":{\"@type\":\"PropertyValueSpecification\",\"valueRequired\":true,\"valueName\":\"search_term_string\"}}],\"inLanguage\":\"en-US\"},{\"@type\":\"Person\",\"@id\":\"https:\/\/www.adryco.com\/#\/schema\/person\/3c77fbe6f15c85a33638d67b3f9396ac\",\"name\":\"Reforma3\",\"image\":{\"@type\":\"ImageObject\",\"inLanguage\":\"en-US\",\"@id\":\"https:\/\/www.adryco.com\/#\/schema\/person\/image\/\",\"url\":\"https:\/\/secure.gravatar.com\/avatar\/a348d475982855086635727202970dd01829aac6a683f18f180c8e305fc2118e?s=96&d=mm&r=g\",\"contentUrl\":\"https:\/\/secure.gravatar.com\/avatar\/a348d475982855086635727202970dd01829aac6a683f18f180c8e305fc2118e?s=96&d=mm&r=g\",\"caption\":\"Reforma3\"},\"url\":\"https:\/\/www.adryco.com\/?author=1\"}]}<\/script>\n<!-- \/ Yoast SEO plugin. -->","yoast_head_json":{"title":"Caso real: Da m\u00e1s luz a tu vivienda - Reforma 3","robots":{"index":"index","follow":"follow","max-snippet":"max-snippet:-1","max-image-preview":"max-image-preview:large","max-video-preview":"max-video-preview:-1"},"canonical":"http:\/\/www.adryco.com\/?p=981","og_locale":"en_US","og_type":"article","og_title":"Caso real: Da m\u00e1s luz a tu vivienda - Reforma 3","og_description":"Carolina vive en un chalet pareado y su sal\u00f3n da a la parte trasera de su parcela. Siempre quiso vivir en una casa luminosa en la que pudiera disfrutar de la vida que ofrece la luz natural a las viviendas. Ten\u00eda una idea. Si ampliaba considerablemente los huecos de las ventanas de su cocina, comedor [&hellip;]","og_url":"http:\/\/www.adryco.com\/?p=981","og_site_name":"Reforma 3","article_published_time":"2015-12-18T11:53:19+00:00","article_modified_time":"2016-04-25T16:40:56+00:00","og_image":[{"url":"http:\/\/www.adryco.com\/wp-content\/uploads\/2016\/04\/panorama6_440px.jpg","type":"","width":"","height":""}],"author":"Reforma3","twitter_card":"summary_large_image","twitter_misc":{"Written by":"Reforma3","Est. reading time":"3 minutes"},"schema":{"@context":"https:\/\/schema.org","@graph":[{"@type":"WebPage","@id":"http:\/\/www.adryco.com\/?p=981","url":"http:\/\/www.adryco.com\/?p=981","name":"Caso real: Da m\u00e1s luz a tu vivienda - Reforma 3","isPartOf":{"@id":"https:\/\/www.adryco.com\/#website"},"primaryImageOfPage":{"@id":"http:\/\/www.adryco.com\/?p=981#primaryimage"},"image":{"@id":"http:\/\/www.adryco.com\/?p=981#primaryimage"},"thumbnailUrl":"http:\/\/www.adryco.com\/wp-content\/uploads\/2016\/04\/panorama6_440px.jpg","datePublished":"2015-12-18T11:53:19+00:00","dateModified":"2016-04-25T16:40:56+00:00","author":{"@id":"https:\/\/www.adryco.com\/#\/schema\/person\/3c77fbe6f15c85a33638d67b3f9396ac"},"breadcrumb":{"@id":"http:\/\/www.adryco.com\/?p=981#breadcrumb"},"inLanguage":"en-US","potentialAction":[{"@type":"ReadAction","target":["http:\/\/www.adryco.com\/?p=981"]}]},{"@type":"ImageObject","inLanguage":"en-US","@id":"http:\/\/www.adryco.com\/?p=981#primaryimage","url":"https:\/\/www.adryco.com\/wp-content\/uploads\/2016\/04\/panorama6_440px.jpg","contentUrl":"https:\/\/www.adryco.com\/wp-content\/uploads\/2016\/04\/panorama6_440px.jpg","width":440,"height":575,"caption":"Ampliaci\u00f3n ventanal sal\u00f3n"},{"@type":"BreadcrumbList","@id":"http:\/\/www.adryco.com\/?p=981#breadcrumb","itemListElement":[{"@type":"ListItem","position":1,"name":"Home","item":"https:\/\/www.adryco.com\/"},{"@type":"ListItem","position":2,"name":"Caso real: Da m\u00e1s luz a tu vivienda"}]},{"@type":"WebSite","@id":"https:\/\/www.adryco.com\/#website","url":"https:\/\/www.adryco.com\/","name":"Reforma 3","description":"Reformas integrales de calidad","potentialAction":[{"@type":"SearchAction","target":{"@type":"EntryPoint","urlTemplate":"https:\/\/www.adryco.com\/?s={search_term_string}"},"query-input":{"@type":"PropertyValueSpecification","valueRequired":true,"valueName":"search_term_string"}}],"inLanguage":"en-US"},{"@type":"Person","@id":"https:\/\/www.adryco.com\/#\/schema\/person\/3c77fbe6f15c85a33638d67b3f9396ac","name":"Reforma3","image":{"@type":"ImageObject","inLanguage":"en-US","@id":"https:\/\/www.adryco.com\/#\/schema\/person\/image\/","url":"https:\/\/secure.gravatar.com\/avatar\/a348d475982855086635727202970dd01829aac6a683f18f180c8e305fc2118e?s=96&d=mm&r=g","contentUrl":"https:\/\/secure.gravatar.com\/avatar\/a348d475982855086635727202970dd01829aac6a683f18f180c8e305fc2118e?s=96&d=mm&r=g","caption":"Reforma3"},"url":"https:\/\/www.adryco.com\/?author=1"}]}},"_links":{"self":[{"href":"https:\/\/www.adryco.com\/index.php?rest_route=\/wp\/v2\/posts\/981","targetHints":{"allow":["GET"]}}],"collection":[{"href":"https:\/\/www.adryco.com\/index.php?rest_route=\/wp\/v2\/posts"}],"about":[{"href":"https:\/\/www.adryco.com\/index.php?rest_route=\/wp\/v2\/types\/post"}],"author":[{"embeddable":true,"href":"https:\/\/www.adryco.com\/index.php?rest_route=\/wp\/v2\/users\/1"}],"replies":[{"embeddable":true,"href":"https:\/\/www.adryco.com\/index.php?rest_route=%2Fwp%2Fv2%2Fcomments&post=981"}],"version-history":[{"count":3,"href":"https:\/\/www.adryco.com\/index.php?rest_route=\/wp\/v2\/posts\/981\/revisions"}],"predecessor-version":[{"id":993,"href":"https:\/\/www.adryco.com\/index.php?rest_route=\/wp\/v2\/posts\/981\/revisions\/993"}],"wp:attachment":[{"href":"https:\/\/www.adryco.com\/index.php?rest_route=%2Fwp%2Fv2%2Fmedia&parent=981"}],"wp:term":[{"taxonomy":"category","embeddable":true,"href":"https:\/\/www.adryco.com\/index.php?rest_route=%2Fwp%2Fv2%2Fcategories&post=981"},{"taxonomy":"post_tag","embeddable":true,"href":"https:\/\/www.adryco.com\/index.php?rest_route=%2Fwp%2Fv2%2Ftags&post=981"}],"curies":[{"name":"wp","href":"https:\/\/api.w.org\/{rel}","templated":true}]}}